{"id":110,"date":"2019-01-08T06:50:33","date_gmt":"2013-10-23T10:03:25","guid":{"rendered":"http:\/\/www.cuidardocorpo.com\/blog?p=110"},"modified":"2019-11-25T17:32:59","modified_gmt":"2019-11-25T17:32:59","slug":"tem-estrias-saiba-mais-sobre-como-prevenir-e-tratar","status":"publish","type":"post","link":"https:\/\/www.cuidardocorpo.com\/blog\/tem-estrias-saiba-mais-sobre-como-prevenir-e-tratar\/","title":{"rendered":"Saiba como prevenir e tratar as estrias"},"content":{"rendered":"<p>As <a href=\"https:\/\/clinicasviver.pt\/estetica-avancada\/tratamentos-de-corpo\/estrias\/\" target=\"_blank\" rel=\"noopener noreferrer\"><strong>estrias<\/strong><\/a> &#8220;atormentam&#8221; muitas mulheres. Em diferentes idades e at\u00e9 com diferentes n\u00edveis de forma f\u00edsica. Mas muitos homens tamb\u00e9m!<\/p>\n<p>As causas das estrias podem ser de diversas origens e aparecer em qualquer altura da sua vida, tal como ap\u00f3s uma gravidez ou perda de peso repetina.<\/p>\n<p>A adolesc\u00eancia nas mulheres \u00e9 a fase mais problem\u00e1tica. A fase de crescimento, as altera\u00e7\u00f5es hormonais e potenciais oscila\u00e7\u00f5es de peso afectam a pele e a elasticidade que ela necessita para responder \u00e0 mudan\u00e7a de forma do corpo.<\/p>\n<h2><strong><img loading=\"lazy\" decoding=\"async\" class=\"alignnone\" style=\"margin: 0px 0px 10px 10px; float: right;\" src=\"\/blog\/wp-content\/uploads\/2014\/10\/estrias.jpg\" alt=\"estrias como tratar e evitar\" width=\"300\" height=\"199\" \/>O que s\u00e3o estrias?<\/strong><\/h2><!-- Dentro do texto --><ins class=\"adsbygoogle\"  style=\"display:inline-block;width:336px;height:280px\"     data-ad-client=\"ca-pub-6281798432166415\"    data-ad-slot=\"5069359289\"><\/ins>\n<p>As fibras el\u00e1sticas, o colag\u00e9neo e a elastina s\u00e3o os elementos chave que sustentam a camada interm\u00e9dia da pele. A <strong>elasticidade e a tonicidade da pele<\/strong> est\u00e1 assegurada por estes elementos.<\/p>\n<p>Por\u00e9m, por vezes acontece que essas fibras el\u00e1sticas rompem por algum motivo e a\u00ed ficam marcas na pele.<\/p>\n<p>De referir que as estrias costumam aparecer tamb\u00e9m em zonas do corpo com mais <strong>tecido adiposo<\/strong>, zonas que mais frequentemente sofrem altera\u00e7\u00f5es de volume.<\/p>\n<p>Estas marcas inest\u00e9ticas podem ter v\u00e1rios &#8220;graus&#8221;, das mais superficiais e recentes, at\u00e9 \u00e0s mais antigas.<\/p>\n<p>As mais escuras, normalmente, s\u00e3o as mais recentes e t\u00eam essa tonalidade pelo derrame causado na pele devido \u00e0 ruptura das fibras el\u00e1sticas.<\/p>\n<p>As mais claras, j\u00e1 ultrapassaram a fase do derrame e j\u00e1 cicatrizaram na pele.<\/p>\n<h2>Como prevenir o aparecimento de estrias durante a gravidez?<\/h2>\n<p>As mulheres t\u00eam a particularidade acrescida de darem \u00e0 luz, logo de terem <strong><a href=\"https:\/\/clinicasviver.pt\/estetica-avancada\/tratamentos-de-corpo\/pos-parto\/\" target=\"_blank\" rel=\"noopener noreferrer\">estrias durante a gesta\u00e7\u00e3o<\/a>.<\/strong><\/p>\n<p><strong>A pele de uma gr\u00e1vida sofre a sua maior muta\u00e7\u00e3o ao 3\u00ba m\u00eas de gravidez.<\/strong> \u00c9 nesta altura que fica mais seca e irritada devido \u00e0 menor capacidade de reten\u00e7\u00e3o de \u00e1gua.<\/p>\n<p>Hidratar em profundidade para aumentar a <strong>elasticidade da pele<\/strong> \u00e9 o \u00fanico segredo para uma pele sem estrias depois da gravidez.<\/p>\n<p>Frequentemente \u00e9 sugerido o uso de creme gordo durante esta fase. Aqui, o objetivo \u00e9 hidratar a pele ao m\u00e1ximo para que o crescimento da barriguinha n\u00e3o provoque rupturas na pele.<\/p>\n<h2>O tratamento depende do tipo e antiguidade das marcas na pele<\/h2>\n<p>O <strong>tipo de estrias <\/strong>influencia o modo de interven\u00e7\u00e3o e a selec\u00e7\u00e3o do procedimento mais eficaz &#8211; dependendo do estado da pele.<\/p>\n<p>O facto destas marcas resultarem da falta de hidrata\u00e7\u00e3o, explica que tenham tend\u00eancia a aparecer em zonas do corpo com as quais nos preocupamos menos em aplicar um creme hidratante.<\/p>\n<p>E estas zonas s\u00e3o as n\u00e1degas, as ancas, o peito e o abd\u00f3men.<\/p>\n<h3>Tratar estrias mais antigas, \u00e9 poss\u00edvel?<\/h3>\n<p>Para gerir as expectativas quanto aos tratamentos, \u00e9 necess\u00e1rio ter presente que as estrias antigas e j\u00e1 instaladas, n\u00e3o se conseguem eliminar ou &#8220;fazer desaparecer&#8221;.<\/p>\n<p><strong>Os tratamentos nas estrias antigas conseguem estreit\u00e1-las<\/strong> e atenuar o seu aspecto acinzentado.<\/p>\n<h3>Tratamento das marcas recentes<\/h3>\n<p>Nas estrias mais recentes (escuras e de tom avermelhado), os tratamentos dispon\u00edveis s\u00e3o mais produtivos porque ainda n\u00e3o houve tempo de cicatrizar definitivamente.<\/p>\n<p>Assim, o processo \u00e9 diminuir o derrame provocado pela ruptura das fibras el\u00e1sticas e promover a produ\u00e7\u00e3o de colag\u00e9nio.<\/p>\n<p>O resultado? Estreitar a marca da <strong>ruptura na pele<\/strong>, ou seja, a estria.<\/p>\n<h2>As linhas inest\u00e9ticas na pele t\u00eam solu\u00e7\u00e3o<\/h2>\n<p>Estas linhas inest\u00e9ticas representam algo que aconteceu no seu corpo. Mas n\u00e3o precisam de ser definitivas e n\u00e3o precisa de passar a vida a escond\u00ea-las.<\/p>\n<p>Se n\u00e3o gosta de ver o seu corpo com estrias, h\u00e1 diversos tratamentos m\u00e9dico-est\u00e9ticos dispon\u00edveis, tais como:<\/p>\n<ul>\n<li>Microdermoabras\u00e3o;<\/li>\n<li>Laser;<\/li>\n<li>Peeling;<\/li>\n<li>Radiofrequ\u00eancia;<\/li>\n<li>Radiofrequ\u00eancia Fraccionada;<\/li>\n<li>Microperfura\u00e7\u00e3o da Pele;<\/li>\n<li>Entre outros.<\/li>\n<\/ul>\n<p>Em caso de d\u00favidas, <a href=\"https:\/\/clinicasviver.pt\/contactos\/\" target=\"_blank\" rel=\"noopener noreferrer\">fale com profissionais da Clinica Viver<\/a> para saber mais sobre os tratamentos e remediar de forma eficaz este problema.<\/p>\n","protected":false},"excerpt":{"rendered":"<p>As estrias &#8220;atormentam&#8221; muitas mulheres. Em diferentes idades e at\u00e9 com diferentes n\u00edveis de forma f\u00edsica. Mas muitos homens tamb\u00e9m! As causas das estrias podem ser de diversas origens e aparecer em qualquer altura da sua vida, tal como ap\u00f3s uma gravidez ou perda de peso repetina. A adolesc\u00eancia nas mulheres \u00e9 a fase mais [&hellip;]<\/p>\n","protected":false},"author":3,"featured_media":1046,"comment_status":"closed","ping_status":"open","sticky":false,"template":"","format":"standard","meta":{"_genesis_hide_title":false,"_genesis_hide_breadcrumbs":false,"_genesis_hide_singular_image":false,"_genesis_hide_footer_widgets":false,"_genesis_custom_body_class":"","_genesis_custom_post_class":"","_genesis_layout":"","ngg_post_thumbnail":0,"footnotes":""},"categories":[688],"tags":[203,218,211,215,8,208,205,204,223,206,220,219,222,221,217,214,216,207,212,213,209,210],"class_list":{"0":"post-110","1":"post","2":"type-post","3":"status-publish","4":"format-standard","5":"has-post-thumbnail","7":"category-estrias","8":"tag-causas-das-estrias","9":"tag-colagenio","10":"tag-dermoestetica","11":"tag-derrames-na-pele","12":"tag-elasticidade-da-pele","13":"tag-estrias-depois-da-gravidez","14":"tag-estrias-durante-a-gestacao","15":"tag-estrias-e-alteracoes-de-peso","16":"tag-estrias-na-adolescencia","17":"tag-estrias-na-gravidez","18":"tag-estrias-nas-ancas","19":"tag-estrias-nas-nadegas","20":"tag-estrias-no-abdomen","21":"tag-estrias-no-peito","22":"tag-fibras-elasticas","23":"tag-imperfeicoes-na-pele","24":"tag-lesoes-na-pele","25":"tag-pele-de-gravida","26":"tag-prevencao-de-estrias","27":"tag-prevenir-estrias","28":"tag-tipos-de-estrias","29":"tag-tratamento-de-estrias","30":"entry"},"yoast_head":"<!-- This site is optimized with the Yoast SEO plugin v27.5 - https:\/\/yoast.com\/product\/yoast-seo-wordpress\/ -->\n<title>Tem estrias? Saiba mais sobre como prevenir e tratar<\/title>\n<meta name=\"description\" content=\"As estrias s\u00e3o marcas na pele resultado da ruptura das fibras el\u00e1sticas. Saiba mais sobre os diferentes tipos, causas, tratamentos e modos de preven\u00e7\u00e3o\" \/>\n<meta name=\"robots\" content=\"index, follow, max-snippet:-1, max-image-preview:large, max-video-preview:-1\" \/>\n<link rel=\"canonical\" href=\"https:\/\/www.cuidardocorpo.com\/blog\/tem-estrias-saiba-mais-sobre-como-prevenir-e-tratar\/\" \/>\n<meta name=\"twitter:label1\" content=\"Escrito por\" \/>\n\t<meta name=\"twitter:data1\" content=\"Dra. Alexandra Vasconcelos\" \/>\n\t<meta name=\"twitter:label2\" content=\"Tempo estimado de leitura\" \/>\n\t<meta name=\"twitter:data2\" content=\"3 minutos\" \/>\n<script type=\"application\/ld+json\" class=\"yoast-schema-graph\">{\"@context\":\"https:\\\/\\\/schema.org\",\"@graph\":[{\"@type\":\"Article\",\"@id\":\"https:\\\/\\\/www.cuidardocorpo.com\\\/blog\\\/tem-estrias-saiba-mais-sobre-como-prevenir-e-tratar\\\/#article\",\"isPartOf\":{\"@id\":\"https:\\\/\\\/www.cuidardocorpo.com\\\/blog\\\/tem-estrias-saiba-mais-sobre-como-prevenir-e-tratar\\\/\"},\"author\":{\"name\":\"Dra. Alexandra Vasconcelos\",\"@id\":\"https:\\\/\\\/www.cuidardocorpo.com\\\/blog\\\/#\\\/schema\\\/person\\\/565764c6f47f1051a10e2cce80afc792\"},\"headline\":\"Saiba como prevenir e tratar as estrias\",\"datePublished\":\"2013-10-23T10:03:25+00:00\",\"dateModified\":\"2019-11-25T17:32:59+00:00\",\"mainEntityOfPage\":{\"@id\":\"https:\\\/\\\/www.cuidardocorpo.com\\\/blog\\\/tem-estrias-saiba-mais-sobre-como-prevenir-e-tratar\\\/\"},\"wordCount\":645,\"publisher\":{\"@id\":\"https:\\\/\\\/www.cuidardocorpo.com\\\/blog\\\/#organization\"},\"image\":{\"@id\":\"https:\\\/\\\/www.cuidardocorpo.com\\\/blog\\\/tem-estrias-saiba-mais-sobre-como-prevenir-e-tratar\\\/#primaryimage\"},\"thumbnailUrl\":\"https:\\\/\\\/www.cuidardocorpo.com\\\/blog\\\/wp-content\\\/uploads\\\/estrias.jpg\",\"keywords\":[\"causas das estrias\",\"colag\u00e9nio\",\"dermoest\u00e9tica\",\"derrames na pele\",\"elasticidade da pele\",\"estrias depois da gravidez\",\"estrias durante a gesta\u00e7\u00e3o\",\"estrias e altera\u00e7\u00f5es de peso\",\"estrias na adolesc\u00eancia\",\"estrias na gravidez\",\"estrias nas ancas\",\"estrias nas n\u00e1degas\",\"estrias no abd\u00f3men\",\"estrias no peito\",\"fibras el\u00e1sticas\",\"imperfei\u00e7\u00f5es na pele\",\"les\u00f5es na pele\",\"pele de gr\u00e1vida\",\"preven\u00e7\u00e3o de estrias\",\"prevenir estrias\",\"tipos de estrias\",\"tratamento de estrias\"],\"articleSection\":[\"Estrias\"],\"inLanguage\":\"pt-PT\"},{\"@type\":\"WebPage\",\"@id\":\"https:\\\/\\\/www.cuidardocorpo.com\\\/blog\\\/tem-estrias-saiba-mais-sobre-como-prevenir-e-tratar\\\/\",\"url\":\"https:\\\/\\\/www.cuidardocorpo.com\\\/blog\\\/tem-estrias-saiba-mais-sobre-como-prevenir-e-tratar\\\/\",\"name\":\"Tem estrias? Saiba mais sobre como prevenir e tratar\",\"isPartOf\":{\"@id\":\"https:\\\/\\\/www.cuidardocorpo.com\\\/blog\\\/#website\"},\"primaryImageOfPage\":{\"@id\":\"https:\\\/\\\/www.cuidardocorpo.com\\\/blog\\\/tem-estrias-saiba-mais-sobre-como-prevenir-e-tratar\\\/#primaryimage\"},\"image\":{\"@id\":\"https:\\\/\\\/www.cuidardocorpo.com\\\/blog\\\/tem-estrias-saiba-mais-sobre-como-prevenir-e-tratar\\\/#primaryimage\"},\"thumbnailUrl\":\"https:\\\/\\\/www.cuidardocorpo.com\\\/blog\\\/wp-content\\\/uploads\\\/estrias.jpg\",\"datePublished\":\"2013-10-23T10:03:25+00:00\",\"dateModified\":\"2019-11-25T17:32:59+00:00\",\"description\":\"As estrias s\u00e3o marcas na pele resultado da ruptura das fibras el\u00e1sticas. Saiba mais sobre os diferentes tipos, causas, tratamentos e modos de preven\u00e7\u00e3o\",\"breadcrumb\":{\"@id\":\"https:\\\/\\\/www.cuidardocorpo.com\\\/blog\\\/tem-estrias-saiba-mais-sobre-como-prevenir-e-tratar\\\/#breadcrumb\"},\"inLanguage\":\"pt-PT\",\"potentialAction\":[{\"@type\":\"ReadAction\",\"target\":[\"https:\\\/\\\/www.cuidardocorpo.com\\\/blog\\\/tem-estrias-saiba-mais-sobre-como-prevenir-e-tratar\\\/\"]}]},{\"@type\":\"ImageObject\",\"inLanguage\":\"pt-PT\",\"@id\":\"https:\\\/\\\/www.cuidardocorpo.com\\\/blog\\\/tem-estrias-saiba-mais-sobre-como-prevenir-e-tratar\\\/#primaryimage\",\"url\":\"https:\\\/\\\/www.cuidardocorpo.com\\\/blog\\\/wp-content\\\/uploads\\\/estrias.jpg\",\"contentUrl\":\"https:\\\/\\\/www.cuidardocorpo.com\\\/blog\\\/wp-content\\\/uploads\\\/estrias.jpg\"},{\"@type\":\"BreadcrumbList\",\"@id\":\"https:\\\/\\\/www.cuidardocorpo.com\\\/blog\\\/tem-estrias-saiba-mais-sobre-como-prevenir-e-tratar\\\/#breadcrumb\",\"itemListElement\":[{\"@type\":\"ListItem\",\"position\":1,\"name\":\"In\u00edcio\",\"item\":\"https:\\\/\\\/www.cuidardocorpo.com\\\/blog\\\/\"},{\"@type\":\"ListItem\",\"position\":2,\"name\":\"Saiba como prevenir e tratar as estrias\"}]},{\"@type\":\"WebSite\",\"@id\":\"https:\\\/\\\/www.cuidardocorpo.com\\\/blog\\\/#website\",\"url\":\"https:\\\/\\\/www.cuidardocorpo.com\\\/blog\\\/\",\"name\":\"Cuidar do Corpo\",\"description\":\"Leia os nossos artigos e fique a saber tudo o que precisa para Cuidar do seu Corpo. Sa\u00fade e Bem-estar com informa\u00e7\u00f5es especializadas.\",\"publisher\":{\"@id\":\"https:\\\/\\\/www.cuidardocorpo.com\\\/blog\\\/#organization\"},\"alternateName\":\"Cuidar do Corpo\",\"potentialAction\":[{\"@type\":\"SearchAction\",\"target\":{\"@type\":\"EntryPoint\",\"urlTemplate\":\"https:\\\/\\\/www.cuidardocorpo.com\\\/blog\\\/?s={search_term_string}\"},\"query-input\":{\"@type\":\"PropertyValueSpecification\",\"valueRequired\":true,\"valueName\":\"search_term_string\"}}],\"inLanguage\":\"pt-PT\"},{\"@type\":\"Organization\",\"@id\":\"https:\\\/\\\/www.cuidardocorpo.com\\\/blog\\\/#organization\",\"name\":\"Cuidar do Corpo\",\"alternateName\":\"Cuidar do Corpo\",\"url\":\"https:\\\/\\\/www.cuidardocorpo.com\\\/blog\\\/\",\"logo\":{\"@type\":\"ImageObject\",\"inLanguage\":\"pt-PT\",\"@id\":\"https:\\\/\\\/www.cuidardocorpo.com\\\/blog\\\/#\\\/schema\\\/logo\\\/image\\\/\",\"url\":\"https:\\\/\\\/www.cuidardocorpo.com\\\/blog\\\/wp-content\\\/uploads\\\/cropped-logo_cuidar_do_corpo.png\",\"contentUrl\":\"https:\\\/\\\/www.cuidardocorpo.com\\\/blog\\\/wp-content\\\/uploads\\\/cropped-logo_cuidar_do_corpo.png\",\"width\":1140,\"height\":335,\"caption\":\"Cuidar do Corpo\"},\"image\":{\"@id\":\"https:\\\/\\\/www.cuidardocorpo.com\\\/blog\\\/#\\\/schema\\\/logo\\\/image\\\/\"}},{\"@type\":\"Person\",\"@id\":\"https:\\\/\\\/www.cuidardocorpo.com\\\/blog\\\/#\\\/schema\\\/person\\\/565764c6f47f1051a10e2cce80afc792\",\"name\":\"Dra. Alexandra Vasconcelos\",\"image\":{\"@type\":\"ImageObject\",\"inLanguage\":\"pt-PT\",\"@id\":\"https:\\\/\\\/secure.gravatar.com\\\/avatar\\\/7edf5a7e30461c7b0fe659b47f6a9a764f0324a299dec5dced5729168d464705?s=96&d=mm&r=g\",\"url\":\"https:\\\/\\\/secure.gravatar.com\\\/avatar\\\/7edf5a7e30461c7b0fe659b47f6a9a764f0324a299dec5dced5729168d464705?s=96&d=mm&r=g\",\"contentUrl\":\"https:\\\/\\\/secure.gravatar.com\\\/avatar\\\/7edf5a7e30461c7b0fe659b47f6a9a764f0324a299dec5dced5729168d464705?s=96&d=mm&r=g\",\"caption\":\"Dra. Alexandra Vasconcelos\"},\"description\":\"\u00a0 Licenciada em Farm\u00e1cia pela Universidade de Lisboa Especialista em Medicina Biologica e Micronutri\u00e7\u00e3o Formadora Curso Sa\u00fade Est\u00e9tica - Universidade Lusofona Directora da Cl\u00ednica Viver em Lisboa \u00a0\",\"url\":\"https:\\\/\\\/www.cuidardocorpo.com\\\/blog\\\/author\\\/dra-alexandra-vasconcelos\\\/\"}]}<\/script>\n<!-- \/ Yoast SEO plugin. -->","yoast_head_json":{"title":"Tem estrias? Saiba mais sobre como prevenir e tratar","description":"As estrias s\u00e3o marcas na pele resultado da ruptura das fibras el\u00e1sticas. Saiba mais sobre os diferentes tipos, causas, tratamentos e modos de preven\u00e7\u00e3o","robots":{"index":"index","follow":"follow","max-snippet":"max-snippet:-1","max-image-preview":"max-image-preview:large","max-video-preview":"max-video-preview:-1"},"canonical":"https:\/\/www.cuidardocorpo.com\/blog\/tem-estrias-saiba-mais-sobre-como-prevenir-e-tratar\/","twitter_misc":{"Escrito por":"Dra. Alexandra Vasconcelos","Tempo estimado de leitura":"3 minutos"},"schema":{"@context":"https:\/\/schema.org","@graph":[{"@type":"Article","@id":"https:\/\/www.cuidardocorpo.com\/blog\/tem-estrias-saiba-mais-sobre-como-prevenir-e-tratar\/#article","isPartOf":{"@id":"https:\/\/www.cuidardocorpo.com\/blog\/tem-estrias-saiba-mais-sobre-como-prevenir-e-tratar\/"},"author":{"name":"Dra. Alexandra Vasconcelos","@id":"https:\/\/www.cuidardocorpo.com\/blog\/#\/schema\/person\/565764c6f47f1051a10e2cce80afc792"},"headline":"Saiba como prevenir e tratar as estrias","datePublished":"2013-10-23T10:03:25+00:00","dateModified":"2019-11-25T17:32:59+00:00","mainEntityOfPage":{"@id":"https:\/\/www.cuidardocorpo.com\/blog\/tem-estrias-saiba-mais-sobre-como-prevenir-e-tratar\/"},"wordCount":645,"publisher":{"@id":"https:\/\/www.cuidardocorpo.com\/blog\/#organization"},"image":{"@id":"https:\/\/www.cuidardocorpo.com\/blog\/tem-estrias-saiba-mais-sobre-como-prevenir-e-tratar\/#primaryimage"},"thumbnailUrl":"https:\/\/www.cuidardocorpo.com\/blog\/wp-content\/uploads\/estrias.jpg","keywords":["causas das estrias","colag\u00e9nio","dermoest\u00e9tica","derrames na pele","elasticidade da pele","estrias depois da gravidez","estrias durante a gesta\u00e7\u00e3o","estrias e altera\u00e7\u00f5es de peso","estrias na adolesc\u00eancia","estrias na gravidez","estrias nas ancas","estrias nas n\u00e1degas","estrias no abd\u00f3men","estrias no peito","fibras el\u00e1sticas","imperfei\u00e7\u00f5es na pele","les\u00f5es na pele","pele de gr\u00e1vida","preven\u00e7\u00e3o de estrias","prevenir estrias","tipos de estrias","tratamento de estrias"],"articleSection":["Estrias"],"inLanguage":"pt-PT"},{"@type":"WebPage","@id":"https:\/\/www.cuidardocorpo.com\/blog\/tem-estrias-saiba-mais-sobre-como-prevenir-e-tratar\/","url":"https:\/\/www.cuidardocorpo.com\/blog\/tem-estrias-saiba-mais-sobre-como-prevenir-e-tratar\/","name":"Tem estrias? Saiba mais sobre como prevenir e tratar","isPartOf":{"@id":"https:\/\/www.cuidardocorpo.com\/blog\/#website"},"primaryImageOfPage":{"@id":"https:\/\/www.cuidardocorpo.com\/blog\/tem-estrias-saiba-mais-sobre-como-prevenir-e-tratar\/#primaryimage"},"image":{"@id":"https:\/\/www.cuidardocorpo.com\/blog\/tem-estrias-saiba-mais-sobre-como-prevenir-e-tratar\/#primaryimage"},"thumbnailUrl":"https:\/\/www.cuidardocorpo.com\/blog\/wp-content\/uploads\/estrias.jpg","datePublished":"2013-10-23T10:03:25+00:00","dateModified":"2019-11-25T17:32:59+00:00","description":"As estrias s\u00e3o marcas na pele resultado da ruptura das fibras el\u00e1sticas. Saiba mais sobre os diferentes tipos, causas, tratamentos e modos de preven\u00e7\u00e3o","breadcrumb":{"@id":"https:\/\/www.cuidardocorpo.com\/blog\/tem-estrias-saiba-mais-sobre-como-prevenir-e-tratar\/#breadcrumb"},"inLanguage":"pt-PT","potentialAction":[{"@type":"ReadAction","target":["https:\/\/www.cuidardocorpo.com\/blog\/tem-estrias-saiba-mais-sobre-como-prevenir-e-tratar\/"]}]},{"@type":"ImageObject","inLanguage":"pt-PT","@id":"https:\/\/www.cuidardocorpo.com\/blog\/tem-estrias-saiba-mais-sobre-como-prevenir-e-tratar\/#primaryimage","url":"https:\/\/www.cuidardocorpo.com\/blog\/wp-content\/uploads\/estrias.jpg","contentUrl":"https:\/\/www.cuidardocorpo.com\/blog\/wp-content\/uploads\/estrias.jpg"},{"@type":"BreadcrumbList","@id":"https:\/\/www.cuidardocorpo.com\/blog\/tem-estrias-saiba-mais-sobre-como-prevenir-e-tratar\/#breadcrumb","itemListElement":[{"@type":"ListItem","position":1,"name":"In\u00edcio","item":"https:\/\/www.cuidardocorpo.com\/blog\/"},{"@type":"ListItem","position":2,"name":"Saiba como prevenir e tratar as estrias"}]},{"@type":"WebSite","@id":"https:\/\/www.cuidardocorpo.com\/blog\/#website","url":"https:\/\/www.cuidardocorpo.com\/blog\/","name":"Cuidar do Corpo","description":"Leia os nossos artigos e fique a saber tudo o que precisa para Cuidar do seu Corpo. Sa\u00fade e Bem-estar com informa\u00e7\u00f5es especializadas.","publisher":{"@id":"https:\/\/www.cuidardocorpo.com\/blog\/#organization"},"alternateName":"Cuidar do Corpo","potentialAction":[{"@type":"SearchAction","target":{"@type":"EntryPoint","urlTemplate":"https:\/\/www.cuidardocorpo.com\/blog\/?s={search_term_string}"},"query-input":{"@type":"PropertyValueSpecification","valueRequired":true,"valueName":"search_term_string"}}],"inLanguage":"pt-PT"},{"@type":"Organization","@id":"https:\/\/www.cuidardocorpo.com\/blog\/#organization","name":"Cuidar do Corpo","alternateName":"Cuidar do Corpo","url":"https:\/\/www.cuidardocorpo.com\/blog\/","logo":{"@type":"ImageObject","inLanguage":"pt-PT","@id":"https:\/\/www.cuidardocorpo.com\/blog\/#\/schema\/logo\/image\/","url":"https:\/\/www.cuidardocorpo.com\/blog\/wp-content\/uploads\/cropped-logo_cuidar_do_corpo.png","contentUrl":"https:\/\/www.cuidardocorpo.com\/blog\/wp-content\/uploads\/cropped-logo_cuidar_do_corpo.png","width":1140,"height":335,"caption":"Cuidar do Corpo"},"image":{"@id":"https:\/\/www.cuidardocorpo.com\/blog\/#\/schema\/logo\/image\/"}},{"@type":"Person","@id":"https:\/\/www.cuidardocorpo.com\/blog\/#\/schema\/person\/565764c6f47f1051a10e2cce80afc792","name":"Dra. Alexandra Vasconcelos","image":{"@type":"ImageObject","inLanguage":"pt-PT","@id":"https:\/\/secure.gravatar.com\/avatar\/7edf5a7e30461c7b0fe659b47f6a9a764f0324a299dec5dced5729168d464705?s=96&d=mm&r=g","url":"https:\/\/secure.gravatar.com\/avatar\/7edf5a7e30461c7b0fe659b47f6a9a764f0324a299dec5dced5729168d464705?s=96&d=mm&r=g","contentUrl":"https:\/\/secure.gravatar.com\/avatar\/7edf5a7e30461c7b0fe659b47f6a9a764f0324a299dec5dced5729168d464705?s=96&d=mm&r=g","caption":"Dra. Alexandra Vasconcelos"},"description":"\u00a0 Licenciada em Farm\u00e1cia pela Universidade de Lisboa Especialista em Medicina Biologica e Micronutri\u00e7\u00e3o Formadora Curso Sa\u00fade Est\u00e9tica - Universidade Lusofona Directora da Cl\u00ednica Viver em Lisboa \u00a0","url":"https:\/\/www.cuidardocorpo.com\/blog\/author\/dra-alexandra-vasconcelos\/"}]}},"amp_enabled":true,"_links":{"self":[{"href":"https:\/\/www.cuidardocorpo.com\/blog\/wp-json\/wp\/v2\/posts\/110","targetHints":{"allow":["GET"]}}],"collection":[{"href":"https:\/\/www.cuidardocorpo.com\/blog\/wp-json\/wp\/v2\/posts"}],"about":[{"href":"https:\/\/www.cuidardocorpo.com\/blog\/wp-json\/wp\/v2\/types\/post"}],"author":[{"embeddable":true,"href":"https:\/\/www.cuidardocorpo.com\/blog\/wp-json\/wp\/v2\/users\/3"}],"replies":[{"embeddable":true,"href":"https:\/\/www.cuidardocorpo.com\/blog\/wp-json\/wp\/v2\/comments?post=110"}],"version-history":[{"count":6,"href":"https:\/\/www.cuidardocorpo.com\/blog\/wp-json\/wp\/v2\/posts\/110\/revisions"}],"predecessor-version":[{"id":2609,"href":"https:\/\/www.cuidardocorpo.com\/blog\/wp-json\/wp\/v2\/posts\/110\/revisions\/2609"}],"wp:featuredmedia":[{"embeddable":true,"href":"https:\/\/www.cuidardocorpo.com\/blog\/wp-json\/wp\/v2\/media\/1046"}],"wp:attachment":[{"href":"https:\/\/www.cuidardocorpo.com\/blog\/wp-json\/wp\/v2\/media?parent=110"}],"wp:term":[{"taxonomy":"category","embeddable":true,"href":"https:\/\/www.cuidardocorpo.com\/blog\/wp-json\/wp\/v2\/categories?post=110"},{"taxonomy":"post_tag","embeddable":true,"href":"https:\/\/www.cuidardocorpo.com\/blog\/wp-json\/wp\/v2\/tags?post=110"}],"curies":[{"name":"wp","href":"https:\/\/api.w.org\/{rel}","templated":true}]}}