{"id":145,"date":"2019-02-07T07:14:08","date_gmt":"2013-11-26T16:01:54","guid":{"rendered":"http:\/\/www.cuidardocorpo.com\/blog?p=145"},"modified":"2015-10-28T16:24:22","modified_gmt":"2015-10-28T16:24:22","slug":"como-funciona-o-tratamento-de-estrias-a-laser","status":"publish","type":"post","link":"https:\/\/www.cuidardocorpo.com\/blog\/como-funciona-o-tratamento-de-estrias-a-laser\/","title":{"rendered":"Como funciona o tratamento de estrias a laser?"},"content":{"rendered":"<p>Algumas de n\u00f3s podem dizer que tiveram sorte e que s\u00f3 notaram <strong><a href=\"http:\/\/www.derme.pt\/blog\/estrias\/correccao-de-estrias\" rel=\"nofollow\">as primeiras estrias<\/a><\/strong> j\u00e1 em adultas. Mas eu n\u00e3o. Sempre cresci com elas! S\u00f3 recentemente descobri <strong>o tratamento de estrias a laser.\u00a0<\/strong>Passo a explicar.<\/p>\n<p>Ahhh adolesc\u00eancia&#8230; hoje em dia todos queremos voltar a ela porque os problemas n\u00e3o s\u00e3o, na realidade, problemas. Mas ficam marcas. As psicol\u00f3gicas nem se falam&#8230; ainda hoje me arrependo daquela tarde em que fugi da escola e levei um raspanete e um castigo daqueles!<\/p>\n<p>enfim&#8230;<\/p>\n<p>Mas dizia eu, ficam marcas e muitas s\u00e3o na pele. Sim, <strong>marcas na pele<\/strong> e n\u00e3o estou a falar de tatuagens! Dessas tamb\u00e9m h\u00e1 muito boa gente arrependida! Dessa safei-me!<\/p>\n<h2>Temos de conviver com as estrias para o resto da vida?<\/h2><!-- Dentro do texto --><ins class=\"adsbygoogle\"  style=\"display:inline-block;width:336px;height:280px\"     data-ad-client=\"ca-pub-6281798432166415\"    data-ad-slot=\"5069359289\"><\/ins>\n<p>Aqueles per\u00edodos em que se come desalmadamente e depois se resolve fazer dietas desastrosas e loucas, deixam marcas bem vis\u00edveis! A<strong>pele estica e encolhe<\/strong> sem qualquer respeito da nossa parte pela sua elasticidade. E assim ficam para sempre estas <strong>les\u00f5es na pele<\/strong>.<\/p>\n<p>Marcas com as quais temos que conviver para o resto da vida!<\/p>\n<p>Ou n\u00e3o!<\/p>\n<p>Felizmente n\u00e3o temos de viver com elas para sempre. Isso era no tempo das nossas av\u00f3s!<\/p>\n<p>Ok, estou a exagerar, elas n\u00e3o desaparecem por completo, mas h\u00e1 formas <strong>tratamentos eficazes que disfar\u00e7am as estrias<\/strong>!<\/p>\n<p><a href=\"http:\/\/www.cuidardocorpo.com\/blog\/wp-content\/uploads\/rabo_celulite_flacidez.jpg\"><img loading=\"lazy\" decoding=\"async\" class=\"aligncenter size-full wp-image-1324\" src=\"http:\/\/www.cuidardocorpo.com\/blog\/wp-content\/uploads\/rabo_celulite_flacidez.jpg\" alt=\"mesoterapia para tratar celulite\" width=\"600\" height=\"315\" srcset=\"https:\/\/www.cuidardocorpo.com\/blog\/wp-content\/uploads\/rabo_celulite_flacidez.jpg 600w, https:\/\/www.cuidardocorpo.com\/blog\/wp-content\/uploads\/rabo_celulite_flacidez-300x158.jpg 300w, https:\/\/www.cuidardocorpo.com\/blog\/wp-content\/uploads\/rabo_celulite_flacidez-100x53.jpg 100w\" sizes=\"auto, (max-width: 600px) 100vw, 600px\" \/><\/a><\/p>\n<p>Estas <strong>les\u00f5es cut\u00e2neas<\/strong> resultado da burrice da adolesc\u00eancia, do crescimento pr\u00f3prio do corpo de forma desmedida, ou de outras situa\u00e7\u00f5es j\u00e1 em adultas, como uma gravidez ou algum desarranjo hormonal que descontrole o peso de forma abrupta podem finalmente &#8220;levar um tratamento&#8221;. Procurei na internet e muitos falavam do <strong>tratamento de estrias a laser. <\/strong>Resolvi investigar um pouco mais e fiquei curiosa.<\/p>\n<h2>\u00a0Tratamento de estrias a laser? Ser\u00e1 que resulta?<\/h2>\n<p>Acho importante referir que elas n\u00e3o v\u00e3o desaparecer! Algumas mais claras t\u00eam muitos anos. Mas podemos disfar\u00e7\u00e1-las o suficiente para voltar \u00e0s mini saias.<\/p>\n<p>Ap\u00f3s pensar um pouco sobre o assunto, n\u00e3o resisti.\u00a0E eis que voltei mesmo \u00e0s mini saias e biquini (sim, as <strong>estrias na barriga<\/strong> n\u00e3o eram adorno favor\u00e1vel a um biquini de dimens\u00f5es reduzidas!)<\/p>\n<p>O sentimento de confian\u00e7a levou-me a escrever qu\u00e3o satisfeita fiquei pelos resultados. Um <strong>tratamento de estrias a laser<\/strong>, a mim assustava-me. Mas depressa me passou!<\/p>\n<p>Tamb\u00e9m aprendi que disfar\u00e7ar as estrias \u00e9 um dos procedimentos mais comuns, quase t\u00e3o comum como disfar\u00e7ar umas rugas. E que elas n\u00e3o se &#8220;retiram&#8221;, ou seja, n\u00e3o desaparecem. As j\u00e1 esbranqui\u00e7adas est\u00e3o c\u00e1 h\u00e1 muito tempo (confere, desde h\u00e1 15 anos!), enquanto as mais escurinhas s\u00e3o mais recentes e podem mais facilmente ser atenuadas.<\/p>\n<p>Ah e os meninos tamb\u00e9m as t\u00eam! \u00c9 verdade! Sabiam? Eu n\u00e3o! <strong> Os homens tamb\u00e9m t\u00eam estrias <\/strong> ! Para mim foi a descoberta do ano! A popula\u00e7\u00e3o masculina costuma ser mais atingida na regi\u00e3o das coxas, dos ombros e das costas, para al\u00e9m da zona lombar. O crescimento abrupto na adolesc\u00eancia \u00e9 a principal causa.<\/p>\n<p>Para os meninos, aconselho o tratamento de estrias a laser. N\u00e3o sejam medrosos!<\/p>\n<p>&nbsp;<\/p>\n<p>Em caso de d\u00favidas, consulte o seu m\u00e9dico para saber mais sobre tratamento de estrias a laser<\/p>\n","protected":false},"excerpt":{"rendered":"<p>Algumas de n\u00f3s podem dizer que tiveram sorte e que s\u00f3 notaram as primeiras estrias j\u00e1 em adultas. Mas eu n\u00e3o. Sempre cresci com elas! S\u00f3 recentemente descobri o tratamento de estrias a laser.\u00a0Passo a explicar. Ahhh adolesc\u00eancia&#8230; hoje em dia todos queremos voltar a ela porque os problemas n\u00e3o s\u00e3o, na realidade, problemas. Mas [&hellip;]<\/p>\n","protected":false},"author":67,"featured_media":1324,"comment_status":"closed","ping_status":"open","sticky":false,"template":"","format":"standard","meta":{"_genesis_hide_title":false,"_genesis_hide_breadcrumbs":false,"_genesis_hide_singular_image":false,"_genesis_hide_footer_widgets":false,"_genesis_custom_body_class":"","_genesis_custom_post_class":"","_genesis_layout":"","ngg_post_thumbnail":0,"footnotes":""},"categories":[688],"tags":[303,223,206,304,302,113,299,216,68,112,301,300],"class_list":{"0":"post-145","1":"post","2":"type-post","3":"status-publish","4":"format-standard","5":"has-post-thumbnail","7":"category-estrias","8":"tag-as-primeiras-estrias","9":"tag-estrias-na-adolescencia","10":"tag-estrias-na-gravidez","11":"tag-estrias-nos-homens","12":"tag-estrias-vermelhas","13":"tag-excesso-de-peso","14":"tag-lesoes-cutaneas","15":"tag-lesoes-na-pele","16":"tag-lesoes-vasculares","17":"tag-obesidade","18":"tag-tratamento-de-estrias-a-laser","19":"tag-tratar-estrias","20":"entry"},"yoast_head":"<!-- This site is optimized with the Yoast SEO plugin v27.5 - https:\/\/yoast.com\/product\/yoast-seo-wordpress\/ -->\n<title>Como funciona o tratamento de estrias a laser?<\/title>\n<meta name=\"description\" content=\"As estrias chateiam e incomodam grande parte da popula\u00e7\u00e3o feminina e masculina. Mas hoje h\u00e1 tratamento de estrias a laser acess\u00edvel que as disfar\u00e7am.\" \/>\n<meta name=\"robots\" content=\"index, follow, max-snippet:-1, max-image-preview:large, max-video-preview:-1\" \/>\n<link rel=\"canonical\" href=\"https:\/\/www.cuidardocorpo.com\/blog\/como-funciona-o-tratamento-de-estrias-a-laser\/\" \/>\n<meta name=\"twitter:label1\" content=\"Escrito por\" \/>\n\t<meta name=\"twitter:data1\" content=\"Lu\u00eds Rodrigues\" \/>\n\t<meta name=\"twitter:label2\" content=\"Tempo estimado de leitura\" \/>\n\t<meta name=\"twitter:data2\" content=\"3 minutos\" \/>\n<script type=\"application\/ld+json\" class=\"yoast-schema-graph\">{\"@context\":\"https:\\\/\\\/schema.org\",\"@graph\":[{\"@type\":\"Article\",\"@id\":\"https:\\\/\\\/www.cuidardocorpo.com\\\/blog\\\/como-funciona-o-tratamento-de-estrias-a-laser\\\/#article\",\"isPartOf\":{\"@id\":\"https:\\\/\\\/www.cuidardocorpo.com\\\/blog\\\/como-funciona-o-tratamento-de-estrias-a-laser\\\/\"},\"author\":{\"name\":\"Lu\u00eds Rodrigues\",\"@id\":\"https:\\\/\\\/www.cuidardocorpo.com\\\/blog\\\/#\\\/schema\\\/person\\\/72f8ad7dd5fa9b440bebb5df9ee78ed8\"},\"headline\":\"Como funciona o tratamento de estrias a laser?\",\"datePublished\":\"2013-11-26T16:01:54+00:00\",\"dateModified\":\"2015-10-28T16:24:22+00:00\",\"mainEntityOfPage\":{\"@id\":\"https:\\\/\\\/www.cuidardocorpo.com\\\/blog\\\/como-funciona-o-tratamento-de-estrias-a-laser\\\/\"},\"wordCount\":565,\"publisher\":{\"@id\":\"https:\\\/\\\/www.cuidardocorpo.com\\\/blog\\\/#organization\"},\"image\":{\"@id\":\"https:\\\/\\\/www.cuidardocorpo.com\\\/blog\\\/como-funciona-o-tratamento-de-estrias-a-laser\\\/#primaryimage\"},\"thumbnailUrl\":\"https:\\\/\\\/www.cuidardocorpo.com\\\/blog\\\/wp-content\\\/uploads\\\/rabo_celulite_flacidez.jpg\",\"keywords\":[\"as primeiras estrias\",\"estrias na adolesc\u00eancia\",\"estrias na gravidez\",\"estrias nos homens\",\"estrias vermelhas\",\"excesso de peso\",\"les\u00f5es cut\u00e2neas\",\"les\u00f5es na pele\",\"Les\u00f5es Vasculares\",\"obesidade\",\"tratamento de estrias a laser\",\"tratar estrias\"],\"articleSection\":[\"Estrias\"],\"inLanguage\":\"pt-PT\"},{\"@type\":\"WebPage\",\"@id\":\"https:\\\/\\\/www.cuidardocorpo.com\\\/blog\\\/como-funciona-o-tratamento-de-estrias-a-laser\\\/\",\"url\":\"https:\\\/\\\/www.cuidardocorpo.com\\\/blog\\\/como-funciona-o-tratamento-de-estrias-a-laser\\\/\",\"name\":\"Como funciona o tratamento de estrias a laser?\",\"isPartOf\":{\"@id\":\"https:\\\/\\\/www.cuidardocorpo.com\\\/blog\\\/#website\"},\"primaryImageOfPage\":{\"@id\":\"https:\\\/\\\/www.cuidardocorpo.com\\\/blog\\\/como-funciona-o-tratamento-de-estrias-a-laser\\\/#primaryimage\"},\"image\":{\"@id\":\"https:\\\/\\\/www.cuidardocorpo.com\\\/blog\\\/como-funciona-o-tratamento-de-estrias-a-laser\\\/#primaryimage\"},\"thumbnailUrl\":\"https:\\\/\\\/www.cuidardocorpo.com\\\/blog\\\/wp-content\\\/uploads\\\/rabo_celulite_flacidez.jpg\",\"datePublished\":\"2013-11-26T16:01:54+00:00\",\"dateModified\":\"2015-10-28T16:24:22+00:00\",\"description\":\"As estrias chateiam e incomodam grande parte da popula\u00e7\u00e3o feminina e masculina. Mas hoje h\u00e1 tratamento de estrias a laser acess\u00edvel que as disfar\u00e7am.\",\"breadcrumb\":{\"@id\":\"https:\\\/\\\/www.cuidardocorpo.com\\\/blog\\\/como-funciona-o-tratamento-de-estrias-a-laser\\\/#breadcrumb\"},\"inLanguage\":\"pt-PT\",\"potentialAction\":[{\"@type\":\"ReadAction\",\"target\":[\"https:\\\/\\\/www.cuidardocorpo.com\\\/blog\\\/como-funciona-o-tratamento-de-estrias-a-laser\\\/\"]}]},{\"@type\":\"ImageObject\",\"inLanguage\":\"pt-PT\",\"@id\":\"https:\\\/\\\/www.cuidardocorpo.com\\\/blog\\\/como-funciona-o-tratamento-de-estrias-a-laser\\\/#primaryimage\",\"url\":\"https:\\\/\\\/www.cuidardocorpo.com\\\/blog\\\/wp-content\\\/uploads\\\/rabo_celulite_flacidez.jpg\",\"contentUrl\":\"https:\\\/\\\/www.cuidardocorpo.com\\\/blog\\\/wp-content\\\/uploads\\\/rabo_celulite_flacidez.jpg\",\"width\":600,\"height\":315,\"caption\":\"mesoterapia para tratar celulite\"},{\"@type\":\"BreadcrumbList\",\"@id\":\"https:\\\/\\\/www.cuidardocorpo.com\\\/blog\\\/como-funciona-o-tratamento-de-estrias-a-laser\\\/#breadcrumb\",\"itemListElement\":[{\"@type\":\"ListItem\",\"position\":1,\"name\":\"In\u00edcio\",\"item\":\"https:\\\/\\\/www.cuidardocorpo.com\\\/blog\\\/\"},{\"@type\":\"ListItem\",\"position\":2,\"name\":\"Como funciona o tratamento de estrias a laser?\"}]},{\"@type\":\"WebSite\",\"@id\":\"https:\\\/\\\/www.cuidardocorpo.com\\\/blog\\\/#website\",\"url\":\"https:\\\/\\\/www.cuidardocorpo.com\\\/blog\\\/\",\"name\":\"Cuidar do Corpo\",\"description\":\"Leia os nossos artigos e fique a saber tudo o que precisa para Cuidar do seu Corpo. Sa\u00fade e Bem-estar com informa\u00e7\u00f5es especializadas.\",\"publisher\":{\"@id\":\"https:\\\/\\\/www.cuidardocorpo.com\\\/blog\\\/#organization\"},\"alternateName\":\"Cuidar do Corpo\",\"potentialAction\":[{\"@type\":\"SearchAction\",\"target\":{\"@type\":\"EntryPoint\",\"urlTemplate\":\"https:\\\/\\\/www.cuidardocorpo.com\\\/blog\\\/?s={search_term_string}\"},\"query-input\":{\"@type\":\"PropertyValueSpecification\",\"valueRequired\":true,\"valueName\":\"search_term_string\"}}],\"inLanguage\":\"pt-PT\"},{\"@type\":\"Organization\",\"@id\":\"https:\\\/\\\/www.cuidardocorpo.com\\\/blog\\\/#organization\",\"name\":\"Cuidar do Corpo\",\"alternateName\":\"Cuidar do Corpo\",\"url\":\"https:\\\/\\\/www.cuidardocorpo.com\\\/blog\\\/\",\"logo\":{\"@type\":\"ImageObject\",\"inLanguage\":\"pt-PT\",\"@id\":\"https:\\\/\\\/www.cuidardocorpo.com\\\/blog\\\/#\\\/schema\\\/logo\\\/image\\\/\",\"url\":\"https:\\\/\\\/www.cuidardocorpo.com\\\/blog\\\/wp-content\\\/uploads\\\/cropped-logo_cuidar_do_corpo.png\",\"contentUrl\":\"https:\\\/\\\/www.cuidardocorpo.com\\\/blog\\\/wp-content\\\/uploads\\\/cropped-logo_cuidar_do_corpo.png\",\"width\":1140,\"height\":335,\"caption\":\"Cuidar do Corpo\"},\"image\":{\"@id\":\"https:\\\/\\\/www.cuidardocorpo.com\\\/blog\\\/#\\\/schema\\\/logo\\\/image\\\/\"}},{\"@type\":\"Person\",\"@id\":\"https:\\\/\\\/www.cuidardocorpo.com\\\/blog\\\/#\\\/schema\\\/person\\\/72f8ad7dd5fa9b440bebb5df9ee78ed8\",\"name\":\"Lu\u00eds Rodrigues\",\"image\":{\"@type\":\"ImageObject\",\"inLanguage\":\"pt-PT\",\"@id\":\"https:\\\/\\\/secure.gravatar.com\\\/avatar\\\/871120a49c12e3fe7c53810baa949f9660de020376be935ef3b6a13e69851eb7?s=96&d=mm&r=g\",\"url\":\"https:\\\/\\\/secure.gravatar.com\\\/avatar\\\/871120a49c12e3fe7c53810baa949f9660de020376be935ef3b6a13e69851eb7?s=96&d=mm&r=g\",\"contentUrl\":\"https:\\\/\\\/secure.gravatar.com\\\/avatar\\\/871120a49c12e3fe7c53810baa949f9660de020376be935ef3b6a13e69851eb7?s=96&d=mm&r=g\",\"caption\":\"Lu\u00eds Rodrigues\"},\"description\":\"Estudos: Licenciado em Educa\u00e7\u00e3o F\u00edsica e Desporto pela Universidade do Porto Experi\u00eancia: Lu\u00eds tem mais de 15 anos de experi\u00eancia como personal trainer e consultor de fitness, ajudando in\u00fameros clientes a atingir seus objetivos de sa\u00fade e bem-estar. Outras informa\u00e7\u00f5es: \u00c9 autor de v\u00e1rios artigos sobre fitness e sa\u00fade em revistas especializadas e blogs.\",\"url\":\"https:\\\/\\\/www.cuidardocorpo.com\\\/blog\\\/author\\\/luis-rodrigues\\\/\"}]}<\/script>\n<!-- \/ Yoast SEO plugin. -->","yoast_head_json":{"title":"Como funciona o tratamento de estrias a laser?","description":"As estrias chateiam e incomodam grande parte da popula\u00e7\u00e3o feminina e masculina. Mas hoje h\u00e1 tratamento de estrias a laser acess\u00edvel que as disfar\u00e7am.","robots":{"index":"index","follow":"follow","max-snippet":"max-snippet:-1","max-image-preview":"max-image-preview:large","max-video-preview":"max-video-preview:-1"},"canonical":"https:\/\/www.cuidardocorpo.com\/blog\/como-funciona-o-tratamento-de-estrias-a-laser\/","twitter_misc":{"Escrito por":"Lu\u00eds Rodrigues","Tempo estimado de leitura":"3 minutos"},"schema":{"@context":"https:\/\/schema.org","@graph":[{"@type":"Article","@id":"https:\/\/www.cuidardocorpo.com\/blog\/como-funciona-o-tratamento-de-estrias-a-laser\/#article","isPartOf":{"@id":"https:\/\/www.cuidardocorpo.com\/blog\/como-funciona-o-tratamento-de-estrias-a-laser\/"},"author":{"name":"Lu\u00eds Rodrigues","@id":"https:\/\/www.cuidardocorpo.com\/blog\/#\/schema\/person\/72f8ad7dd5fa9b440bebb5df9ee78ed8"},"headline":"Como funciona o tratamento de estrias a laser?","datePublished":"2013-11-26T16:01:54+00:00","dateModified":"2015-10-28T16:24:22+00:00","mainEntityOfPage":{"@id":"https:\/\/www.cuidardocorpo.com\/blog\/como-funciona-o-tratamento-de-estrias-a-laser\/"},"wordCount":565,"publisher":{"@id":"https:\/\/www.cuidardocorpo.com\/blog\/#organization"},"image":{"@id":"https:\/\/www.cuidardocorpo.com\/blog\/como-funciona-o-tratamento-de-estrias-a-laser\/#primaryimage"},"thumbnailUrl":"https:\/\/www.cuidardocorpo.com\/blog\/wp-content\/uploads\/rabo_celulite_flacidez.jpg","keywords":["as primeiras estrias","estrias na adolesc\u00eancia","estrias na gravidez","estrias nos homens","estrias vermelhas","excesso de peso","les\u00f5es cut\u00e2neas","les\u00f5es na pele","Les\u00f5es Vasculares","obesidade","tratamento de estrias a laser","tratar estrias"],"articleSection":["Estrias"],"inLanguage":"pt-PT"},{"@type":"WebPage","@id":"https:\/\/www.cuidardocorpo.com\/blog\/como-funciona-o-tratamento-de-estrias-a-laser\/","url":"https:\/\/www.cuidardocorpo.com\/blog\/como-funciona-o-tratamento-de-estrias-a-laser\/","name":"Como funciona o tratamento de estrias a laser?","isPartOf":{"@id":"https:\/\/www.cuidardocorpo.com\/blog\/#website"},"primaryImageOfPage":{"@id":"https:\/\/www.cuidardocorpo.com\/blog\/como-funciona-o-tratamento-de-estrias-a-laser\/#primaryimage"},"image":{"@id":"https:\/\/www.cuidardocorpo.com\/blog\/como-funciona-o-tratamento-de-estrias-a-laser\/#primaryimage"},"thumbnailUrl":"https:\/\/www.cuidardocorpo.com\/blog\/wp-content\/uploads\/rabo_celulite_flacidez.jpg","datePublished":"2013-11-26T16:01:54+00:00","dateModified":"2015-10-28T16:24:22+00:00","description":"As estrias chateiam e incomodam grande parte da popula\u00e7\u00e3o feminina e masculina. Mas hoje h\u00e1 tratamento de estrias a laser acess\u00edvel que as disfar\u00e7am.","breadcrumb":{"@id":"https:\/\/www.cuidardocorpo.com\/blog\/como-funciona-o-tratamento-de-estrias-a-laser\/#breadcrumb"},"inLanguage":"pt-PT","potentialAction":[{"@type":"ReadAction","target":["https:\/\/www.cuidardocorpo.com\/blog\/como-funciona-o-tratamento-de-estrias-a-laser\/"]}]},{"@type":"ImageObject","inLanguage":"pt-PT","@id":"https:\/\/www.cuidardocorpo.com\/blog\/como-funciona-o-tratamento-de-estrias-a-laser\/#primaryimage","url":"https:\/\/www.cuidardocorpo.com\/blog\/wp-content\/uploads\/rabo_celulite_flacidez.jpg","contentUrl":"https:\/\/www.cuidardocorpo.com\/blog\/wp-content\/uploads\/rabo_celulite_flacidez.jpg","width":600,"height":315,"caption":"mesoterapia para tratar celulite"},{"@type":"BreadcrumbList","@id":"https:\/\/www.cuidardocorpo.com\/blog\/como-funciona-o-tratamento-de-estrias-a-laser\/#breadcrumb","itemListElement":[{"@type":"ListItem","position":1,"name":"In\u00edcio","item":"https:\/\/www.cuidardocorpo.com\/blog\/"},{"@type":"ListItem","position":2,"name":"Como funciona o tratamento de estrias a laser?"}]},{"@type":"WebSite","@id":"https:\/\/www.cuidardocorpo.com\/blog\/#website","url":"https:\/\/www.cuidardocorpo.com\/blog\/","name":"Cuidar do Corpo","description":"Leia os nossos artigos e fique a saber tudo o que precisa para Cuidar do seu Corpo. Sa\u00fade e Bem-estar com informa\u00e7\u00f5es especializadas.","publisher":{"@id":"https:\/\/www.cuidardocorpo.com\/blog\/#organization"},"alternateName":"Cuidar do Corpo","potentialAction":[{"@type":"SearchAction","target":{"@type":"EntryPoint","urlTemplate":"https:\/\/www.cuidardocorpo.com\/blog\/?s={search_term_string}"},"query-input":{"@type":"PropertyValueSpecification","valueRequired":true,"valueName":"search_term_string"}}],"inLanguage":"pt-PT"},{"@type":"Organization","@id":"https:\/\/www.cuidardocorpo.com\/blog\/#organization","name":"Cuidar do Corpo","alternateName":"Cuidar do Corpo","url":"https:\/\/www.cuidardocorpo.com\/blog\/","logo":{"@type":"ImageObject","inLanguage":"pt-PT","@id":"https:\/\/www.cuidardocorpo.com\/blog\/#\/schema\/logo\/image\/","url":"https:\/\/www.cuidardocorpo.com\/blog\/wp-content\/uploads\/cropped-logo_cuidar_do_corpo.png","contentUrl":"https:\/\/www.cuidardocorpo.com\/blog\/wp-content\/uploads\/cropped-logo_cuidar_do_corpo.png","width":1140,"height":335,"caption":"Cuidar do Corpo"},"image":{"@id":"https:\/\/www.cuidardocorpo.com\/blog\/#\/schema\/logo\/image\/"}},{"@type":"Person","@id":"https:\/\/www.cuidardocorpo.com\/blog\/#\/schema\/person\/72f8ad7dd5fa9b440bebb5df9ee78ed8","name":"Lu\u00eds Rodrigues","image":{"@type":"ImageObject","inLanguage":"pt-PT","@id":"https:\/\/secure.gravatar.com\/avatar\/871120a49c12e3fe7c53810baa949f9660de020376be935ef3b6a13e69851eb7?s=96&d=mm&r=g","url":"https:\/\/secure.gravatar.com\/avatar\/871120a49c12e3fe7c53810baa949f9660de020376be935ef3b6a13e69851eb7?s=96&d=mm&r=g","contentUrl":"https:\/\/secure.gravatar.com\/avatar\/871120a49c12e3fe7c53810baa949f9660de020376be935ef3b6a13e69851eb7?s=96&d=mm&r=g","caption":"Lu\u00eds Rodrigues"},"description":"Estudos: Licenciado em Educa\u00e7\u00e3o F\u00edsica e Desporto pela Universidade do Porto Experi\u00eancia: Lu\u00eds tem mais de 15 anos de experi\u00eancia como personal trainer e consultor de fitness, ajudando in\u00fameros clientes a atingir seus objetivos de sa\u00fade e bem-estar. Outras informa\u00e7\u00f5es: \u00c9 autor de v\u00e1rios artigos sobre fitness e sa\u00fade em revistas especializadas e blogs.","url":"https:\/\/www.cuidardocorpo.com\/blog\/author\/luis-rodrigues\/"}]}},"amp_enabled":true,"_links":{"self":[{"href":"https:\/\/www.cuidardocorpo.com\/blog\/wp-json\/wp\/v2\/posts\/145","targetHints":{"allow":["GET"]}}],"collection":[{"href":"https:\/\/www.cuidardocorpo.com\/blog\/wp-json\/wp\/v2\/posts"}],"about":[{"href":"https:\/\/www.cuidardocorpo.com\/blog\/wp-json\/wp\/v2\/types\/post"}],"author":[{"embeddable":true,"href":"https:\/\/www.cuidardocorpo.com\/blog\/wp-json\/wp\/v2\/users\/67"}],"replies":[{"embeddable":true,"href":"https:\/\/www.cuidardocorpo.com\/blog\/wp-json\/wp\/v2\/comments?post=145"}],"version-history":[{"count":8,"href":"https:\/\/www.cuidardocorpo.com\/blog\/wp-json\/wp\/v2\/posts\/145\/revisions"}],"predecessor-version":[{"id":1617,"href":"https:\/\/www.cuidardocorpo.com\/blog\/wp-json\/wp\/v2\/posts\/145\/revisions\/1617"}],"wp:featuredmedia":[{"embeddable":true,"href":"https:\/\/www.cuidardocorpo.com\/blog\/wp-json\/wp\/v2\/media\/1324"}],"wp:attachment":[{"href":"https:\/\/www.cuidardocorpo.com\/blog\/wp-json\/wp\/v2\/media?parent=145"}],"wp:term":[{"taxonomy":"category","embeddable":true,"href":"https:\/\/www.cuidardocorpo.com\/blog\/wp-json\/wp\/v2\/categories?post=145"},{"taxonomy":"post_tag","embeddable":true,"href":"https:\/\/www.cuidardocorpo.com\/blog\/wp-json\/wp\/v2\/tags?post=145"}],"curies":[{"name":"wp","href":"https:\/\/api.w.org\/{rel}","templated":true}]}}