{"id":147,"date":"2019-05-15T00:02:20","date_gmt":"2013-11-26T18:52:15","guid":{"rendered":"http:\/\/www.cuidardocorpo.com\/blog?p=147"},"modified":"2024-10-01T11:23:22","modified_gmt":"2024-10-01T10:23:22","slug":"ulceras-de-pressao-o-grande-inimigo-de-muitos-147","status":"publish","type":"post","link":"https:\/\/www.cuidardocorpo.com\/blog\/ulceras-de-pressao-o-grande-inimigo-de-muitos-147\/","title":{"rendered":"\u00dalceras de Press\u00e3o &#8211; o grande inimigo de muitos"},"content":{"rendered":"<p style=\"text-align: justify;\">A <strong>\u00falcera de press\u00e3o<\/strong> pode ser definida como: uma les\u00e3o de pele causada pela interrup\u00e7\u00e3o de circula\u00e7\u00e3o sangu\u00ednea em uma determinada \u00e1rea, por um per\u00edodo prolongado. Tamb\u00e9m \u00e9 conhecida como \u00falcera de dec\u00fabito ou <strong>escara<\/strong>.<\/p>\n<p style=\"text-align: justify;\">Clarificando uma confus\u00e3o comum: O termo correto \u00e9 <strong>\u00falcera de press\u00e3o<\/strong>. \u00dalcera de dec\u00fabito refere-se a \u00falceras que surgem na posi\u00e7\u00e3o deitada, contudo as \u00falceras de press\u00e3o podem ocorrer na posi\u00e7\u00e3o sentada e em p\u00e9 (mesmo que estas \u00faltimas sejam muito raras).<\/p>\n<p style=\"text-align: justify;\">O termo <strong>escara<\/strong> deve ser utilizado apenas quando existe <a href=\"http:\/\/pt.wikipedia.org\/wiki\/Necrose\" target=\"_blank\" rel=\"nofollow noopener\">necrose celular<\/a>, ou seja, \u00e9 um estado avan\u00e7ado da les\u00e3o.<\/p>\n<h2>\u00dalcera de press\u00e3o, como se desenvolve?<img loading=\"lazy\" decoding=\"async\" style=\"margin-left: 15px; float: right;\" src=\"\/blog\/wp-content\/uploads\/2014\/10\/ulceras.JPG\" alt=\"ulceras\" width=\"200\" height=\"126\" \/><\/h2><!-- Dentro do texto --><ins class=\"adsbygoogle\"  style=\"display:inline-block;width:336px;height:280px\"     data-ad-client=\"ca-pub-6281798432166415\"    data-ad-slot=\"5069359289\"><\/ins>\n<p>A <strong>\u00falcera de press\u00e3o<\/strong> desenvolve-se quando ocorre uma compress\u00e3o do tecido mole entre uma proemin\u00eancia \u00f3ssea e uma superf\u00edcie dura por um per\u00edodo prolongado.<\/p>\n<p>Os locais mais frequentes para o seu desenvolvimento s\u00e3o: \u00a0coccix, sacro, calc\u00e2neos, tuberosidade isqui\u00e1tica (n\u00e1degas), troc\u00e2nteres, cotovelos e tronco.<\/p>\n<h2>Est\u00e1gios da \u00falcera de press\u00e3o<\/h2>\n<p style=\"text-align: justify;\">Est\u00e1gio 1 &#8211; Quando a pele est\u00e1 intacta, mas se observa vermelhid\u00e3o e um pouco de ulcera\u00e7\u00e3o de pele.<\/p>\n<p style=\"text-align: justify;\">Est\u00e1gio 2 &#8211; Quando a pele j\u00e1 est\u00e1 a perder espessura e manifesta uma bolha ou cratera superficial<\/p>\n<p style=\"text-align: justify;\">Est\u00e1gio 3 &#8211; Quando se observa uma ferida de espessura completa, envolvendo a epiderme, a derme e o subcut\u00e2neo.<\/p>\n<p style=\"text-align: justify;\">Est\u00e1gio 4 &#8211; Quando se tem uma les\u00e3o significante, onde h\u00e1 a destrui\u00e7\u00e3o ou necrose que atinge os m\u00fasculos, ossos e estruturas de suporte (tend\u00f5es e c\u00e1psula articular).<\/p>\n<h2>Causas e factores de risco<\/h2>\n<p style=\"text-align: justify;\">S\u00e3o v\u00e1rias as causas para o de desenvolvimento de uma\u00a0<strong>\u00falcera de press\u00e3o,<\/strong> como: a imobilidade prolongada, press\u00f5es prolongadas, fric\u00e7\u00e3o, traumatismos, idade avan\u00e7ada, desnutri\u00e7\u00e3o, infec\u00e7\u00f5es, d\u00e9fice vitam\u00ednico, press\u00e3o arterial elevada, humidade excessiva, edemas, etc.<\/p>\n<p style=\"text-align: justify;\">As probabilidades de desenvolver uma <strong>\u00falcera de press\u00e3o<\/strong> aumentam em pessoas acamadas que s\u00e3o, ou foram, fumadores, diab\u00e9ticos, com incontin\u00eancia fecal e\/ou urin\u00e1ria (uso de fraldas) e \u00a0com problemas de circula\u00e7\u00e3o arterial.<\/p>\n<h2>Preven\u00e7\u00e3o<\/h2>\n<p style=\"text-align: justify;\">Manter alguns cuidados com a pele \u00e9 fundamental para prevenir o aparecimento das <strong>\u00falceras de press\u00e3o<\/strong>.<\/p>\n<p style=\"text-align: justify;\">Alguns cuidados s\u00e3o muito importantes, e podem ser realizados desde os primeiros momentos em que a pessoa fica acamado, seja em casa, institui\u00e7\u00e3o ou hospital:<\/p>\n<ul style=\"list-style-type: square;\">\n<li style=\"text-align: justify;\">Alterar a posi\u00e7\u00e3o da pessoa a cada duas horas.<\/li>\n<li style=\"text-align: justify;\">Colocar almofadas macias nos tornozelos para elevar os calcanhares.<\/li>\n<li style=\"text-align: justify;\">Quando sentado mudar a posi\u00e7\u00e3o das pernas, alternando as \u00e1reas de apoio.<\/li>\n<li style=\"text-align: justify;\">Manter alimenta\u00e7\u00e3o rica em vitaminas e prote\u00ednas.<\/li>\n<li style=\"text-align: justify;\">Estar atento \u00e0 hidrata\u00e7\u00e3o.<\/li>\n<li style=\"text-align: justify;\">Trocar fraldas a cada tr\u00eas horas, mantendo a pessoa limpa e seca.<\/li>\n<li style=\"text-align: justify;\">Hidratar a pele com \u00f3leos e\/ou cremes com base vegetal<\/li>\n<li style=\"text-align: justify;\">Utilizar sabonetes com pH neutro para realizar a limpeza da regi\u00e3o genital.<\/li>\n<li style=\"text-align: justify;\">Estar atento para o aparecimento de candid\u00edase e outras infec\u00e7\u00f5es por fungos. Nesses casos, procurar o m\u00e9dico.<\/li>\n<li style=\"text-align: justify;\">Aplicar cremes anti-<strong>escaras<\/strong> ou lo\u00e7\u00f5es de protec\u00e7\u00e3o nas \u00e1reas com risco de les\u00e3o<\/li>\n<li style=\"text-align: justify;\">Realizar massagem suave na pele sadia, em \u00e1reas potenciais de press\u00e3o, com lo\u00e7\u00e3o hidratante e suave.\u00a0Aten\u00e7\u00e3o \u2013 nas \u00e1reas avermelhadas n\u00e3o se deve massajar, para n\u00e3o aumentar a \u00e1rea j\u00e1 lesionada.<\/li>\n<li style=\"text-align: justify;\">Manter a roupa da cama seca e bem esticada.<\/li>\n<\/ul>\n","protected":false},"excerpt":{"rendered":"<p>A \u00falcera de press\u00e3o pode ser definida como: uma les\u00e3o de pele causada pela interrup\u00e7\u00e3o de circula\u00e7\u00e3o sangu\u00ednea em uma determinada \u00e1rea, por um per\u00edodo prolongado. Tamb\u00e9m \u00e9 conhecida como \u00falcera de dec\u00fabito ou escara. Clarificando uma confus\u00e3o comum: O termo correto \u00e9 \u00falcera de press\u00e3o. \u00dalcera de dec\u00fabito refere-se a \u00falceras que surgem na [&hellip;]<\/p>\n","protected":false},"author":29,"featured_media":925,"comment_status":"open","ping_status":"open","sticky":false,"template":"","format":"standard","meta":{"_genesis_hide_title":false,"_genesis_hide_breadcrumbs":false,"_genesis_hide_singular_image":false,"_genesis_hide_footer_widgets":false,"_genesis_custom_body_class":"","_genesis_custom_post_class":"","_genesis_layout":"","ngg_post_thumbnail":0,"footnotes":""},"categories":[1],"tags":[128,310,305,131,307,127,175,126,309,306,103,130,176,308,174],"class_list":{"0":"post-147","1":"post","2":"type-post","3":"status-publish","4":"format-standard","5":"has-post-thumbnail","7":"category-uncategorized","8":"tag-acidente-vascular-cerebral","9":"tag-cuidados-em-acamados","10":"tag-cuidados-paleativos","11":"tag-enfermagem","12":"tag-escaras","13":"tag-geriatria","14":"tag-idosa","15":"tag-idoso","16":"tag-idosos","17":"tag-imobilidade","18":"tag-medicina","19":"tag-saude","20":"tag-terceira-idade","21":"tag-ulceras-de-pressao","22":"tag-velhice","23":"entry"},"yoast_head":"<!-- This site is optimized with the Yoast SEO plugin v27.5 - https:\/\/yoast.com\/product\/yoast-seo-wordpress\/ -->\n<title>\u00dalceras de Press\u00e3o - o grande inimigo de muitos<\/title>\n<meta name=\"description\" content=\"O que \u00e9 uma \u00falcera de press\u00e3o? Como se forma? Como podemos prevenir o seu aparecimento? Informe-se aqui e esclare\u00e7a as suas d\u00favidas!\" \/>\n<meta name=\"robots\" content=\"index, follow, max-snippet:-1, max-image-preview:large, max-video-preview:-1\" \/>\n<link rel=\"canonical\" href=\"https:\/\/www.cuidardocorpo.com\/blog\/ulceras-de-pressao-o-grande-inimigo-de-muitos-147\/\" \/>\n<meta name=\"twitter:label1\" content=\"Escrito por\" \/>\n\t<meta name=\"twitter:data1\" content=\"Patr\u00edcia Alexandra Aboim Rodrigues\" \/>\n\t<meta name=\"twitter:label2\" content=\"Tempo estimado de leitura\" \/>\n\t<meta name=\"twitter:data2\" content=\"4 minutos\" \/>\n<script type=\"application\/ld+json\" class=\"yoast-schema-graph\">{\"@context\":\"https:\\\/\\\/schema.org\",\"@graph\":[{\"@type\":\"Article\",\"@id\":\"https:\\\/\\\/www.cuidardocorpo.com\\\/blog\\\/ulceras-de-pressao-o-grande-inimigo-de-muitos-147\\\/#article\",\"isPartOf\":{\"@id\":\"https:\\\/\\\/www.cuidardocorpo.com\\\/blog\\\/ulceras-de-pressao-o-grande-inimigo-de-muitos-147\\\/\"},\"author\":{\"name\":\"Patr\u00edcia Alexandra Aboim Rodrigues\",\"@id\":\"https:\\\/\\\/www.cuidardocorpo.com\\\/blog\\\/#\\\/schema\\\/person\\\/2ec0790950466910cf07959a2d9145bd\"},\"headline\":\"\u00dalceras de Press\u00e3o &#8211; o grande inimigo de muitos\",\"datePublished\":\"2013-11-26T18:52:15+00:00\",\"dateModified\":\"2024-10-01T10:23:22+00:00\",\"mainEntityOfPage\":{\"@id\":\"https:\\\/\\\/www.cuidardocorpo.com\\\/blog\\\/ulceras-de-pressao-o-grande-inimigo-de-muitos-147\\\/\"},\"wordCount\":575,\"commentCount\":0,\"publisher\":{\"@id\":\"https:\\\/\\\/www.cuidardocorpo.com\\\/blog\\\/#organization\"},\"image\":{\"@id\":\"https:\\\/\\\/www.cuidardocorpo.com\\\/blog\\\/ulceras-de-pressao-o-grande-inimigo-de-muitos-147\\\/#primaryimage\"},\"thumbnailUrl\":\"https:\\\/\\\/www.cuidardocorpo.com\\\/blog\\\/wp-content\\\/uploads\\\/ulceras.JPG\",\"keywords\":[\"Acidente vascular cerebral\",\"cuidados em acamados\",\"cuidados paleativos\",\"enfermagem\",\"escaras\",\"geriatria\",\"idosa\",\"idoso\",\"idosos\",\"imobilidade\",\"medicina\",\"sa\u00fade\",\"terceira idade\",\"\u00falceras de press\u00e3o\",\"velhice\"],\"articleSection\":[\"Outros\"],\"inLanguage\":\"pt-PT\",\"potentialAction\":[{\"@type\":\"CommentAction\",\"name\":\"Comment\",\"target\":[\"https:\\\/\\\/www.cuidardocorpo.com\\\/blog\\\/ulceras-de-pressao-o-grande-inimigo-de-muitos-147\\\/#respond\"]}]},{\"@type\":\"WebPage\",\"@id\":\"https:\\\/\\\/www.cuidardocorpo.com\\\/blog\\\/ulceras-de-pressao-o-grande-inimigo-de-muitos-147\\\/\",\"url\":\"https:\\\/\\\/www.cuidardocorpo.com\\\/blog\\\/ulceras-de-pressao-o-grande-inimigo-de-muitos-147\\\/\",\"name\":\"\u00dalceras de Press\u00e3o - o grande inimigo de muitos\",\"isPartOf\":{\"@id\":\"https:\\\/\\\/www.cuidardocorpo.com\\\/blog\\\/#website\"},\"primaryImageOfPage\":{\"@id\":\"https:\\\/\\\/www.cuidardocorpo.com\\\/blog\\\/ulceras-de-pressao-o-grande-inimigo-de-muitos-147\\\/#primaryimage\"},\"image\":{\"@id\":\"https:\\\/\\\/www.cuidardocorpo.com\\\/blog\\\/ulceras-de-pressao-o-grande-inimigo-de-muitos-147\\\/#primaryimage\"},\"thumbnailUrl\":\"https:\\\/\\\/www.cuidardocorpo.com\\\/blog\\\/wp-content\\\/uploads\\\/ulceras.JPG\",\"datePublished\":\"2013-11-26T18:52:15+00:00\",\"dateModified\":\"2024-10-01T10:23:22+00:00\",\"description\":\"O que \u00e9 uma \u00falcera de press\u00e3o? Como se forma? Como podemos prevenir o seu aparecimento? Informe-se aqui e esclare\u00e7a as suas d\u00favidas!\",\"breadcrumb\":{\"@id\":\"https:\\\/\\\/www.cuidardocorpo.com\\\/blog\\\/ulceras-de-pressao-o-grande-inimigo-de-muitos-147\\\/#breadcrumb\"},\"inLanguage\":\"pt-PT\",\"potentialAction\":[{\"@type\":\"ReadAction\",\"target\":[\"https:\\\/\\\/www.cuidardocorpo.com\\\/blog\\\/ulceras-de-pressao-o-grande-inimigo-de-muitos-147\\\/\"]}]},{\"@type\":\"ImageObject\",\"inLanguage\":\"pt-PT\",\"@id\":\"https:\\\/\\\/www.cuidardocorpo.com\\\/blog\\\/ulceras-de-pressao-o-grande-inimigo-de-muitos-147\\\/#primaryimage\",\"url\":\"https:\\\/\\\/www.cuidardocorpo.com\\\/blog\\\/wp-content\\\/uploads\\\/ulceras.JPG\",\"contentUrl\":\"https:\\\/\\\/www.cuidardocorpo.com\\\/blog\\\/wp-content\\\/uploads\\\/ulceras.JPG\"},{\"@type\":\"BreadcrumbList\",\"@id\":\"https:\\\/\\\/www.cuidardocorpo.com\\\/blog\\\/ulceras-de-pressao-o-grande-inimigo-de-muitos-147\\\/#breadcrumb\",\"itemListElement\":[{\"@type\":\"ListItem\",\"position\":1,\"name\":\"In\u00edcio\",\"item\":\"https:\\\/\\\/www.cuidardocorpo.com\\\/blog\\\/\"},{\"@type\":\"ListItem\",\"position\":2,\"name\":\"\u00dalceras de Press\u00e3o &#8211; o grande inimigo de muitos\"}]},{\"@type\":\"WebSite\",\"@id\":\"https:\\\/\\\/www.cuidardocorpo.com\\\/blog\\\/#website\",\"url\":\"https:\\\/\\\/www.cuidardocorpo.com\\\/blog\\\/\",\"name\":\"Cuidar do Corpo\",\"description\":\"Leia os nossos artigos e fique a saber tudo o que precisa para Cuidar do seu Corpo. Sa\u00fade e Bem-estar com informa\u00e7\u00f5es especializadas.\",\"publisher\":{\"@id\":\"https:\\\/\\\/www.cuidardocorpo.com\\\/blog\\\/#organization\"},\"alternateName\":\"Cuidar do Corpo\",\"potentialAction\":[{\"@type\":\"SearchAction\",\"target\":{\"@type\":\"EntryPoint\",\"urlTemplate\":\"https:\\\/\\\/www.cuidardocorpo.com\\\/blog\\\/?s={search_term_string}\"},\"query-input\":{\"@type\":\"PropertyValueSpecification\",\"valueRequired\":true,\"valueName\":\"search_term_string\"}}],\"inLanguage\":\"pt-PT\"},{\"@type\":\"Organization\",\"@id\":\"https:\\\/\\\/www.cuidardocorpo.com\\\/blog\\\/#organization\",\"name\":\"Cuidar do Corpo\",\"alternateName\":\"Cuidar do Corpo\",\"url\":\"https:\\\/\\\/www.cuidardocorpo.com\\\/blog\\\/\",\"logo\":{\"@type\":\"ImageObject\",\"inLanguage\":\"pt-PT\",\"@id\":\"https:\\\/\\\/www.cuidardocorpo.com\\\/blog\\\/#\\\/schema\\\/logo\\\/image\\\/\",\"url\":\"https:\\\/\\\/www.cuidardocorpo.com\\\/blog\\\/wp-content\\\/uploads\\\/cropped-logo_cuidar_do_corpo.png\",\"contentUrl\":\"https:\\\/\\\/www.cuidardocorpo.com\\\/blog\\\/wp-content\\\/uploads\\\/cropped-logo_cuidar_do_corpo.png\",\"width\":1140,\"height\":335,\"caption\":\"Cuidar do Corpo\"},\"image\":{\"@id\":\"https:\\\/\\\/www.cuidardocorpo.com\\\/blog\\\/#\\\/schema\\\/logo\\\/image\\\/\"}},{\"@type\":\"Person\",\"@id\":\"https:\\\/\\\/www.cuidardocorpo.com\\\/blog\\\/#\\\/schema\\\/person\\\/2ec0790950466910cf07959a2d9145bd\",\"name\":\"Patr\u00edcia Alexandra Aboim Rodrigues\",\"image\":{\"@type\":\"ImageObject\",\"inLanguage\":\"pt-PT\",\"@id\":\"https:\\\/\\\/secure.gravatar.com\\\/avatar\\\/c3a17d93a837d2f4ca6005be737fa5a4a44d8e169290c5e27f763695125ce451?s=96&d=mm&r=g\",\"url\":\"https:\\\/\\\/secure.gravatar.com\\\/avatar\\\/c3a17d93a837d2f4ca6005be737fa5a4a44d8e169290c5e27f763695125ce451?s=96&d=mm&r=g\",\"contentUrl\":\"https:\\\/\\\/secure.gravatar.com\\\/avatar\\\/c3a17d93a837d2f4ca6005be737fa5a4a44d8e169290c5e27f763695125ce451?s=96&d=mm&r=g\",\"caption\":\"Patr\u00edcia Alexandra Aboim Rodrigues\"},\"description\":\"Fisioterapeuta - especializa\u00e7\u00e3o em Hidroterapia; Arte- terapeuta; Formadora; Professora de Dan\u00e7as Tradicionais; Instrutora de Aqua-Taichi; Pr\u00e1tica regular de Tai-chi e Medita\u00e7\u00e3o; Participa\u00e7\u00e3o em actividades de teatro amador; S\u00f3lidos conhecimentos de Produtos Naturais; Iniciada em Reiki; Participa\u00e7\u00e3o em atividades de Cura Qu\u00e2ntica e outras Terapias Alternativas; Principais Hobbies: Escrita, jardinagem, cozinha, leitura, e artesanato reciclado.\",\"sameAs\":[\"https:\\\/\\\/www.facebook.com\\\/patricia.aboim\"],\"url\":\"https:\\\/\\\/www.cuidardocorpo.com\\\/blog\\\/author\\\/patricia-alexandra-aboim-rodrigues\\\/\"}]}<\/script>\n<!-- \/ Yoast SEO plugin. -->","yoast_head_json":{"title":"\u00dalceras de Press\u00e3o - o grande inimigo de muitos","description":"O que \u00e9 uma \u00falcera de press\u00e3o? Como se forma? Como podemos prevenir o seu aparecimento? Informe-se aqui e esclare\u00e7a as suas d\u00favidas!","robots":{"index":"index","follow":"follow","max-snippet":"max-snippet:-1","max-image-preview":"max-image-preview:large","max-video-preview":"max-video-preview:-1"},"canonical":"https:\/\/www.cuidardocorpo.com\/blog\/ulceras-de-pressao-o-grande-inimigo-de-muitos-147\/","twitter_misc":{"Escrito por":"Patr\u00edcia Alexandra Aboim Rodrigues","Tempo estimado de leitura":"4 minutos"},"schema":{"@context":"https:\/\/schema.org","@graph":[{"@type":"Article","@id":"https:\/\/www.cuidardocorpo.com\/blog\/ulceras-de-pressao-o-grande-inimigo-de-muitos-147\/#article","isPartOf":{"@id":"https:\/\/www.cuidardocorpo.com\/blog\/ulceras-de-pressao-o-grande-inimigo-de-muitos-147\/"},"author":{"name":"Patr\u00edcia Alexandra Aboim Rodrigues","@id":"https:\/\/www.cuidardocorpo.com\/blog\/#\/schema\/person\/2ec0790950466910cf07959a2d9145bd"},"headline":"\u00dalceras de Press\u00e3o &#8211; o grande inimigo de muitos","datePublished":"2013-11-26T18:52:15+00:00","dateModified":"2024-10-01T10:23:22+00:00","mainEntityOfPage":{"@id":"https:\/\/www.cuidardocorpo.com\/blog\/ulceras-de-pressao-o-grande-inimigo-de-muitos-147\/"},"wordCount":575,"commentCount":0,"publisher":{"@id":"https:\/\/www.cuidardocorpo.com\/blog\/#organization"},"image":{"@id":"https:\/\/www.cuidardocorpo.com\/blog\/ulceras-de-pressao-o-grande-inimigo-de-muitos-147\/#primaryimage"},"thumbnailUrl":"https:\/\/www.cuidardocorpo.com\/blog\/wp-content\/uploads\/ulceras.JPG","keywords":["Acidente vascular cerebral","cuidados em acamados","cuidados paleativos","enfermagem","escaras","geriatria","idosa","idoso","idosos","imobilidade","medicina","sa\u00fade","terceira idade","\u00falceras de press\u00e3o","velhice"],"articleSection":["Outros"],"inLanguage":"pt-PT","potentialAction":[{"@type":"CommentAction","name":"Comment","target":["https:\/\/www.cuidardocorpo.com\/blog\/ulceras-de-pressao-o-grande-inimigo-de-muitos-147\/#respond"]}]},{"@type":"WebPage","@id":"https:\/\/www.cuidardocorpo.com\/blog\/ulceras-de-pressao-o-grande-inimigo-de-muitos-147\/","url":"https:\/\/www.cuidardocorpo.com\/blog\/ulceras-de-pressao-o-grande-inimigo-de-muitos-147\/","name":"\u00dalceras de Press\u00e3o - o grande inimigo de muitos","isPartOf":{"@id":"https:\/\/www.cuidardocorpo.com\/blog\/#website"},"primaryImageOfPage":{"@id":"https:\/\/www.cuidardocorpo.com\/blog\/ulceras-de-pressao-o-grande-inimigo-de-muitos-147\/#primaryimage"},"image":{"@id":"https:\/\/www.cuidardocorpo.com\/blog\/ulceras-de-pressao-o-grande-inimigo-de-muitos-147\/#primaryimage"},"thumbnailUrl":"https:\/\/www.cuidardocorpo.com\/blog\/wp-content\/uploads\/ulceras.JPG","datePublished":"2013-11-26T18:52:15+00:00","dateModified":"2024-10-01T10:23:22+00:00","description":"O que \u00e9 uma \u00falcera de press\u00e3o? Como se forma? Como podemos prevenir o seu aparecimento? Informe-se aqui e esclare\u00e7a as suas d\u00favidas!","breadcrumb":{"@id":"https:\/\/www.cuidardocorpo.com\/blog\/ulceras-de-pressao-o-grande-inimigo-de-muitos-147\/#breadcrumb"},"inLanguage":"pt-PT","potentialAction":[{"@type":"ReadAction","target":["https:\/\/www.cuidardocorpo.com\/blog\/ulceras-de-pressao-o-grande-inimigo-de-muitos-147\/"]}]},{"@type":"ImageObject","inLanguage":"pt-PT","@id":"https:\/\/www.cuidardocorpo.com\/blog\/ulceras-de-pressao-o-grande-inimigo-de-muitos-147\/#primaryimage","url":"https:\/\/www.cuidardocorpo.com\/blog\/wp-content\/uploads\/ulceras.JPG","contentUrl":"https:\/\/www.cuidardocorpo.com\/blog\/wp-content\/uploads\/ulceras.JPG"},{"@type":"BreadcrumbList","@id":"https:\/\/www.cuidardocorpo.com\/blog\/ulceras-de-pressao-o-grande-inimigo-de-muitos-147\/#breadcrumb","itemListElement":[{"@type":"ListItem","position":1,"name":"In\u00edcio","item":"https:\/\/www.cuidardocorpo.com\/blog\/"},{"@type":"ListItem","position":2,"name":"\u00dalceras de Press\u00e3o &#8211; o grande inimigo de muitos"}]},{"@type":"WebSite","@id":"https:\/\/www.cuidardocorpo.com\/blog\/#website","url":"https:\/\/www.cuidardocorpo.com\/blog\/","name":"Cuidar do Corpo","description":"Leia os nossos artigos e fique a saber tudo o que precisa para Cuidar do seu Corpo. Sa\u00fade e Bem-estar com informa\u00e7\u00f5es especializadas.","publisher":{"@id":"https:\/\/www.cuidardocorpo.com\/blog\/#organization"},"alternateName":"Cuidar do Corpo","potentialAction":[{"@type":"SearchAction","target":{"@type":"EntryPoint","urlTemplate":"https:\/\/www.cuidardocorpo.com\/blog\/?s={search_term_string}"},"query-input":{"@type":"PropertyValueSpecification","valueRequired":true,"valueName":"search_term_string"}}],"inLanguage":"pt-PT"},{"@type":"Organization","@id":"https:\/\/www.cuidardocorpo.com\/blog\/#organization","name":"Cuidar do Corpo","alternateName":"Cuidar do Corpo","url":"https:\/\/www.cuidardocorpo.com\/blog\/","logo":{"@type":"ImageObject","inLanguage":"pt-PT","@id":"https:\/\/www.cuidardocorpo.com\/blog\/#\/schema\/logo\/image\/","url":"https:\/\/www.cuidardocorpo.com\/blog\/wp-content\/uploads\/cropped-logo_cuidar_do_corpo.png","contentUrl":"https:\/\/www.cuidardocorpo.com\/blog\/wp-content\/uploads\/cropped-logo_cuidar_do_corpo.png","width":1140,"height":335,"caption":"Cuidar do Corpo"},"image":{"@id":"https:\/\/www.cuidardocorpo.com\/blog\/#\/schema\/logo\/image\/"}},{"@type":"Person","@id":"https:\/\/www.cuidardocorpo.com\/blog\/#\/schema\/person\/2ec0790950466910cf07959a2d9145bd","name":"Patr\u00edcia Alexandra Aboim Rodrigues","image":{"@type":"ImageObject","inLanguage":"pt-PT","@id":"https:\/\/secure.gravatar.com\/avatar\/c3a17d93a837d2f4ca6005be737fa5a4a44d8e169290c5e27f763695125ce451?s=96&d=mm&r=g","url":"https:\/\/secure.gravatar.com\/avatar\/c3a17d93a837d2f4ca6005be737fa5a4a44d8e169290c5e27f763695125ce451?s=96&d=mm&r=g","contentUrl":"https:\/\/secure.gravatar.com\/avatar\/c3a17d93a837d2f4ca6005be737fa5a4a44d8e169290c5e27f763695125ce451?s=96&d=mm&r=g","caption":"Patr\u00edcia Alexandra Aboim Rodrigues"},"description":"Fisioterapeuta - especializa\u00e7\u00e3o em Hidroterapia; Arte- terapeuta; Formadora; Professora de Dan\u00e7as Tradicionais; Instrutora de Aqua-Taichi; Pr\u00e1tica regular de Tai-chi e Medita\u00e7\u00e3o; Participa\u00e7\u00e3o em actividades de teatro amador; S\u00f3lidos conhecimentos de Produtos Naturais; Iniciada em Reiki; Participa\u00e7\u00e3o em atividades de Cura Qu\u00e2ntica e outras Terapias Alternativas; Principais Hobbies: Escrita, jardinagem, cozinha, leitura, e artesanato reciclado.","sameAs":["https:\/\/www.facebook.com\/patricia.aboim"],"url":"https:\/\/www.cuidardocorpo.com\/blog\/author\/patricia-alexandra-aboim-rodrigues\/"}]}},"amp_enabled":true,"_links":{"self":[{"href":"https:\/\/www.cuidardocorpo.com\/blog\/wp-json\/wp\/v2\/posts\/147","targetHints":{"allow":["GET"]}}],"collection":[{"href":"https:\/\/www.cuidardocorpo.com\/blog\/wp-json\/wp\/v2\/posts"}],"about":[{"href":"https:\/\/www.cuidardocorpo.com\/blog\/wp-json\/wp\/v2\/types\/post"}],"author":[{"embeddable":true,"href":"https:\/\/www.cuidardocorpo.com\/blog\/wp-json\/wp\/v2\/users\/29"}],"replies":[{"embeddable":true,"href":"https:\/\/www.cuidardocorpo.com\/blog\/wp-json\/wp\/v2\/comments?post=147"}],"version-history":[{"count":2,"href":"https:\/\/www.cuidardocorpo.com\/blog\/wp-json\/wp\/v2\/posts\/147\/revisions"}],"predecessor-version":[{"id":4046,"href":"https:\/\/www.cuidardocorpo.com\/blog\/wp-json\/wp\/v2\/posts\/147\/revisions\/4046"}],"wp:featuredmedia":[{"embeddable":true,"href":"https:\/\/www.cuidardocorpo.com\/blog\/wp-json\/wp\/v2\/media\/925"}],"wp:attachment":[{"href":"https:\/\/www.cuidardocorpo.com\/blog\/wp-json\/wp\/v2\/media?parent=147"}],"wp:term":[{"taxonomy":"category","embeddable":true,"href":"https:\/\/www.cuidardocorpo.com\/blog\/wp-json\/wp\/v2\/categories?post=147"},{"taxonomy":"post_tag","embeddable":true,"href":"https:\/\/www.cuidardocorpo.com\/blog\/wp-json\/wp\/v2\/tags?post=147"}],"curies":[{"name":"wp","href":"https:\/\/api.w.org\/{rel}","templated":true}]}}