{"id":2797,"date":"2024-05-05T23:17:07","date_gmt":"2024-05-05T22:17:07","guid":{"rendered":"https:\/\/www.cuidardocorpo.com\/blog\/queda-de-cabelo\/"},"modified":"2024-10-03T17:24:40","modified_gmt":"2024-10-03T16:24:40","slug":"queda-de-cabelo","status":"publish","type":"post","link":"https:\/\/www.cuidardocorpo.com\/blog\/queda-de-cabelo\/","title":{"rendered":"Como Combater a Queda de Cabelo: Dicas e Tratamentos"},"content":{"rendered":"<p>A queda de cabelo \u00e9 uma preocupa\u00e7\u00e3o comum que afeta muitas pessoas em todo o mundo. Compreender as causas, implementar uma dieta adequada, explorar tratamentos caseiros e profissionais, e ajustar o estilo de vida s\u00e3o passos essenciais para combater este problema. Este artigo oferece uma vis\u00e3o abrangente sobre diversas estrat\u00e9gias e tratamentos para fortalecer o cabelo e prevenir a sua queda.<\/p>\n<h3>Principais Conclus\u00f5es<\/h3>\n<ul>\n<li>Identificar as causas gen\u00e9ticas e hormonais pode ajudar a personalizar o tratamento da queda de cabelo.<\/li>\n<li>Incluir nutrientes essenciais como vitaminas e minerais na dieta pode fortalecer o cabelo.<\/li>\n<li>Os tratamentos caseiros, como m\u00e1scaras capilares e \u00f3leos essenciais, s\u00e3o acess\u00edveis e eficazes.<\/li>\n<li>Consultar profissionais e considerar tratamentos avan\u00e7ados pode ser crucial para casos severos.<\/li>\n<li>Mudan\u00e7as no estilo de vida, como gerenciar o estresse e melhorar o sono, s\u00e3o fundamentais para prevenir a queda de cabelo.<\/li>\n<\/ul>\n<h2>Entendendo as Causas da Queda de Cabelo<\/h2><!-- Dentro do texto --><ins class=\"adsbygoogle\"  style=\"display:inline-block;width:336px;height:280px\"     data-ad-client=\"ca-pub-6281798432166415\"    data-ad-slot=\"5069359289\"><\/ins>\n<p><img decoding=\"async\" style=\"max-width: 100%; max-height: 200px;\" src=\"https:\/\/www.cuidardocorpo.com\/blog\/wp-content\/uploads\/353_thumbnail.jpg\" alt=\"Entendendo as Causas da Queda de Cabelo\" ><\/p>\n<h3>Fatores Gen\u00e9ticos<\/h3>\n<p>A gen\u00e9tica desempenha um papel crucial na <a href=\"https:\/\/www.cuidardocorpo.com\/blog\/transplante-inovador-resolve-calvicie-e-queda-de-cabelo-515\/\">queda de cabelo<\/a>, especialmente na calv\u00edcie de padr\u00e3o masculino e feminino. Se os seus pais ou av\u00f3s tiveram queda de cabelo, as chances s\u00e3o maiores de que voc\u00ea tamb\u00e9m possa enfrentar o mesmo problema. <strong>Entender o hist\u00f3rico familiar pode ajudar a prever e a gerir a sua situa\u00e7\u00e3o.<\/strong><\/p>\n<h3>Influ\u00eancia Hormonal<\/h3>\n<p>Altera\u00e7\u00f5es hormonais podem causar queda de cabelo tempor\u00e1ria ou permanente. Isso \u00e9 comum durante a gravidez, menopausa ou como efeito colateral de certos medicamentos. Ajustar o equil\u00edbrio hormonal, muitas vezes, pode melhorar a sa\u00fade do cabelo.<\/p>\n<h3>Estresse e Estilo de Vida<\/h3>\n<p>O estilo de vida acelerado e o estresse do dia a dia podem afetar significativamente a sa\u00fade do seu cabelo. Pr\u00e1ticas como uma alimenta\u00e7\u00e3o balanceada, exerc\u00edcios regulares e um sono adequado s\u00e3o essenciais para manter a sa\u00fade capilar. A redu\u00e7\u00e3o do estresse atrav\u00e9s de t\u00e9cnicas de relaxamento ou medita\u00e7\u00e3o pode ser muito ben\u00e9fica.<\/p>\n<h2>Alimenta\u00e7\u00e3o e Nutri\u00e7\u00e3o para Fortalecer o Cabelo<\/h2>\n<p><img decoding=\"async\" style=\"max-width: 100%; max-height: 200px;\" src=\"https:\/\/www.cuidardocorpo.com\/blog\/wp-content\/uploads\/354_thumbnail.jpg\" alt=\"Alimenta\u00e7\u00e3o e Nutri\u00e7\u00e3o para Fortalecer o Cabelo\" ><\/p>\n<h3>Vitaminas e Minerais Essenciais<\/h3>\n<p>Para manter o cabelo saud\u00e1vel e forte, \u00e9 crucial incluir uma variedade de vitaminas e minerais na sua dieta. <strong>Vitamina A<\/strong> promove a produ\u00e7\u00e3o de sebo no couro cabeludo, enquanto a vitamina E ajuda a proteger os seus fios contra danos ambientais. O zinco e o ferro s\u00e3o fundamentais para o crescimento do cabelo, evitando a queda.<\/p>\n<h3>Alimentos que Promovem o Crescimento do Cabelo<\/h3>\n<p>Incluir alimentos ricos em prote\u00ednas, como peixe, carne, ovos e leguminosas, \u00e9 essencial, pois o cabelo \u00e9 composto principalmente por prote\u00edna. Alimentos ricos em <em>\u00f4mega-3<\/em>, como salm\u00e3o e nozes, tamb\u00e9m s\u00e3o ben\u00e9ficos para a sa\u00fade do cabelo, pois proporcionam os \u00f3leos necess\u00e1rios para manter o cabelo hidratado.<\/p>\n<h3>Hidrata\u00e7\u00e3o e Sa\u00fade Capilar<\/h3>\n<p>Manter-se hidratado \u00e9 vital para a sa\u00fade do cabelo. Beber bastante \u00e1gua ajuda a manter o cabelo hidratado de dentro para fora, promovendo um couro cabeludo saud\u00e1vel e cabelo brilhante. Al\u00e9m disso, usar produtos adequados para o seu tipo de cabelo pode ajudar a manter a hidrata\u00e7\u00e3o e proteger contra danos externos.<\/p>\n<h2>Tratamentos Caseiros e Naturais<\/h2>\n<p><img decoding=\"async\" style=\"max-width: 100%; max-height: 200px;\" src=\"https:\/\/www.cuidardocorpo.com\/blog\/wp-content\/uploads\/355_thumbnail.jpg\" alt=\"Tratamentos Caseiros e Naturais\" ><\/p>\n<h3>\u00d3leos Essenciais e Suas Vantagens<\/h3>\n<p>Os \u00f3leos essenciais n\u00e3o s\u00e3o apenas arom\u00e1ticos, mas tamb\u00e9m podem ser extremamente ben\u00e9ficos para o cabelo. O \u00f3leo de lavanda, por exemplo, \u00e9 conhecido por promover o crescimento do cabelo e reduzir o stress. <strong>Incorporar \u00f3leos essenciais na sua rotina de cuidados com o cabelo pode ser uma mudan\u00e7a simples, mas eficaz.<\/strong><\/p>\n<h3>M\u00e1scaras Capilares DIY<\/h3>\n<p>Fazer suas pr\u00f3prias m\u00e1scaras capilares em casa \u00e9 uma forma divertida e eficiente de nutrir o cabelo. Aqui est\u00e3o alguns ingredientes que voc\u00ea pode usar:<\/p>\n<ul>\n<li>Abacate, conhecido por suas propriedades hidratantes<\/li>\n<li>Mel, que \u00e9 um excelente umectante<\/li>\n<li>Ovo, rico em prote\u00ednas que fortalecem o cabelo<\/li>\n<\/ul>\n<h3>Ervas e Plantas para o Cuidado do Cabelo<\/h3>\n<p>Ervas como alecrim e hortel\u00e3 n\u00e3o s\u00f3 t\u00eam um cheiro maravilhoso, mas tamb\u00e9m s\u00e3o conhecidas por suas propriedades que estimulam o crescimento do cabelo. A aplica\u00e7\u00e3o regular de infus\u00f5es de ervas pode revitalizar o couro cabeludo e promover um cabelo mais saud\u00e1vel. <em>Experimente fazer um enx\u00e1gue capilar com ch\u00e1 de ervas<\/em> para ver os benef\u00edcios por si mesmo.<\/p>\n<h2>Produtos e Tratamentos Profissionais<\/h2>\n<p><img decoding=\"async\" style=\"max-width: 100%; max-height: 200px;\" src=\"https:\/\/www.cuidardocorpo.com\/blog\/wp-content\/uploads\/356_thumbnail.jpg\" alt=\"Produtos e Tratamentos Profissionais\" ><\/p>\n<h3>Shampoos e Condicionadores Espec\u00edficos<\/h3>\n<p>No mercado, existe uma vasta gama de shampoos e condicionadores que prometem combater a queda de cabelo. \u00c9 importante escolher produtos que se adequem ao seu tipo de cabelo e \u00e0s suas necessidades espec\u00edficas. Procure por produtos que contenham ingredientes como biotina, queratina e <em>\u00f3leo de argan<\/em>, que ajudam a fortalecer os fios e promover o crescimento saud\u00e1vel do cabelo.<\/p>\n<h3>Tratamentos de Cl\u00ednica<\/h3>\n<p>Para casos mais severos de queda de cabelo, tratamentos cl\u00ednicos podem ser a solu\u00e7\u00e3o. <a href=\"https:\/\/www.cuidardocorpo.com\/blog\/resolva-a-calvicie-com-implantes-capilares\/\">Implantes capilares s\u00e3o uma solu\u00e7\u00e3o eficaz<\/a>, influenciada por v\u00e1rios fatores como gen\u00e9tica e ambiente. Tratamentos como Transplante Capilar FUE podem resolver casos severos. Consulte um especialista para avaliar as melhores op\u00e7\u00f5es para o seu caso.<\/p>\n<h3>Tecnologias Avan\u00e7adas em Tratamento Capilar<\/h3>\n<p>A tecnologia tem avan\u00e7ado significativamente na \u00e1rea de tratamento capilar. Dispositivos como lasers de baixa pot\u00eancia e sistemas de microagulhamento est\u00e3o se tornando populares para estimular o crescimento do cabelo e melhorar a sa\u00fade do couro cabeludo. Estes m\u00e9todos podem ser combinados com tratamentos t\u00f3picos para maximizar os resultados.<\/p>\n<div data-youtube-video><iframe loading=\"lazy\" width=\"480\" height=\"270\" src=\"https:\/\/www.youtube.com\/embed\/VQhm4YwI9vg\"><\/iframe><\/div>\n<h2>Mudan\u00e7as no Estilo de Vida para Prevenir a Queda de Cabelo<\/h2>\n<p><img decoding=\"async\" style=\"max-width: 100%; max-height: 200px;\" src=\"https:\/\/www.cuidardocorpo.com\/blog\/wp-content\/uploads\/357_thumbnail.jpg\" alt=\"Mudan\u00e7as no Estilo de Vida para Prevenir a Queda de Cabelo\" ><\/p>\n<h3>Gerenciamento do Estresse<\/h3>\n<p>O estresse \u00e9 um dos principais vil\u00f5es quando se trata de sa\u00fade capilar. Pr\u00e1ticas como medita\u00e7\u00e3o, yoga e at\u00e9 mesmo passatempos relaxantes podem ajudar a reduzir os n\u00edveis de estresse e, consequentemente, a <a href=\"https:\/\/www.cuidardocorpo.com\/blog\/enfrente-a-queda-de-cabelo-com-implantes-capilares-406\/\">queda de cabelo<\/a>. <strong>Manter uma rotina di\u00e1ria<\/strong> que inclua momentos de relaxamento \u00e9 essencial.<\/p>\n<h3>Exerc\u00edcio F\u00edsico Regular<\/h3>\n<p>A pr\u00e1tica regular de exerc\u00edcios n\u00e3o s\u00f3 beneficia o corpo como tamb\u00e9m a sa\u00fade dos cabelos. Exerc\u00edcios como caminhada, nata\u00e7\u00e3o ou ciclismo melhoram a circula\u00e7\u00e3o sangu\u00ednea, o que \u00e9 crucial para o transporte de nutrientes para o couro cabeludo. Incluir <em>exerc\u00edcios<\/em> na sua rotina pode ser um grande aliado na luta contra a queda de cabelo.<\/p>\n<h3>Sono Adequado e Descanso<\/h3>\n<p>Uma boa noite de sono \u00e9 fundamental para a regenera\u00e7\u00e3o de todo o corpo, incluindo os cabelos. Assegure-se de dormir entre 7 a 8 horas por noite para que o seu corpo possa recuperar e fortalecer os fol\u00edculos capilares. A falta de sono pode levar a um aumento do estresse, que \u00e9 um dos fatores de risco para a queda de cabelo.<\/p>\n<h2>Quando Procurar Ajuda Profissional<\/h2>\n<p><img decoding=\"async\" style=\"max-width: 100%; max-height: 200px;\" src=\"https:\/\/www.cuidardocorpo.com\/blog\/wp-content\/uploads\/358_thumbnail.jpg\" alt=\"Quando Procurar Ajuda Profissional\" ><\/p>\n<h3>Sinais de Alerta para Queda de Cabelo Severa<\/h3>\n<p>A perda de cabelo pode ser um fen\u00f3meno natural, mas existem certos sinais de alerta que n\u00e3o devem ser ignorados. Se notar uma queda significativa e repentina ou \u00e1reas calvas que se desenvolvem de forma inesperada, \u00e9 crucial considerar uma consulta profissional. A presen\u00e7a de dor no couro cabeludo ou altera\u00e7\u00f5es na textura do cabelo tamb\u00e9m s\u00e3o indicativos de que algo mais s\u00e9rio pode estar a ocorrer.<\/p>\n<h3>Escolhendo o Especialista Certo<\/h3>\n<p>A escolha de um especialista em sa\u00fade capilar \u00e9 fundamental. Procure por profissionais com boas refer\u00eancias e especializa\u00e7\u00e3o na \u00e1rea de tricologia. <strong>Certifique-se de que o especialista escolhido tenha uma boa reputa\u00e7\u00e3o<\/strong> e possa oferecer um diagn\u00f3stico preciso, al\u00e9m de um plano de tratamento adequado \u00e0 sua situa\u00e7\u00e3o espec\u00edfica.<\/p>\n<h3>O que Esperar da Consulta<\/h3>\n<p>Durante a consulta, o especialista ir\u00e1 avaliar a sa\u00fade do seu couro cabeludo e cabelo, discutir o seu hist\u00f3rico m\u00e9dico e poss\u00edveis causas para a queda de cabelo. Esteja preparado para responder perguntas sobre a sua dieta, estilo de vida e qualquer medica\u00e7\u00e3o que esteja a tomar. O diagn\u00f3stico pode incluir exames como an\u00e1lises ao sangue para verificar defici\u00eancias nutricionais ou desequil\u00edbrios hormonais.<\/p>\n<h2>Conclus\u00e3o<\/h2>\n<p>Chegar ao fim deste guia sobre como combater a queda de cabelo mostra que voc\u00ea est\u00e1 pronto para tomar medidas e cuidar da sa\u00fade do seu cabelo. Lembre-se de que cada pessoa \u00e9 \u00fanica, e o que funciona para um pode n\u00e3o funcionar para outro. Experimente diferentes dicas e tratamentos, consulte especialistas quando necess\u00e1rio e mantenha uma rotina saud\u00e1vel. Com paci\u00eancia e persist\u00eancia, voc\u00ea poder\u00e1 ver melhorias significativas e sentir-se mais confiante com o seu cabelo. Boa sorte na sua jornada para um cabelo mais forte e saud\u00e1vel!<\/p>\n<h2>Perguntas Frequentes<\/h2>\n<h3>Quais s\u00e3o as principais causas da queda de cabelo?<\/h3>\n<p>A queda de cabelo pode ser causada por diversos fatores, incluindo gen\u00e9tica, desequil\u00edbrios hormonais, estresse, e defici\u00eancias nutricionais.<\/p>\n<h3>Como posso fortalecer meu cabelo atrav\u00e9s da alimenta\u00e7\u00e3o?<\/h3>\n<p>Incluir alimentos ricos em vitaminas e minerais essenciais, como ferro, zinco, vitaminas do complexo B, e prote\u00ednas, pode ajudar a fortalecer o cabelo.<\/p>\n<h3>Existem tratamentos caseiros eficazes para a queda de cabelo?<\/h3>\n<p>Sim, tratamentos como m\u00e1scaras capilares DIY com ingredientes naturais e \u00f3leos essenciais podem ajudar a nutrir e fortalecer o cabelo.<\/p>\n<h3>Quando devo considerar produtos ou tratamentos profissionais para a queda de cabelo?<\/h3>\n<p>Se a queda de cabelo for severa ou persistente, produtos especializados e tratamentos profissionais podem ser necess\u00e1rios.<\/p>\n<h3>Que mudan\u00e7as no estilo de vida podem ajudar a prevenir a queda de cabelo?<\/h3>\n<p>Gerenciar o estresse, manter uma rotina regular de exerc\u00edcios f\u00edsicos e garantir um sono adequado s\u00e3o essenciais para a sa\u00fade capilar.<\/p>\n<h3>Como escolher o especialista certo para tratar a queda de cabelo?<\/h3>\n<p>Procure um dermatologista ou tricologista com boas refer\u00eancias e experi\u00eancia no tratamento de problemas capilares.<\/p>\n","protected":false},"excerpt":{"rendered":"<p>A queda de cabelo \u00e9 uma preocupa\u00e7\u00e3o comum que afeta muitas pessoas em todo o mundo. Compreender as causas, implementar uma dieta adequada, explorar tratamentos caseiros e profissionais, e ajustar o estilo de vida s\u00e3o passos essenciais para combater este problema. Este artigo oferece uma vis\u00e3o abrangente sobre diversas estrat\u00e9gias e tratamentos para fortalecer o [&hellip;]<\/p>\n","protected":false},"author":67,"featured_media":2795,"comment_status":"closed","ping_status":"closed","sticky":false,"template":"","format":"standard","meta":{"_genesis_hide_title":false,"_genesis_hide_breadcrumbs":false,"_genesis_hide_singular_image":false,"_genesis_hide_footer_widgets":false,"_genesis_custom_body_class":"","_genesis_custom_post_class":"","_genesis_layout":"","ngg_post_thumbnail":0,"footnotes":""},"categories":[662,691,663,973],"tags":[],"class_list":{"0":"post-2797","1":"post","2":"type-post","3":"status-publish","4":"format-standard","5":"has-post-thumbnail","7":"category-cabelo","8":"category-estetica","9":"category-truques-de-beleza","10":"category-zzcuidardocorpo","11":"entry"},"yoast_head":"<!-- This site is optimized with the Yoast SEO plugin v27.5 - https:\/\/yoast.com\/product\/yoast-seo-wordpress\/ -->\n<title>Como Combater a Queda de Cabelo: Dicas e Tratamentos<\/title>\n<meta name=\"description\" content=\"Leia o artigo: Como Combater a Queda de Cabelo: Dicas e Tratamentos e tenha acesso a informa\u00e7\u00e3o especializada sobre o assunto.\" \/>\n<meta name=\"robots\" content=\"index, follow, max-snippet:-1, max-image-preview:large, max-video-preview:-1\" \/>\n<link rel=\"canonical\" href=\"https:\/\/www.cuidardocorpo.com\/blog\/queda-de-cabelo\/\" \/>\n<meta name=\"twitter:label1\" content=\"Escrito por\" \/>\n\t<meta name=\"twitter:data1\" content=\"Lu\u00eds Rodrigues\" \/>\n\t<meta name=\"twitter:label2\" content=\"Tempo estimado de leitura\" \/>\n\t<meta name=\"twitter:data2\" content=\"10 minutos\" \/>\n<script type=\"application\/ld+json\" class=\"yoast-schema-graph\">{\"@context\":\"https:\\\/\\\/schema.org\",\"@graph\":[{\"@type\":\"Article\",\"@id\":\"https:\\\/\\\/www.cuidardocorpo.com\\\/blog\\\/queda-de-cabelo\\\/#article\",\"isPartOf\":{\"@id\":\"https:\\\/\\\/www.cuidardocorpo.com\\\/blog\\\/queda-de-cabelo\\\/\"},\"author\":{\"name\":\"Lu\u00eds Rodrigues\",\"@id\":\"https:\\\/\\\/www.cuidardocorpo.com\\\/blog\\\/#\\\/schema\\\/person\\\/72f8ad7dd5fa9b440bebb5df9ee78ed8\"},\"headline\":\"Como Combater a Queda de Cabelo: Dicas e Tratamentos\",\"datePublished\":\"2024-05-05T22:17:07+00:00\",\"dateModified\":\"2024-10-03T16:24:40+00:00\",\"mainEntityOfPage\":{\"@id\":\"https:\\\/\\\/www.cuidardocorpo.com\\\/blog\\\/queda-de-cabelo\\\/\"},\"wordCount\":1630,\"publisher\":{\"@id\":\"https:\\\/\\\/www.cuidardocorpo.com\\\/blog\\\/#organization\"},\"image\":{\"@id\":\"https:\\\/\\\/www.cuidardocorpo.com\\\/blog\\\/queda-de-cabelo\\\/#primaryimage\"},\"thumbnailUrl\":\"https:\\\/\\\/www.cuidardocorpo.com\\\/blog\\\/wp-content\\\/uploads\\\/4cfaaef7thumbnail.jpeg\",\"articleSection\":[\"Cabelo\",\"Est\u00e9tica\",\"Truques de Beleza\",\"ZZ_Cuidar do Corpo\"],\"inLanguage\":\"pt-PT\"},{\"@type\":\"WebPage\",\"@id\":\"https:\\\/\\\/www.cuidardocorpo.com\\\/blog\\\/queda-de-cabelo\\\/\",\"url\":\"https:\\\/\\\/www.cuidardocorpo.com\\\/blog\\\/queda-de-cabelo\\\/\",\"name\":\"Como Combater a Queda de Cabelo: Dicas e Tratamentos\",\"isPartOf\":{\"@id\":\"https:\\\/\\\/www.cuidardocorpo.com\\\/blog\\\/#website\"},\"primaryImageOfPage\":{\"@id\":\"https:\\\/\\\/www.cuidardocorpo.com\\\/blog\\\/queda-de-cabelo\\\/#primaryimage\"},\"image\":{\"@id\":\"https:\\\/\\\/www.cuidardocorpo.com\\\/blog\\\/queda-de-cabelo\\\/#primaryimage\"},\"thumbnailUrl\":\"https:\\\/\\\/www.cuidardocorpo.com\\\/blog\\\/wp-content\\\/uploads\\\/4cfaaef7thumbnail.jpeg\",\"datePublished\":\"2024-05-05T22:17:07+00:00\",\"dateModified\":\"2024-10-03T16:24:40+00:00\",\"description\":\"Leia o artigo: Como Combater a Queda de Cabelo: Dicas e Tratamentos e tenha acesso a informa\u00e7\u00e3o especializada sobre o assunto.\",\"breadcrumb\":{\"@id\":\"https:\\\/\\\/www.cuidardocorpo.com\\\/blog\\\/queda-de-cabelo\\\/#breadcrumb\"},\"inLanguage\":\"pt-PT\",\"potentialAction\":[{\"@type\":\"ReadAction\",\"target\":[\"https:\\\/\\\/www.cuidardocorpo.com\\\/blog\\\/queda-de-cabelo\\\/\"]}]},{\"@type\":\"ImageObject\",\"inLanguage\":\"pt-PT\",\"@id\":\"https:\\\/\\\/www.cuidardocorpo.com\\\/blog\\\/queda-de-cabelo\\\/#primaryimage\",\"url\":\"https:\\\/\\\/www.cuidardocorpo.com\\\/blog\\\/wp-content\\\/uploads\\\/4cfaaef7thumbnail.jpeg\",\"contentUrl\":\"https:\\\/\\\/www.cuidardocorpo.com\\\/blog\\\/wp-content\\\/uploads\\\/4cfaaef7thumbnail.jpeg\",\"width\":1200,\"height\":600},{\"@type\":\"BreadcrumbList\",\"@id\":\"https:\\\/\\\/www.cuidardocorpo.com\\\/blog\\\/queda-de-cabelo\\\/#breadcrumb\",\"itemListElement\":[{\"@type\":\"ListItem\",\"position\":1,\"name\":\"In\u00edcio\",\"item\":\"https:\\\/\\\/www.cuidardocorpo.com\\\/blog\\\/\"},{\"@type\":\"ListItem\",\"position\":2,\"name\":\"Como Combater a Queda de Cabelo: Dicas e Tratamentos\"}]},{\"@type\":\"WebSite\",\"@id\":\"https:\\\/\\\/www.cuidardocorpo.com\\\/blog\\\/#website\",\"url\":\"https:\\\/\\\/www.cuidardocorpo.com\\\/blog\\\/\",\"name\":\"Cuidar do Corpo\",\"description\":\"Leia os nossos artigos e fique a saber tudo o que precisa para Cuidar do seu Corpo. Sa\u00fade e Bem-estar com informa\u00e7\u00f5es especializadas.\",\"publisher\":{\"@id\":\"https:\\\/\\\/www.cuidardocorpo.com\\\/blog\\\/#organization\"},\"alternateName\":\"Cuidar do Corpo\",\"potentialAction\":[{\"@type\":\"SearchAction\",\"target\":{\"@type\":\"EntryPoint\",\"urlTemplate\":\"https:\\\/\\\/www.cuidardocorpo.com\\\/blog\\\/?s={search_term_string}\"},\"query-input\":{\"@type\":\"PropertyValueSpecification\",\"valueRequired\":true,\"valueName\":\"search_term_string\"}}],\"inLanguage\":\"pt-PT\"},{\"@type\":\"Organization\",\"@id\":\"https:\\\/\\\/www.cuidardocorpo.com\\\/blog\\\/#organization\",\"name\":\"Cuidar do Corpo\",\"alternateName\":\"Cuidar do Corpo\",\"url\":\"https:\\\/\\\/www.cuidardocorpo.com\\\/blog\\\/\",\"logo\":{\"@type\":\"ImageObject\",\"inLanguage\":\"pt-PT\",\"@id\":\"https:\\\/\\\/www.cuidardocorpo.com\\\/blog\\\/#\\\/schema\\\/logo\\\/image\\\/\",\"url\":\"https:\\\/\\\/www.cuidardocorpo.com\\\/blog\\\/wp-content\\\/uploads\\\/cropped-logo_cuidar_do_corpo.png\",\"contentUrl\":\"https:\\\/\\\/www.cuidardocorpo.com\\\/blog\\\/wp-content\\\/uploads\\\/cropped-logo_cuidar_do_corpo.png\",\"width\":1140,\"height\":335,\"caption\":\"Cuidar do Corpo\"},\"image\":{\"@id\":\"https:\\\/\\\/www.cuidardocorpo.com\\\/blog\\\/#\\\/schema\\\/logo\\\/image\\\/\"}},{\"@type\":\"Person\",\"@id\":\"https:\\\/\\\/www.cuidardocorpo.com\\\/blog\\\/#\\\/schema\\\/person\\\/72f8ad7dd5fa9b440bebb5df9ee78ed8\",\"name\":\"Lu\u00eds Rodrigues\",\"image\":{\"@type\":\"ImageObject\",\"inLanguage\":\"pt-PT\",\"@id\":\"https:\\\/\\\/secure.gravatar.com\\\/avatar\\\/871120a49c12e3fe7c53810baa949f9660de020376be935ef3b6a13e69851eb7?s=96&d=mm&r=g\",\"url\":\"https:\\\/\\\/secure.gravatar.com\\\/avatar\\\/871120a49c12e3fe7c53810baa949f9660de020376be935ef3b6a13e69851eb7?s=96&d=mm&r=g\",\"contentUrl\":\"https:\\\/\\\/secure.gravatar.com\\\/avatar\\\/871120a49c12e3fe7c53810baa949f9660de020376be935ef3b6a13e69851eb7?s=96&d=mm&r=g\",\"caption\":\"Lu\u00eds Rodrigues\"},\"description\":\"Estudos: Licenciado em Educa\u00e7\u00e3o F\u00edsica e Desporto pela Universidade do Porto Experi\u00eancia: Lu\u00eds tem mais de 15 anos de experi\u00eancia como personal trainer e consultor de fitness, ajudando in\u00fameros clientes a atingir seus objetivos de sa\u00fade e bem-estar. Outras informa\u00e7\u00f5es: \u00c9 autor de v\u00e1rios artigos sobre fitness e sa\u00fade em revistas especializadas e blogs.\",\"url\":\"https:\\\/\\\/www.cuidardocorpo.com\\\/blog\\\/author\\\/luis-rodrigues\\\/\"}]}<\/script>\n<!-- \/ Yoast SEO plugin. -->","yoast_head_json":{"title":"Como Combater a Queda de Cabelo: Dicas e Tratamentos","description":"Leia o artigo: Como Combater a Queda de Cabelo: Dicas e Tratamentos e tenha acesso a informa\u00e7\u00e3o especializada sobre o assunto.","robots":{"index":"index","follow":"follow","max-snippet":"max-snippet:-1","max-image-preview":"max-image-preview:large","max-video-preview":"max-video-preview:-1"},"canonical":"https:\/\/www.cuidardocorpo.com\/blog\/queda-de-cabelo\/","twitter_misc":{"Escrito por":"Lu\u00eds Rodrigues","Tempo estimado de leitura":"10 minutos"},"schema":{"@context":"https:\/\/schema.org","@graph":[{"@type":"Article","@id":"https:\/\/www.cuidardocorpo.com\/blog\/queda-de-cabelo\/#article","isPartOf":{"@id":"https:\/\/www.cuidardocorpo.com\/blog\/queda-de-cabelo\/"},"author":{"name":"Lu\u00eds Rodrigues","@id":"https:\/\/www.cuidardocorpo.com\/blog\/#\/schema\/person\/72f8ad7dd5fa9b440bebb5df9ee78ed8"},"headline":"Como Combater a Queda de Cabelo: Dicas e Tratamentos","datePublished":"2024-05-05T22:17:07+00:00","dateModified":"2024-10-03T16:24:40+00:00","mainEntityOfPage":{"@id":"https:\/\/www.cuidardocorpo.com\/blog\/queda-de-cabelo\/"},"wordCount":1630,"publisher":{"@id":"https:\/\/www.cuidardocorpo.com\/blog\/#organization"},"image":{"@id":"https:\/\/www.cuidardocorpo.com\/blog\/queda-de-cabelo\/#primaryimage"},"thumbnailUrl":"https:\/\/www.cuidardocorpo.com\/blog\/wp-content\/uploads\/4cfaaef7thumbnail.jpeg","articleSection":["Cabelo","Est\u00e9tica","Truques de Beleza","ZZ_Cuidar do Corpo"],"inLanguage":"pt-PT"},{"@type":"WebPage","@id":"https:\/\/www.cuidardocorpo.com\/blog\/queda-de-cabelo\/","url":"https:\/\/www.cuidardocorpo.com\/blog\/queda-de-cabelo\/","name":"Como Combater a Queda de Cabelo: Dicas e Tratamentos","isPartOf":{"@id":"https:\/\/www.cuidardocorpo.com\/blog\/#website"},"primaryImageOfPage":{"@id":"https:\/\/www.cuidardocorpo.com\/blog\/queda-de-cabelo\/#primaryimage"},"image":{"@id":"https:\/\/www.cuidardocorpo.com\/blog\/queda-de-cabelo\/#primaryimage"},"thumbnailUrl":"https:\/\/www.cuidardocorpo.com\/blog\/wp-content\/uploads\/4cfaaef7thumbnail.jpeg","datePublished":"2024-05-05T22:17:07+00:00","dateModified":"2024-10-03T16:24:40+00:00","description":"Leia o artigo: Como Combater a Queda de Cabelo: Dicas e Tratamentos e tenha acesso a informa\u00e7\u00e3o especializada sobre o assunto.","breadcrumb":{"@id":"https:\/\/www.cuidardocorpo.com\/blog\/queda-de-cabelo\/#breadcrumb"},"inLanguage":"pt-PT","potentialAction":[{"@type":"ReadAction","target":["https:\/\/www.cuidardocorpo.com\/blog\/queda-de-cabelo\/"]}]},{"@type":"ImageObject","inLanguage":"pt-PT","@id":"https:\/\/www.cuidardocorpo.com\/blog\/queda-de-cabelo\/#primaryimage","url":"https:\/\/www.cuidardocorpo.com\/blog\/wp-content\/uploads\/4cfaaef7thumbnail.jpeg","contentUrl":"https:\/\/www.cuidardocorpo.com\/blog\/wp-content\/uploads\/4cfaaef7thumbnail.jpeg","width":1200,"height":600},{"@type":"BreadcrumbList","@id":"https:\/\/www.cuidardocorpo.com\/blog\/queda-de-cabelo\/#breadcrumb","itemListElement":[{"@type":"ListItem","position":1,"name":"In\u00edcio","item":"https:\/\/www.cuidardocorpo.com\/blog\/"},{"@type":"ListItem","position":2,"name":"Como Combater a Queda de Cabelo: Dicas e Tratamentos"}]},{"@type":"WebSite","@id":"https:\/\/www.cuidardocorpo.com\/blog\/#website","url":"https:\/\/www.cuidardocorpo.com\/blog\/","name":"Cuidar do Corpo","description":"Leia os nossos artigos e fique a saber tudo o que precisa para Cuidar do seu Corpo. Sa\u00fade e Bem-estar com informa\u00e7\u00f5es especializadas.","publisher":{"@id":"https:\/\/www.cuidardocorpo.com\/blog\/#organization"},"alternateName":"Cuidar do Corpo","potentialAction":[{"@type":"SearchAction","target":{"@type":"EntryPoint","urlTemplate":"https:\/\/www.cuidardocorpo.com\/blog\/?s={search_term_string}"},"query-input":{"@type":"PropertyValueSpecification","valueRequired":true,"valueName":"search_term_string"}}],"inLanguage":"pt-PT"},{"@type":"Organization","@id":"https:\/\/www.cuidardocorpo.com\/blog\/#organization","name":"Cuidar do Corpo","alternateName":"Cuidar do Corpo","url":"https:\/\/www.cuidardocorpo.com\/blog\/","logo":{"@type":"ImageObject","inLanguage":"pt-PT","@id":"https:\/\/www.cuidardocorpo.com\/blog\/#\/schema\/logo\/image\/","url":"https:\/\/www.cuidardocorpo.com\/blog\/wp-content\/uploads\/cropped-logo_cuidar_do_corpo.png","contentUrl":"https:\/\/www.cuidardocorpo.com\/blog\/wp-content\/uploads\/cropped-logo_cuidar_do_corpo.png","width":1140,"height":335,"caption":"Cuidar do Corpo"},"image":{"@id":"https:\/\/www.cuidardocorpo.com\/blog\/#\/schema\/logo\/image\/"}},{"@type":"Person","@id":"https:\/\/www.cuidardocorpo.com\/blog\/#\/schema\/person\/72f8ad7dd5fa9b440bebb5df9ee78ed8","name":"Lu\u00eds Rodrigues","image":{"@type":"ImageObject","inLanguage":"pt-PT","@id":"https:\/\/secure.gravatar.com\/avatar\/871120a49c12e3fe7c53810baa949f9660de020376be935ef3b6a13e69851eb7?s=96&d=mm&r=g","url":"https:\/\/secure.gravatar.com\/avatar\/871120a49c12e3fe7c53810baa949f9660de020376be935ef3b6a13e69851eb7?s=96&d=mm&r=g","contentUrl":"https:\/\/secure.gravatar.com\/avatar\/871120a49c12e3fe7c53810baa949f9660de020376be935ef3b6a13e69851eb7?s=96&d=mm&r=g","caption":"Lu\u00eds Rodrigues"},"description":"Estudos: Licenciado em Educa\u00e7\u00e3o F\u00edsica e Desporto pela Universidade do Porto Experi\u00eancia: Lu\u00eds tem mais de 15 anos de experi\u00eancia como personal trainer e consultor de fitness, ajudando in\u00fameros clientes a atingir seus objetivos de sa\u00fade e bem-estar. Outras informa\u00e7\u00f5es: \u00c9 autor de v\u00e1rios artigos sobre fitness e sa\u00fade em revistas especializadas e blogs.","url":"https:\/\/www.cuidardocorpo.com\/blog\/author\/luis-rodrigues\/"}]}},"amp_enabled":true,"_links":{"self":[{"href":"https:\/\/www.cuidardocorpo.com\/blog\/wp-json\/wp\/v2\/posts\/2797","targetHints":{"allow":["GET"]}}],"collection":[{"href":"https:\/\/www.cuidardocorpo.com\/blog\/wp-json\/wp\/v2\/posts"}],"about":[{"href":"https:\/\/www.cuidardocorpo.com\/blog\/wp-json\/wp\/v2\/types\/post"}],"author":[{"embeddable":true,"href":"https:\/\/www.cuidardocorpo.com\/blog\/wp-json\/wp\/v2\/users\/67"}],"replies":[{"embeddable":true,"href":"https:\/\/www.cuidardocorpo.com\/blog\/wp-json\/wp\/v2\/comments?post=2797"}],"version-history":[{"count":1,"href":"https:\/\/www.cuidardocorpo.com\/blog\/wp-json\/wp\/v2\/posts\/2797\/revisions"}],"predecessor-version":[{"id":3404,"href":"https:\/\/www.cuidardocorpo.com\/blog\/wp-json\/wp\/v2\/posts\/2797\/revisions\/3404"}],"wp:featuredmedia":[{"embeddable":true,"href":"https:\/\/www.cuidardocorpo.com\/blog\/wp-json\/wp\/v2\/media\/2795"}],"wp:attachment":[{"href":"https:\/\/www.cuidardocorpo.com\/blog\/wp-json\/wp\/v2\/media?parent=2797"}],"wp:term":[{"taxonomy":"category","embeddable":true,"href":"https:\/\/www.cuidardocorpo.com\/blog\/wp-json\/wp\/v2\/categories?post=2797"},{"taxonomy":"post_tag","embeddable":true,"href":"https:\/\/www.cuidardocorpo.com\/blog\/wp-json\/wp\/v2\/tags?post=2797"}],"curies":[{"name":"wp","href":"https:\/\/api.w.org\/{rel}","templated":true}]}}