{"id":2800,"date":"2024-05-06T05:22:14","date_gmt":"2024-05-06T04:22:14","guid":{"rendered":"https:\/\/www.cuidardocorpo.com\/blog\/clinicas-viver\/"},"modified":"2024-10-03T17:50:34","modified_gmt":"2024-10-03T16:50:34","slug":"clinicas-viver","status":"publish","type":"post","link":"https:\/\/www.cuidardocorpo.com\/blog\/clinicas-viver\/","title":{"rendered":"Cl\u00ednicas Viver: A Nova Era do Bem-Estar e Sa\u00fade"},"content":{"rendered":"<p>As Cl\u00ednicas Viver representam um marco inovador no campo do bem-estar e sa\u00fade, propondo uma abordagem hol\u00edstica e personalizada para o cuidado de cada indiv\u00edduo. Este artigo explora como estas cl\u00ednicas est\u00e3o a definir a nova era do bem-estar atrav\u00e9s de uma filosofia \u00fanica, servi\u00e7os inovadores, ambientes acolhedores, parcerias estrat\u00e9gicas, compromisso com a educa\u00e7\u00e3o e os testemunhos impactantes dos seus clientes.<\/p>\n<h3>Pontos-Chave<\/h3>\n<ul>\n<li>As Cl\u00ednicas Viver integram corpo e mente atrav\u00e9s de uma abordagem hol\u00edstica, enfatizando a import\u00e2ncia da sustentabilidade e do atendimento personalizado.<\/li>\n<li>Oferecem uma variedade de servi\u00e7os inovadores, incluindo terapias hol\u00edsticas, programas de nutri\u00e7\u00e3o personalizados e tecnologia avan\u00e7ada em diagn\u00f3sticos.<\/li>\n<li>Os espa\u00e7os s\u00e3o desenhados para maximizar o conforto, incluindo interiores relaxantes, \u00e1reas verdes e facilidades acess\u00edveis.<\/li>\n<li>Mant\u00eam parcerias estrat\u00e9gicas com especialistas renomados e institui\u00e7\u00f5es de bem-estar para fornecer um atendimento integral e eficaz.<\/li>\n<li>Comprometem-se com a educa\u00e7\u00e3o e preven\u00e7\u00e3o, organizando workshops e programas de conscientiza\u00e7\u00e3o para promover um estilo de vida saud\u00e1vel.<\/li>\n<\/ul>\n<h2>A Filosofia \u00danica das Cl\u00ednicas Viver<\/h2><!-- Dentro do texto --><ins class=\"adsbygoogle\"  style=\"display:inline-block;width:336px;height:280px\"     data-ad-client=\"ca-pub-6281798432166415\"    data-ad-slot=\"5069359289\"><\/ins>\n<p><img decoding=\"async\" style=\"max-width: 100%; max-height: 200px;\" src=\"https:\/\/www.cuidardocorpo.com\/blog\/wp-content\/uploads\/346_thumbnail.jpg\" alt=\"A Filosofia \u00danica das Cl\u00ednicas Viver\" ><\/p>\n<h3>Integra\u00e7\u00e3o de Corpo e Mente<\/h3>\n<p>Na Cl\u00ednica Viver, acreditamos que a sa\u00fade plena s\u00f3 \u00e9 alcan\u00e7ada quando corpo e mente est\u00e3o em harmonia. Oferecemos uma variedade de terapias que ajudam a equilibrar o f\u00edsico e o emocional, promovendo um bem-estar integral.<\/p>\n<h3>Sustentabilidade e Sa\u00fade<\/h3>\n<p>A sustentabilidade \u00e9 chave na nossa abordagem \u00e0 sa\u00fade. Utilizamos recursos <em>ecol\u00f3gicos<\/em> e promovemos pr\u00e1ticas que protegem o ambiente, entendendo que um planeta saud\u00e1vel \u00e9 fundamental para pessoas saud\u00e1veis.<\/p>\n<h3>Atendimento Personalizado<\/h3>\n<p>Cada pessoa \u00e9 \u00fanica, e por isso, o nosso atendimento \u00e9 <strong>totalmente personalizado<\/strong>. Desde o primeiro contato, nossos profissionais dedicam-se a entender as necessidades espec\u00edficas de cada cliente, garantindo um plano de sa\u00fade que realmente faz a diferen\u00e7a na sua vida.<\/p>\n<h2>Servi\u00e7os Inovadores Oferecidos<\/h2>\n<p><img decoding=\"async\" style=\"max-width: 100%; max-height: 200px;\" src=\"https:\/\/www.cuidardocorpo.com\/blog\/wp-content\/uploads\/347_thumbnail.jpg\" alt=\"Servi\u00e7os Inovadores Oferecidos\" ><\/p>\n<h3>Terapias Hol\u00edsticas<\/h3>\n<p>Na Cl\u00ednicas Viver, acreditamos que a <a href=\"https:\/\/www.publico.pt\/2024\/04\/15\/estudiop\/noticia\/saude-valor-2083558\">sa\u00fade \u00e9 um equil\u00edbrio<\/a> entre o corpo e a mente. Por isso, oferecemos uma variedade de terapias hol\u00edsticas que ajudam a restaurar esse equil\u00edbrio. Desde acupuntura at\u00e9 massagens terap\u00eauticas, cada tratamento \u00e9 personalizado para atender \u00e0s necessidades individuais dos nossos clientes.<\/p>\n<h3>Programas de Nutri\u00e7\u00e3o Personalizados<\/h3>\n<p>Entendemos que cada pessoa \u00e9 \u00fanica e, por isso, os nossos programas de nutri\u00e7\u00e3o s\u00e3o cuidadosamente adaptados. Trabalhamos com nutricionistas especializados para criar planos alimentares que n\u00e3o s\u00f3 nutrem o corpo mas tamb\u00e9m promovem uma sa\u00fade duradoura.<\/p>\n<h3>Tecnologia de Ponta em Diagn\u00f3sticos<\/h3>\n<p>Utilizamos a mais recente tecnologia em diagn\u00f3sticos para garantir que voc\u00ea receba o cuidado mais preciso e eficaz. <strong>Nossos equipamentos de \u00faltima gera\u00e7\u00e3o<\/strong> permitem uma an\u00e1lise detalhada, o que \u00e9 crucial para um tratamento bem-sucedido e personalizado.<\/p>\n<h2>Ambientes Pensados para o Conforto<\/h2>\n<p><img decoding=\"async\" style=\"max-width: 100%; max-height: 200px;\" src=\"https:\/\/www.cuidardocorpo.com\/blog\/wp-content\/uploads\/348_thumbnail.jpg\" alt=\"Ambientes Pensados para o Conforto\" ><\/p>\n<p>Na Cl\u00ednicas Viver, acreditamos que um ambiente acolhedor e bem pensado \u00e9 fundamental para o bem-estar dos nossos clientes. Por isso, cada detalhe dos nossos espa\u00e7os \u00e9 cuidadosamente planeado para promover a tranquilidade e o conforto.<\/p>\n<h3>Design Interior Relaxante<\/h3>\n<p>Nosso design interior \u00e9 focado em criar um ambiente relaxante que ajuda a acalmar a mente e o corpo. Utilizamos cores suaves, ilumina\u00e7\u00e3o indireta e mobili\u00e1rio confort\u00e1vel para que se sinta em casa.<\/p>\n<h3>Espa\u00e7os Verdes e \u00c1reas de Lazer<\/h3>\n<p>Entendemos a import\u00e2ncia do contato com a natureza para a sa\u00fade mental. Por isso, nossas cl\u00ednicas incluem belos jardins e \u00e1reas de lazer onde os clientes podem relaxar ou praticar atividades f\u00edsicas ao ar livre.<\/p>\n<h3>Acessibilidade e Facilidades<\/h3>\n<p>A acessibilidade \u00e9 uma prioridade para n\u00f3s. Todas as nossas instala\u00e7\u00f5es s\u00e3o projetadas para serem facilmente acess\u00edveis a todos, incluindo pessoas com mobilidade reduzida. Al\u00e9m disso, oferecemos diversas facilidades como estacionamento amplo e sinaliza\u00e7\u00e3o clara para garantir uma experi\u00eancia sem stress.<\/p>\n<blockquote><p>\nDica: Lembre-se de explorar nossos espa\u00e7os verdes durante a sua visita para uma dose extra de serenidade!\n<\/p><\/blockquote>\n<h2>Parcerias Estrat\u00e9gicas para um Atendimento Integral<\/h2>\n<p><img decoding=\"async\" style=\"max-width: 100%; max-height: 200px;\" src=\"https:\/\/www.cuidardocorpo.com\/blog\/wp-content\/uploads\/349_thumbnail.jpg\" alt=\"Parcerias Estrat\u00e9gicas para um Atendimento Integral\" ><\/p>\n<h3>Colabora\u00e7\u00f5es com Especialistas Renomados<\/h3>\n<p>Na Cl\u00ednicas Viver, acreditamos que a excel\u00eancia no atendimento passa pela colabora\u00e7\u00e3o com os melhores profissionais da \u00e1rea da sa\u00fade. Estabelecemos parcerias com especialistas renomados para garantir que os nossos clientes recebam cuidados de sa\u00fade da mais alta qualidade, sempre atualizados com as \u00faltimas descobertas e t\u00e9cnicas.<\/p>\n<h3>Conex\u00f5es com Academias e Centros de Yoga<\/h3>\n<p>Entendemos que o bem-estar f\u00edsico e mental \u00e9 essencial para uma vida saud\u00e1vel. Por isso, as Cl\u00ednicas Viver t\u00eam conex\u00f5es com v\u00e1rias academias e centros de yoga, proporcionando aos nossos clientes op\u00e7\u00f5es diversificadas para manterem-se ativos e equilibrados. Estas parcerias permitem que os nossos clientes integrem facilmente a atividade f\u00edsica e a medita\u00e7\u00e3o no seu dia a dia, promovendo um estilo de vida mais saud\u00e1vel.<\/p>\n<h3>Integra\u00e7\u00e3o com Hospitais e Cl\u00ednicas Especializadas<\/h3>\n<p>Para casos que requerem aten\u00e7\u00e3o m\u00e9dica especializada, temos uma rede integrada com hospitais e cl\u00ednicas especializadas. Esta integra\u00e7\u00e3o garante um encaminhamento r\u00e1pido e eficiente, assegurando que os nossos clientes recebam o melhor tratamento poss\u00edvel no momento certo. <strong>A sa\u00fade dos nossos clientes \u00e9 a nossa prioridade m\u00e1xima<\/strong>, e estas parcerias s\u00e3o fundamentais para cumprir esse compromisso.<\/p>\n<blockquote><p>\nAtrav\u00e9s destas parcerias estrat\u00e9gicas, as Cl\u00ednicas Viver refor\u00e7am o seu compromisso com um atendimento integral e personalizado, focado no bem-estar e na sa\u00fade de cada cliente.\n<\/p><\/blockquote>\n<h2>Compromisso com a Educa\u00e7\u00e3o e Preven\u00e7\u00e3o<\/h2>\n<p><img decoding=\"async\" style=\"max-width: 100%; max-height: 200px;\" src=\"https:\/\/www.cuidardocorpo.com\/blog\/wp-content\/uploads\/350_thumbnail.jpg\" alt=\"Compromisso com a Educa\u00e7\u00e3o e Preven\u00e7\u00e3o\" ><\/p>\n<p>Na Cl\u00ednicas Viver, acreditamos que a educa\u00e7\u00e3o e a preven\u00e7\u00e3o s\u00e3o pilares fundamentais para uma vida saud\u00e1vel e plena. Por isso, dedicamo-nos a oferecer uma variedade de programas e iniciativas que visam n\u00e3o s\u00f3 tratar, mas principalmente prevenir problemas de sa\u00fade antes que eles surjam.<\/p>\n<h3>Workshops e Semin\u00e1rios de Sa\u00fade<\/h3>\n<p>Oferecemos regularmente workshops e semin\u00e1rios que cobrem uma ampla gama de t\u00f3picos de sa\u00fade. Estes eventos s\u00e3o conduzidos por especialistas e est\u00e3o abertos a todos os interessados em aprender mais sobre como cuidar melhor de sua sa\u00fade e bem-estar.<\/p>\n<h3>Programas de Conscientiza\u00e7\u00e3o<\/h3>\n<p>Nossos programas de conscientiza\u00e7\u00e3o s\u00e3o projetados para educar a comunidade sobre quest\u00f5es de sa\u00fade importantes. Atrav\u00e9s destes programas, procuramos aumentar a consci\u00eancia sobre estilos de vida saud\u00e1veis e como escolhas di\u00e1rias podem influenciar positivamente a nossa sa\u00fade a longo prazo.<\/p>\n<h3>Foco na Preven\u00e7\u00e3o de Doen\u00e7as<\/h3>\n<p><strong>A preven\u00e7\u00e3o \u00e9 a melhor cura.<\/strong> Com esse lema, nossas iniciativas est\u00e3o voltadas para a detec\u00e7\u00e3o precoce e a preven\u00e7\u00e3o de doen\u00e7as. Encorajamos todos a participarem de check-ups regulares e a se manterem informados sobre as maneiras de manter uma vida saud\u00e1vel.<\/p>\n<blockquote><p>\nNa Cl\u00ednicas Viver, o seu bem-estar \u00e9 a nossa prioridade. Estamos comprometidos em fornecer as ferramentas e o conhecimento necess\u00e1rios para que voc\u00ea possa viver uma vida mais saud\u00e1vel e feliz.\n<\/p><\/blockquote>\n<h2>Testemunhos de Quem Viveu a Experi\u00eancia<\/h2>\n<p><img decoding=\"async\" style=\"max-width: 100%; max-height: 200px;\" src=\"https:\/\/www.cuidardocorpo.com\/blog\/wp-content\/uploads\/351_thumbnail.jpg\" alt=\"Testemunhos de Quem Viveu a Experi\u00eancia\" ><\/p>\n<h3>Hist\u00f3rias de Sucesso<\/h3>\n<p>Nada \u00e9 mais revelador sobre a qualidade de um servi\u00e7o do que as hist\u00f3rias de quem j\u00e1 o experimentou. Na Cl\u00ednicas Viver, cada testemunho \u00e9 uma janela para os resultados extraordin\u00e1rios alcan\u00e7ados, desde melhorias significativas na sa\u00fade at\u00e9 transforma\u00e7\u00f5es completas no estilo de vida.<\/p>\n<h3>Feedback dos Clientes<\/h3>\n<p>O feedback dos nossos clientes \u00e9 a pedra angular para o nosso cont\u00ednuo aprimoramento. <strong>A satisfa\u00e7\u00e3o e as sugest\u00f5es dos clientes<\/strong> moldam nossos servi\u00e7os, garantindo que cada experi\u00eancia seja melhor que a anterior. Aqui, a voz do cliente \u00e9 sempre ouvida e valorizada.<\/p>\n<h3>Impacto na Comunidade<\/h3>\n<p>A influ\u00eancia das Cl\u00ednicas Viver estende-se para al\u00e9m das paredes da cl\u00ednica. O impacto positivo na comunidade local \u00e9 palp\u00e1vel, com programas de sa\u00fade e bem-estar que beneficiam todos. <em>Sa\u00fade<\/em> e bem-estar s\u00e3o vistos n\u00e3o apenas como um servi\u00e7o, mas como um compromisso com a qualidade de vida da comunidade.<\/p>\n<h2>Junte-se \u00e0 Comunidade Viver<\/h2>\n<p><img decoding=\"async\" style=\"max-width: 100%; max-height: 200px;\" src=\"https:\/\/www.cuidardocorpo.com\/blog\/wp-content\/uploads\/352_thumbnail.jpg\" alt=\"Junte-se \u00e0 Comunidade Viver\" ><\/p>\n<h3>Eventos e Encontros<\/h3>\n<p>Participe nos nossos eventos exclusivos, onde poder\u00e1 conhecer outros membros da comunidade, partilhar experi\u00eancias e aprender mais sobre sa\u00fade e bem-estar. Desde workshops a encontros sociais, h\u00e1 sempre algo para todos.<\/p>\n<h3>Benef\u00edcios da Ades\u00e3o<\/h3>\n<p>Ao juntar-se \u00e0 nossa comunidade, ir\u00e1 desfrutar de uma s\u00e9rie de benef\u00edcios que ajudam a promover um estilo de vida mais saud\u00e1vel e equilibrado. <strong>Descontos especiais<\/strong>, acesso priorit\u00e1rio a novos servi\u00e7os e muito mais esperam por voc\u00ea!<\/p>\n<h3>Como Participar<\/h3>\n<p>\u00c9 f\u00e1cil! Basta visitar o nosso site ou entrar em contacto diretamente com uma das nossas cl\u00ednicas. Preencha o formul\u00e1rio de ades\u00e3o e comece a desfrutar das vantagens de ser um membro da Comunidade Viver. N\u00e3o perca a oportunidade de fazer parte de algo <em>grande<\/em>.<\/p>\n<div data-youtube-video><iframe loading=\"lazy\" width=\"480\" height=\"270\" src=\"https:\/\/www.youtube.com\/embed\/SnJXo1ycE74\"><\/iframe><\/div>\n<h2>Conclus\u00e3o<\/h2>\n<p>Em suma, as Cl\u00ednicas Viver est\u00e3o a definir novos padr\u00f5es no campo do bem-estar e da sa\u00fade, oferecendo uma abordagem hol\u00edstica e inovadora que promete transformar a maneira como cuidamos de n\u00f3s mesmos. Com uma combina\u00e7\u00e3o de tecnologia de ponta, profissionais altamente qualificados e um ambiente acolhedor, estas cl\u00ednicas s\u00e3o o destino ideal para quem busca n\u00e3o apenas tratamento, mas uma verdadeira renova\u00e7\u00e3o do corpo e da mente. A nova era do bem-estar j\u00e1 come\u00e7ou e as Cl\u00ednicas Viver est\u00e3o na vanguarda desta revolu\u00e7\u00e3o.<\/p>\n<h2>Perguntas Frequentes<\/h2>\n<h3>Como posso marcar uma consulta nas Cl\u00ednicas Viver?<\/h3>\n<p>Pode marcar uma consulta atrav\u00e9s do nosso site, por telefone ou diretamente nas nossas instala\u00e7\u00f5es.<\/p>\n<h3>Que tipo de terapias hol\u00edsticas s\u00e3o oferecidas nas Cl\u00ednicas Viver?<\/h3>\n<p>Oferecemos uma variedade de terapias, incluindo acupuntura, aromaterapia, e terapia reiki, entre outras.<\/p>\n<h3>As Cl\u00ednicas Viver t\u00eam programas de nutri\u00e7\u00e3o para necessidades espec\u00edficas?<\/h3>\n<p>Sim, temos programas de nutri\u00e7\u00e3o personalizados que s\u00e3o adaptados \u00e0s necessidades individuais de cada cliente.<\/p>\n<h3>Que tecnologias de diagn\u00f3stico s\u00e3o utilizadas nas Cl\u00ednicas Viver?<\/h3>\n<p>Utilizamos tecnologias de ponta, incluindo imagiologia avan\u00e7ada e testes gen\u00e9ticos para um diagn\u00f3stico preciso e eficaz.<\/p>\n<h3>H\u00e1 eventos regulares organizados pelas Cl\u00ednicas Viver?<\/h3>\n<p>Sim, organizamos regularmente eventos e encontros para promover a sa\u00fade e o bem-estar da nossa comunidade.<\/p>\n<h3>Como posso fazer parte da comunidade Viver?<\/h3>\n<p>Pode juntar-se \u00e0 nossa comunidade atrav\u00e9s de ades\u00e3o no nosso site, participando nos nossos eventos ou atrav\u00e9s de programas de voluntariado.<\/p>\n","protected":false},"excerpt":{"rendered":"<p>As Cl\u00ednicas Viver representam um marco inovador no campo do bem-estar e sa\u00fade, propondo uma abordagem hol\u00edstica e personalizada para o cuidado de cada indiv\u00edduo. Este artigo explora como estas cl\u00ednicas est\u00e3o a definir a nova era do bem-estar atrav\u00e9s de uma filosofia \u00fanica, servi\u00e7os inovadores, ambientes acolhedores, parcerias estrat\u00e9gicas, compromisso com a educa\u00e7\u00e3o e [&hellip;]<\/p>\n","protected":false},"author":67,"featured_media":2799,"comment_status":"closed","ping_status":"closed","sticky":false,"template":"","format":"standard","meta":{"_genesis_hide_title":false,"_genesis_hide_breadcrumbs":false,"_genesis_hide_singular_image":false,"_genesis_hide_footer_widgets":false,"_genesis_custom_body_class":"","_genesis_custom_post_class":"","_genesis_layout":"","ngg_post_thumbnail":0,"footnotes":""},"categories":[647,660,677,649,962,745,657,674,662,683,684,655,656,787,667,666,665,965,680,681,691,688,678,650,679,676,668,669,670,675,821,651,652,653,664,673,722,776,682,710,671,1,686,733,672,661,654,658,720,839,663,659,973],"tags":[],"class_list":{"0":"post-2800","1":"post","2":"type-post","3":"status-publish","4":"format-standard","5":"has-post-thumbnail","7":"category-abdominoplastia-barriga","8":"category-acne","9":"category-alimentacao-saudavel","10":"category-blefaroplastia","11":"category-blog","12":"category-blogs-pessoais","13":"category-botox","14":"category-branqueamento-dentario","15":"category-cabelo","16":"category-cavitacao","17":"category-celulite","18":"category-cirurgia-intima","19":"category-cirurgia-vascular","20":"category-como-emagrecer-de-forma-saudavel","21":"category-cuidar-da-gravida","22":"category-cuidar-do-idoso","23":"category-deixar-de-fumar","24":"category-dermatologia-e-dermocosmetico","25":"category-emagrecer","26":"category-endermologia","27":"category-estetica","28":"category-estrias","29":"category-fitness","30":"category-ginecomastia","31":"category-gordura-localizada","32":"category-herpes","33":"category-hiperidrose","34":"category-hipnoterapia","35":"category-homeopatia","36":"category-implantes-dentarios","37":"category-industrias-alimentares","38":"category-lipoaspiracao","39":"category-mamoplastia-de-aumento","40":"category-mamoplastia-de-reducao","41":"category-massagem","42":"category-medicina-dentaria","43":"category-medicina-vascular","44":"category-medicinas-alternativas","45":"category-mesoterapia","46":"category-nutricao","47":"category-osteopatia","48":"category-uncategorized","49":"category-peeling","50":"category-perder-ou-ganhar-peso","51":"category-psicoterapia","52":"category-psoriase","53":"category-rinoplastia","54":"category-rugas","55":"category-saude-mental","56":"category-sexologia","57":"category-truques-de-beleza","58":"category-varizes","59":"category-zzcuidardocorpo","60":"entry"},"yoast_head":"<!-- This site is optimized with the Yoast SEO plugin v27.5 - https:\/\/yoast.com\/product\/yoast-seo-wordpress\/ -->\n<title>Cl\u00ednicas Viver: A Nova Era do Bem-Estar e Sa\u00fade<\/title>\n<meta name=\"description\" content=\"Conhe\u00e7a as Cl\u00ednicas Viver e saiba mais sobre a sua filosofia de trabalho e os servi\u00e7os que oferece. Descubra a Nova Era do Bem-Estar e Sa\u00fade, aqui.\" \/>\n<meta name=\"robots\" content=\"index, follow, max-snippet:-1, max-image-preview:large, max-video-preview:-1\" \/>\n<link rel=\"canonical\" href=\"https:\/\/www.cuidardocorpo.com\/blog\/clinicas-viver\/\" \/>\n<meta name=\"twitter:label1\" content=\"Escrito por\" \/>\n\t<meta name=\"twitter:data1\" content=\"Lu\u00eds Rodrigues\" \/>\n\t<meta name=\"twitter:label2\" content=\"Tempo estimado de leitura\" \/>\n\t<meta name=\"twitter:data2\" content=\"10 minutos\" \/>\n<script type=\"application\/ld+json\" class=\"yoast-schema-graph\">{\"@context\":\"https:\\\/\\\/schema.org\",\"@graph\":[{\"@type\":\"Article\",\"@id\":\"https:\\\/\\\/www.cuidardocorpo.com\\\/blog\\\/clinicas-viver\\\/#article\",\"isPartOf\":{\"@id\":\"https:\\\/\\\/www.cuidardocorpo.com\\\/blog\\\/clinicas-viver\\\/\"},\"author\":{\"name\":\"Lu\u00eds Rodrigues\",\"@id\":\"https:\\\/\\\/www.cuidardocorpo.com\\\/blog\\\/#\\\/schema\\\/person\\\/72f8ad7dd5fa9b440bebb5df9ee78ed8\"},\"headline\":\"Cl\u00ednicas Viver: A Nova Era do Bem-Estar e Sa\u00fade\",\"datePublished\":\"2024-05-06T04:22:14+00:00\",\"dateModified\":\"2024-10-03T16:50:34+00:00\",\"mainEntityOfPage\":{\"@id\":\"https:\\\/\\\/www.cuidardocorpo.com\\\/blog\\\/clinicas-viver\\\/\"},\"wordCount\":1748,\"publisher\":{\"@id\":\"https:\\\/\\\/www.cuidardocorpo.com\\\/blog\\\/#organization\"},\"image\":{\"@id\":\"https:\\\/\\\/www.cuidardocorpo.com\\\/blog\\\/clinicas-viver\\\/#primaryimage\"},\"thumbnailUrl\":\"https:\\\/\\\/www.cuidardocorpo.com\\\/blog\\\/wp-content\\\/uploads\\\/ec5961b1thumbnail.jpeg\",\"articleSection\":[\"Abdominoplastia\",\"Acne\",\"Alimenta\u00e7\u00e3o Saudavel\",\"Blefaroplastia\",\"BLOG\",\"Blogs Pessoais\",\"Botox\",\"Branqueamento Dent\u00e1rio\",\"Cabelo\",\"Cavita\u00e7\u00e3o\",\"Celulite\",\"Cirurgia Intima\",\"Cirurgia Vascular\",\"Como Emagrecer de forma Saud\u00e1vel\",\"Cuidar da Gr\u00e1vida\",\"Cuidar do Idoso\",\"Deixar de Fumar\",\"Dermatologia e Dermocosm\u00e9tico\",\"Emagrecer\",\"Endermologia\",\"Est\u00e9tica\",\"Estrias\",\"Fitness\",\"Ginecomastia\",\"Gordura Localizada\",\"Herpes\",\"Hiperidrose\",\"Hipnoterapia\",\"Homeopatia\",\"Implantes Dent\u00e1rios\",\"Ind\u00fastrias alimentares\",\"Lipoaspira\u00e7\u00e3o\",\"Mamoplastia de Aumento\",\"Mamoplastia de Redu\u00e7\u00e3o\",\"Massagem\",\"Medicina Dent\u00e1ria\",\"Medicina Vascular\",\"Medicinas Alternativas\",\"Mesoterapia\",\"Nutri\u00e7\u00e3o\",\"Osteopatia\",\"Outros\",\"Peeling\",\"Perder ou Ganhar Peso\",\"Psicoterapia\",\"Psoriase\",\"Rinoplastia\",\"Rugas\",\"Sa\u00fade Mental\",\"Sexologia\",\"Truques de Beleza\",\"Varizes\",\"ZZ_Cuidar do Corpo\"],\"inLanguage\":\"pt-PT\"},{\"@type\":\"WebPage\",\"@id\":\"https:\\\/\\\/www.cuidardocorpo.com\\\/blog\\\/clinicas-viver\\\/\",\"url\":\"https:\\\/\\\/www.cuidardocorpo.com\\\/blog\\\/clinicas-viver\\\/\",\"name\":\"Cl\u00ednicas Viver: A Nova Era do Bem-Estar e Sa\u00fade\",\"isPartOf\":{\"@id\":\"https:\\\/\\\/www.cuidardocorpo.com\\\/blog\\\/#website\"},\"primaryImageOfPage\":{\"@id\":\"https:\\\/\\\/www.cuidardocorpo.com\\\/blog\\\/clinicas-viver\\\/#primaryimage\"},\"image\":{\"@id\":\"https:\\\/\\\/www.cuidardocorpo.com\\\/blog\\\/clinicas-viver\\\/#primaryimage\"},\"thumbnailUrl\":\"https:\\\/\\\/www.cuidardocorpo.com\\\/blog\\\/wp-content\\\/uploads\\\/ec5961b1thumbnail.jpeg\",\"datePublished\":\"2024-05-06T04:22:14+00:00\",\"dateModified\":\"2024-10-03T16:50:34+00:00\",\"description\":\"Conhe\u00e7a as Cl\u00ednicas Viver e saiba mais sobre a sua filosofia de trabalho e os servi\u00e7os que oferece. Descubra a Nova Era do Bem-Estar e Sa\u00fade, aqui.\",\"breadcrumb\":{\"@id\":\"https:\\\/\\\/www.cuidardocorpo.com\\\/blog\\\/clinicas-viver\\\/#breadcrumb\"},\"inLanguage\":\"pt-PT\",\"potentialAction\":[{\"@type\":\"ReadAction\",\"target\":[\"https:\\\/\\\/www.cuidardocorpo.com\\\/blog\\\/clinicas-viver\\\/\"]}]},{\"@type\":\"ImageObject\",\"inLanguage\":\"pt-PT\",\"@id\":\"https:\\\/\\\/www.cuidardocorpo.com\\\/blog\\\/clinicas-viver\\\/#primaryimage\",\"url\":\"https:\\\/\\\/www.cuidardocorpo.com\\\/blog\\\/wp-content\\\/uploads\\\/ec5961b1thumbnail.jpeg\",\"contentUrl\":\"https:\\\/\\\/www.cuidardocorpo.com\\\/blog\\\/wp-content\\\/uploads\\\/ec5961b1thumbnail.jpeg\",\"width\":1200,\"height\":600},{\"@type\":\"BreadcrumbList\",\"@id\":\"https:\\\/\\\/www.cuidardocorpo.com\\\/blog\\\/clinicas-viver\\\/#breadcrumb\",\"itemListElement\":[{\"@type\":\"ListItem\",\"position\":1,\"name\":\"In\u00edcio\",\"item\":\"https:\\\/\\\/www.cuidardocorpo.com\\\/blog\\\/\"},{\"@type\":\"ListItem\",\"position\":2,\"name\":\"Cl\u00ednicas Viver: A Nova Era do Bem-Estar e Sa\u00fade\"}]},{\"@type\":\"WebSite\",\"@id\":\"https:\\\/\\\/www.cuidardocorpo.com\\\/blog\\\/#website\",\"url\":\"https:\\\/\\\/www.cuidardocorpo.com\\\/blog\\\/\",\"name\":\"Cuidar do Corpo\",\"description\":\"Leia os nossos artigos e fique a saber tudo o que precisa para Cuidar do seu Corpo. Sa\u00fade e Bem-estar com informa\u00e7\u00f5es especializadas.\",\"publisher\":{\"@id\":\"https:\\\/\\\/www.cuidardocorpo.com\\\/blog\\\/#organization\"},\"alternateName\":\"Cuidar do Corpo\",\"potentialAction\":[{\"@type\":\"SearchAction\",\"target\":{\"@type\":\"EntryPoint\",\"urlTemplate\":\"https:\\\/\\\/www.cuidardocorpo.com\\\/blog\\\/?s={search_term_string}\"},\"query-input\":{\"@type\":\"PropertyValueSpecification\",\"valueRequired\":true,\"valueName\":\"search_term_string\"}}],\"inLanguage\":\"pt-PT\"},{\"@type\":\"Organization\",\"@id\":\"https:\\\/\\\/www.cuidardocorpo.com\\\/blog\\\/#organization\",\"name\":\"Cuidar do Corpo\",\"alternateName\":\"Cuidar do Corpo\",\"url\":\"https:\\\/\\\/www.cuidardocorpo.com\\\/blog\\\/\",\"logo\":{\"@type\":\"ImageObject\",\"inLanguage\":\"pt-PT\",\"@id\":\"https:\\\/\\\/www.cuidardocorpo.com\\\/blog\\\/#\\\/schema\\\/logo\\\/image\\\/\",\"url\":\"https:\\\/\\\/www.cuidardocorpo.com\\\/blog\\\/wp-content\\\/uploads\\\/cropped-logo_cuidar_do_corpo.png\",\"contentUrl\":\"https:\\\/\\\/www.cuidardocorpo.com\\\/blog\\\/wp-content\\\/uploads\\\/cropped-logo_cuidar_do_corpo.png\",\"width\":1140,\"height\":335,\"caption\":\"Cuidar do Corpo\"},\"image\":{\"@id\":\"https:\\\/\\\/www.cuidardocorpo.com\\\/blog\\\/#\\\/schema\\\/logo\\\/image\\\/\"}},{\"@type\":\"Person\",\"@id\":\"https:\\\/\\\/www.cuidardocorpo.com\\\/blog\\\/#\\\/schema\\\/person\\\/72f8ad7dd5fa9b440bebb5df9ee78ed8\",\"name\":\"Lu\u00eds Rodrigues\",\"image\":{\"@type\":\"ImageObject\",\"inLanguage\":\"pt-PT\",\"@id\":\"https:\\\/\\\/secure.gravatar.com\\\/avatar\\\/871120a49c12e3fe7c53810baa949f9660de020376be935ef3b6a13e69851eb7?s=96&d=mm&r=g\",\"url\":\"https:\\\/\\\/secure.gravatar.com\\\/avatar\\\/871120a49c12e3fe7c53810baa949f9660de020376be935ef3b6a13e69851eb7?s=96&d=mm&r=g\",\"contentUrl\":\"https:\\\/\\\/secure.gravatar.com\\\/avatar\\\/871120a49c12e3fe7c53810baa949f9660de020376be935ef3b6a13e69851eb7?s=96&d=mm&r=g\",\"caption\":\"Lu\u00eds Rodrigues\"},\"description\":\"Estudos: Licenciado em Educa\u00e7\u00e3o F\u00edsica e Desporto pela Universidade do Porto Experi\u00eancia: Lu\u00eds tem mais de 15 anos de experi\u00eancia como personal trainer e consultor de fitness, ajudando in\u00fameros clientes a atingir seus objetivos de sa\u00fade e bem-estar. Outras informa\u00e7\u00f5es: \u00c9 autor de v\u00e1rios artigos sobre fitness e sa\u00fade em revistas especializadas e blogs.\",\"url\":\"https:\\\/\\\/www.cuidardocorpo.com\\\/blog\\\/author\\\/luis-rodrigues\\\/\"}]}<\/script>\n<!-- \/ Yoast SEO plugin. -->","yoast_head_json":{"title":"Cl\u00ednicas Viver: A Nova Era do Bem-Estar e Sa\u00fade","description":"Conhe\u00e7a as Cl\u00ednicas Viver e saiba mais sobre a sua filosofia de trabalho e os servi\u00e7os que oferece. Descubra a Nova Era do Bem-Estar e Sa\u00fade, aqui.","robots":{"index":"index","follow":"follow","max-snippet":"max-snippet:-1","max-image-preview":"max-image-preview:large","max-video-preview":"max-video-preview:-1"},"canonical":"https:\/\/www.cuidardocorpo.com\/blog\/clinicas-viver\/","twitter_misc":{"Escrito por":"Lu\u00eds Rodrigues","Tempo estimado de leitura":"10 minutos"},"schema":{"@context":"https:\/\/schema.org","@graph":[{"@type":"Article","@id":"https:\/\/www.cuidardocorpo.com\/blog\/clinicas-viver\/#article","isPartOf":{"@id":"https:\/\/www.cuidardocorpo.com\/blog\/clinicas-viver\/"},"author":{"name":"Lu\u00eds Rodrigues","@id":"https:\/\/www.cuidardocorpo.com\/blog\/#\/schema\/person\/72f8ad7dd5fa9b440bebb5df9ee78ed8"},"headline":"Cl\u00ednicas Viver: A Nova Era do Bem-Estar e Sa\u00fade","datePublished":"2024-05-06T04:22:14+00:00","dateModified":"2024-10-03T16:50:34+00:00","mainEntityOfPage":{"@id":"https:\/\/www.cuidardocorpo.com\/blog\/clinicas-viver\/"},"wordCount":1748,"publisher":{"@id":"https:\/\/www.cuidardocorpo.com\/blog\/#organization"},"image":{"@id":"https:\/\/www.cuidardocorpo.com\/blog\/clinicas-viver\/#primaryimage"},"thumbnailUrl":"https:\/\/www.cuidardocorpo.com\/blog\/wp-content\/uploads\/ec5961b1thumbnail.jpeg","articleSection":["Abdominoplastia","Acne","Alimenta\u00e7\u00e3o Saudavel","Blefaroplastia","BLOG","Blogs Pessoais","Botox","Branqueamento Dent\u00e1rio","Cabelo","Cavita\u00e7\u00e3o","Celulite","Cirurgia Intima","Cirurgia Vascular","Como Emagrecer de forma Saud\u00e1vel","Cuidar da Gr\u00e1vida","Cuidar do Idoso","Deixar de Fumar","Dermatologia e Dermocosm\u00e9tico","Emagrecer","Endermologia","Est\u00e9tica","Estrias","Fitness","Ginecomastia","Gordura Localizada","Herpes","Hiperidrose","Hipnoterapia","Homeopatia","Implantes Dent\u00e1rios","Ind\u00fastrias alimentares","Lipoaspira\u00e7\u00e3o","Mamoplastia de Aumento","Mamoplastia de Redu\u00e7\u00e3o","Massagem","Medicina Dent\u00e1ria","Medicina Vascular","Medicinas Alternativas","Mesoterapia","Nutri\u00e7\u00e3o","Osteopatia","Outros","Peeling","Perder ou Ganhar Peso","Psicoterapia","Psoriase","Rinoplastia","Rugas","Sa\u00fade Mental","Sexologia","Truques de Beleza","Varizes","ZZ_Cuidar do Corpo"],"inLanguage":"pt-PT"},{"@type":"WebPage","@id":"https:\/\/www.cuidardocorpo.com\/blog\/clinicas-viver\/","url":"https:\/\/www.cuidardocorpo.com\/blog\/clinicas-viver\/","name":"Cl\u00ednicas Viver: A Nova Era do Bem-Estar e Sa\u00fade","isPartOf":{"@id":"https:\/\/www.cuidardocorpo.com\/blog\/#website"},"primaryImageOfPage":{"@id":"https:\/\/www.cuidardocorpo.com\/blog\/clinicas-viver\/#primaryimage"},"image":{"@id":"https:\/\/www.cuidardocorpo.com\/blog\/clinicas-viver\/#primaryimage"},"thumbnailUrl":"https:\/\/www.cuidardocorpo.com\/blog\/wp-content\/uploads\/ec5961b1thumbnail.jpeg","datePublished":"2024-05-06T04:22:14+00:00","dateModified":"2024-10-03T16:50:34+00:00","description":"Conhe\u00e7a as Cl\u00ednicas Viver e saiba mais sobre a sua filosofia de trabalho e os servi\u00e7os que oferece. Descubra a Nova Era do Bem-Estar e Sa\u00fade, aqui.","breadcrumb":{"@id":"https:\/\/www.cuidardocorpo.com\/blog\/clinicas-viver\/#breadcrumb"},"inLanguage":"pt-PT","potentialAction":[{"@type":"ReadAction","target":["https:\/\/www.cuidardocorpo.com\/blog\/clinicas-viver\/"]}]},{"@type":"ImageObject","inLanguage":"pt-PT","@id":"https:\/\/www.cuidardocorpo.com\/blog\/clinicas-viver\/#primaryimage","url":"https:\/\/www.cuidardocorpo.com\/blog\/wp-content\/uploads\/ec5961b1thumbnail.jpeg","contentUrl":"https:\/\/www.cuidardocorpo.com\/blog\/wp-content\/uploads\/ec5961b1thumbnail.jpeg","width":1200,"height":600},{"@type":"BreadcrumbList","@id":"https:\/\/www.cuidardocorpo.com\/blog\/clinicas-viver\/#breadcrumb","itemListElement":[{"@type":"ListItem","position":1,"name":"In\u00edcio","item":"https:\/\/www.cuidardocorpo.com\/blog\/"},{"@type":"ListItem","position":2,"name":"Cl\u00ednicas Viver: A Nova Era do Bem-Estar e Sa\u00fade"}]},{"@type":"WebSite","@id":"https:\/\/www.cuidardocorpo.com\/blog\/#website","url":"https:\/\/www.cuidardocorpo.com\/blog\/","name":"Cuidar do Corpo","description":"Leia os nossos artigos e fique a saber tudo o que precisa para Cuidar do seu Corpo. Sa\u00fade e Bem-estar com informa\u00e7\u00f5es especializadas.","publisher":{"@id":"https:\/\/www.cuidardocorpo.com\/blog\/#organization"},"alternateName":"Cuidar do Corpo","potentialAction":[{"@type":"SearchAction","target":{"@type":"EntryPoint","urlTemplate":"https:\/\/www.cuidardocorpo.com\/blog\/?s={search_term_string}"},"query-input":{"@type":"PropertyValueSpecification","valueRequired":true,"valueName":"search_term_string"}}],"inLanguage":"pt-PT"},{"@type":"Organization","@id":"https:\/\/www.cuidardocorpo.com\/blog\/#organization","name":"Cuidar do Corpo","alternateName":"Cuidar do Corpo","url":"https:\/\/www.cuidardocorpo.com\/blog\/","logo":{"@type":"ImageObject","inLanguage":"pt-PT","@id":"https:\/\/www.cuidardocorpo.com\/blog\/#\/schema\/logo\/image\/","url":"https:\/\/www.cuidardocorpo.com\/blog\/wp-content\/uploads\/cropped-logo_cuidar_do_corpo.png","contentUrl":"https:\/\/www.cuidardocorpo.com\/blog\/wp-content\/uploads\/cropped-logo_cuidar_do_corpo.png","width":1140,"height":335,"caption":"Cuidar do Corpo"},"image":{"@id":"https:\/\/www.cuidardocorpo.com\/blog\/#\/schema\/logo\/image\/"}},{"@type":"Person","@id":"https:\/\/www.cuidardocorpo.com\/blog\/#\/schema\/person\/72f8ad7dd5fa9b440bebb5df9ee78ed8","name":"Lu\u00eds Rodrigues","image":{"@type":"ImageObject","inLanguage":"pt-PT","@id":"https:\/\/secure.gravatar.com\/avatar\/871120a49c12e3fe7c53810baa949f9660de020376be935ef3b6a13e69851eb7?s=96&d=mm&r=g","url":"https:\/\/secure.gravatar.com\/avatar\/871120a49c12e3fe7c53810baa949f9660de020376be935ef3b6a13e69851eb7?s=96&d=mm&r=g","contentUrl":"https:\/\/secure.gravatar.com\/avatar\/871120a49c12e3fe7c53810baa949f9660de020376be935ef3b6a13e69851eb7?s=96&d=mm&r=g","caption":"Lu\u00eds Rodrigues"},"description":"Estudos: Licenciado em Educa\u00e7\u00e3o F\u00edsica e Desporto pela Universidade do Porto Experi\u00eancia: Lu\u00eds tem mais de 15 anos de experi\u00eancia como personal trainer e consultor de fitness, ajudando in\u00fameros clientes a atingir seus objetivos de sa\u00fade e bem-estar. Outras informa\u00e7\u00f5es: \u00c9 autor de v\u00e1rios artigos sobre fitness e sa\u00fade em revistas especializadas e blogs.","url":"https:\/\/www.cuidardocorpo.com\/blog\/author\/luis-rodrigues\/"}]}},"amp_enabled":true,"_links":{"self":[{"href":"https:\/\/www.cuidardocorpo.com\/blog\/wp-json\/wp\/v2\/posts\/2800","targetHints":{"allow":["GET"]}}],"collection":[{"href":"https:\/\/www.cuidardocorpo.com\/blog\/wp-json\/wp\/v2\/posts"}],"about":[{"href":"https:\/\/www.cuidardocorpo.com\/blog\/wp-json\/wp\/v2\/types\/post"}],"author":[{"embeddable":true,"href":"https:\/\/www.cuidardocorpo.com\/blog\/wp-json\/wp\/v2\/users\/67"}],"replies":[{"embeddable":true,"href":"https:\/\/www.cuidardocorpo.com\/blog\/wp-json\/wp\/v2\/comments?post=2800"}],"version-history":[{"count":1,"href":"https:\/\/www.cuidardocorpo.com\/blog\/wp-json\/wp\/v2\/posts\/2800\/revisions"}],"predecessor-version":[{"id":3397,"href":"https:\/\/www.cuidardocorpo.com\/blog\/wp-json\/wp\/v2\/posts\/2800\/revisions\/3397"}],"wp:featuredmedia":[{"embeddable":true,"href":"https:\/\/www.cuidardocorpo.com\/blog\/wp-json\/wp\/v2\/media\/2799"}],"wp:attachment":[{"href":"https:\/\/www.cuidardocorpo.com\/blog\/wp-json\/wp\/v2\/media?parent=2800"}],"wp:term":[{"taxonomy":"category","embeddable":true,"href":"https:\/\/www.cuidardocorpo.com\/blog\/wp-json\/wp\/v2\/categories?post=2800"},{"taxonomy":"post_tag","embeddable":true,"href":"https:\/\/www.cuidardocorpo.com\/blog\/wp-json\/wp\/v2\/tags?post=2800"}],"curies":[{"name":"wp","href":"https:\/\/api.w.org\/{rel}","templated":true}]}}