{"id":407,"date":"2019-02-05T10:37:20","date_gmt":"2014-06-09T11:20:23","guid":{"rendered":"http:\/\/www.cuidardocorpo.com\/blog?p=407"},"modified":"2015-10-22T15:38:58","modified_gmt":"2015-10-22T14:38:58","slug":"alta-tecnologia-no-preenchimento-de-rugas","status":"publish","type":"post","link":"https:\/\/www.cuidardocorpo.com\/blog\/alta-tecnologia-no-preenchimento-de-rugas\/","title":{"rendered":"Alta tecnologia no preenchimento de rugas"},"content":{"rendered":"<h2 style=\"text-align: justify;\">Com a Primavera finalmente a ganhar for\u00e7a, tive a oportunidade de me sentar na esplanada com um dos meus melhores amigos, para falarmos de <a href=\"http:\/\/www.derme.pt\/rugas-e-flacidez\" target=\"_blank\">tratamentos para <strong>rugas<\/strong><\/a>.<\/h2><!-- Dentro do texto --><ins class=\"adsbygoogle\"  style=\"display:inline-block;width:336px;height:280px\"     data-ad-client=\"ca-pub-6281798432166415\"    data-ad-slot=\"5069359289\"><\/ins>\n<p style=\"text-align: justify;\">N\u00e3o, este meu amigo n\u00e3o \u00e9, de todo, algu\u00e9m interessado em tratamentos est\u00e9ticos, mas tem uma cultura geral invulgar e sem eu perceber como, demos por n\u00f3s a discutir <strong>rugas,<\/strong> mais especificamente os m\u00e9todos de\u00a0<strong>preenchimento de rugas<\/strong>\u00a0e as suas origens.<\/p>\n<p style=\"text-align: justify;\">O ponto de partida bastante filos\u00f3fico foi a nega\u00e7\u00e3o por parte do meu amigo de que as preocupa\u00e7\u00f5es est\u00e9ticas, actualmente t\u00e3o exacerbadas sejam uma quest\u00e3o recente. Como exemplo, citou-me Gladys Deacon, duquesa de Malborough, conhecida pela sua extraordin\u00e1ria beleza, aparentemente louvada em certa ocasi\u00e3o pelo pr\u00f3prio Marcel Proust, capturada por Degas e Rodin.<\/p>\n<p style=\"text-align: justify;\">As <strong>rugas<\/strong> n\u00e3o seriam o seu maior problema, mas em busca do perfeito nariz hel\u00e9nico, por volta de 1903, quando tinha somente 22 anos, Gladys submeteu-se a uma injec\u00e7\u00e3o de parafina para remodelar o nariz. Com o tempo, a parafina deslocou-se, alojou-se ao longo do maxilar\u00a0e arruinou-lhe a beleza.<\/p>\n<p style=\"text-align: justify;\"><a href=\"http:\/\/www.cuidardocorpo.com\/blog\/wp-content\/uploads\/cirurgia_plastica_homem.jpg\"><img loading=\"lazy\" decoding=\"async\" class=\"aligncenter size-full wp-image-1445\" src=\"http:\/\/www.cuidardocorpo.com\/blog\/wp-content\/uploads\/cirurgia_plastica_homem.jpg\" alt=\"Botox - Toxina Botul\u00ednica \" width=\"600\" height=\"315\" srcset=\"https:\/\/www.cuidardocorpo.com\/blog\/wp-content\/uploads\/cirurgia_plastica_homem.jpg 600w, https:\/\/www.cuidardocorpo.com\/blog\/wp-content\/uploads\/cirurgia_plastica_homem-300x158.jpg 300w, https:\/\/www.cuidardocorpo.com\/blog\/wp-content\/uploads\/cirurgia_plastica_homem-100x53.jpg 100w\" sizes=\"auto, (max-width: 600px) 100vw, 600px\" \/><\/a><\/p>\n<h2 style=\"text-align: justify;\">Os tratamentos anti-rugas: ent\u00e3o e agora<\/h2>\n<p style=\"text-align: justify;\">Olhar para as injec\u00e7\u00f5es faciais do in\u00edcio do s\u00e9culo \u00e9 um pouco como imaginar a ilha do Dr. Moreau. No final do s\u00e9culo XIX, marfim, metais diversos, vidro, celul\u00f3ide, seda e a polivalente parafina eram materiais com os quais se tentava a reconstru\u00e7\u00e3o mam\u00e1ria e facial. Os cirurgi\u00f5es da altura teriam as melhores inten\u00e7\u00f5es, mas os materiais e as tecnologias n\u00e3o estavam simplesmente \u00e0 altura e injectar estes materiais em algo t\u00e3o simples quanto <strong>rugas,<\/strong> carecia de precis\u00e3o e controlo. Os resultados eram frequentemente atrozes.<\/p>\n<p style=\"text-align: justify;\">Mas contrariamente ao que se possa pensar, a preocupa\u00e7\u00e3o com as <strong>rugas<\/strong>\u00a0n\u00e3o \u00e9 realmente actual. No final do s\u00e9culo XIX j\u00e1 John Harvey Kellogg louvava as virtudes das massagens faciais para combater as <strong>rugas<\/strong>. A ind\u00fastria dava ent\u00e3o os seus primeiros passos e \u00e9 em 1910 que Elizabeth Arden funda a a Red Door, futura Elizabeth Arden Inc. A Vivaudou \u00e9 das primeiras companhias a reconhecer a import\u00e2ncia dos movimentos faciais na forma\u00e7\u00e3o de linhas de express\u00e3o na publicidade ao seu Ego Wrinkle Remover de 1923. Nessa mesma d\u00e9cada,\u00a0a Rexona promovia os seus sabonetes tonificantes e purificantes. Tintura de benjoim, glicerina e hamam\u00e9lis, eram dos ingredientes mais cotados.<\/p>\n<p style=\"text-align: justify;\">A medicina est\u00e9tica dava nessa mesma altura alguns passos importantes: Chares Willi descreveu a utiliza\u00e7\u00e3o de gordura aut\u00f3loga para preencher <strong>rugas<\/strong> naso-labiais e de express\u00e3o. Corria ent\u00e3o o ano de 1926.<\/p>\n<p style=\"text-align: justify;\">Mas foi preciso esperar at\u00e9 1982 para as primeiras injec\u00e7\u00f5es de colag\u00e9nio bovino para <strong>preenchimento de rugas<\/strong>, para ent\u00e3o aparecer o Restylane no mercado em 1996. Este foi o primeiro <em>filler<\/em> de <strong>\u00e1cido hialur\u00f3nico<\/strong>\u00a0dispon\u00edvel e em grande medida revolucionou a medicina est\u00e9tica. Efectivamente, a sua polival\u00eancia permite-lhe a utiliza\u00e7\u00e3o n\u00e3o s\u00f3 na diminui\u00e7\u00e3o das <strong>rugas,<\/strong> mas tamb\u00e9m no restauro da tonicidade e hidrata\u00e7\u00e3o da pele. Sendo um componente presente naturalmente no nosso corpo, o <strong>\u00e1cido hialur\u00f3nico<\/strong> \u00e9 praticamente isento de complica\u00e7\u00f5es e os seus efeitos s\u00e3o totalmente revers\u00edveis com uma simples injec\u00e7\u00e3o de hialuronidase.\u00a0<img decoding=\"async\" style=\"margin: 20px 0px 10px 10px; float: right;\" src=\"\/blog\/wp-content\/uploads\/2014\/10\/rugas.jpg\" alt=\"rugas\" \/><\/p>\n<p style=\"text-align: justify;\">N\u00e3o admira por isso que este seja o componente preferido para tratamentos cosm\u00e9ticos, mesmo ap\u00f3s o surgimento de outras formula\u00e7\u00f5es como o Sculptra (\u00e1cido polil\u00e1ctico) ou o Radiesse (hidroxiapatite de c\u00e1lcio).<\/p>\n<p style=\"text-align: justify;\"><strong>Combater as rugas no s\u00e9culo XXI<\/strong><\/p>\n<p style=\"text-align: justify;\">O combate \u00e0s <strong>rugas<\/strong> no in\u00edcio do s\u00e9culo XX pode hoje parecer uma actividade b\u00e1rbara. Pelo contr\u00e1rio, hoje em dia, trata-se de uma ci\u00eancia refinada, que envolve tecnologia avan\u00e7ada com poucos riscos e uma ampla gama de possibilidades ao nosso dispor. Efectivamente, os materiais tornaram-se t\u00e3o seguros e evolu\u00eddos que a qualidade do<strong> m\u00e9dico\u00a0dermatologista<\/strong>\u00a0marca a diferen\u00e7a.<\/p>\n<p style=\"text-align: justify;\">E os preenchimentos s\u00e3o apenas o come\u00e7o. As <b>rugas<\/b> n\u00e3o s\u00e3o todas iguais, e o botox \u00e9 particularmente eficaz nas <strong>rugas de express\u00e3o<\/strong>, enquanto o laser estimula a produ\u00e7\u00e3o de colag\u00e9nio e elastina para produzir uma pele mais tonificada e rejuvenescida.<\/p>\n<p style=\"text-align: justify;\">O tratamento \u00e0 nossa medida depende apenas do nosso or\u00e7amento, do tipo de <strong>rugas<\/strong> e da qualidade do <strong>m\u00e9dico dermatologista<\/strong>. De resto, para cada ruga h\u00e1 uma possibilidade \u00e0 nossa espera. De experimentos duvidosos, a tecnologia m\u00e9dica de ponta, a elimina\u00e7\u00e3o de rugas deu passos de gigante no curto espa\u00e7o de um s\u00e9culo e os beneficiados somos todos n\u00f3s!<\/p>\n","protected":false},"excerpt":{"rendered":"<p>Com a Primavera finalmente a ganhar for\u00e7a, tive a oportunidade de me sentar na esplanada com um dos meus melhores amigos, para falarmos de tratamentos para rugas. N\u00e3o, este meu amigo n\u00e3o \u00e9, de todo, algu\u00e9m interessado em tratamentos est\u00e9ticos, mas tem uma cultura geral invulgar e sem eu perceber como, demos por n\u00f3s a [&hellip;]<\/p>\n","protected":false},"author":30,"featured_media":1445,"comment_status":"closed","ping_status":"open","sticky":false,"template":"","format":"standard","meta":{"_genesis_hide_title":false,"_genesis_hide_breadcrumbs":false,"_genesis_hide_singular_image":false,"_genesis_hide_footer_widgets":false,"_genesis_custom_body_class":"","_genesis_custom_post_class":"","_genesis_layout":"","ngg_post_thumbnail":0,"footnotes":""},"categories":[658],"tags":[123,13,122,322,5,67],"class_list":{"0":"post-407","1":"post","2":"type-post","3":"status-publish","4":"format-standard","5":"has-post-thumbnail","7":"category-rugas","8":"tag-peeling-profundo","9":"tag-peeling-quimico","10":"tag-peeling-superficial","11":"tag-rejuvenescimento-facial","12":"tag-rugas","13":"tag-rugas-na-testa","14":"entry"},"yoast_head":"<!-- This site is optimized with the Yoast SEO plugin v27.5 - https:\/\/yoast.com\/product\/yoast-seo-wordpress\/ -->\n<title>Alta tecnologia no preenchimento de rugas<\/title>\n<meta name=\"description\" content=\"A preocupa\u00e7\u00e3o com as rugas vem desde o in\u00edcio do s\u00e9culo XX mas os materiais de preenchimento de rugas evoluiram apreciavalmente.\" \/>\n<meta name=\"robots\" content=\"index, follow, max-snippet:-1, max-image-preview:large, max-video-preview:-1\" \/>\n<link rel=\"canonical\" href=\"https:\/\/www.cuidardocorpo.com\/blog\/alta-tecnologia-no-preenchimento-de-rugas\/\" \/>\n<meta name=\"twitter:label1\" content=\"Escrito por\" \/>\n\t<meta name=\"twitter:data1\" content=\"Marco\" \/>\n\t<meta name=\"twitter:label2\" content=\"Tempo estimado de leitura\" \/>\n\t<meta name=\"twitter:data2\" content=\"4 minutos\" \/>\n<script type=\"application\/ld+json\" class=\"yoast-schema-graph\">{\"@context\":\"https:\\\/\\\/schema.org\",\"@graph\":[{\"@type\":\"Article\",\"@id\":\"https:\\\/\\\/www.cuidardocorpo.com\\\/blog\\\/alta-tecnologia-no-preenchimento-de-rugas\\\/#article\",\"isPartOf\":{\"@id\":\"https:\\\/\\\/www.cuidardocorpo.com\\\/blog\\\/alta-tecnologia-no-preenchimento-de-rugas\\\/\"},\"author\":{\"name\":\"Marco\",\"@id\":\"https:\\\/\\\/www.cuidardocorpo.com\\\/blog\\\/#\\\/schema\\\/person\\\/d2c055cea0267b42ab2c0d74914a7b12\"},\"headline\":\"Alta tecnologia no preenchimento de rugas\",\"datePublished\":\"2014-06-09T11:20:23+00:00\",\"dateModified\":\"2015-10-22T14:38:58+00:00\",\"mainEntityOfPage\":{\"@id\":\"https:\\\/\\\/www.cuidardocorpo.com\\\/blog\\\/alta-tecnologia-no-preenchimento-de-rugas\\\/\"},\"wordCount\":778,\"publisher\":{\"@id\":\"https:\\\/\\\/www.cuidardocorpo.com\\\/blog\\\/#organization\"},\"image\":{\"@id\":\"https:\\\/\\\/www.cuidardocorpo.com\\\/blog\\\/alta-tecnologia-no-preenchimento-de-rugas\\\/#primaryimage\"},\"thumbnailUrl\":\"https:\\\/\\\/www.cuidardocorpo.com\\\/blog\\\/wp-content\\\/uploads\\\/cirurgia_plastica_homem.jpg\",\"keywords\":[\"peeling profundo\",\"peeling qu\u00edmico\",\"peeling superficial\",\"rejuvenescimento facial\",\"rugas\",\"Rugas na Testa\"],\"articleSection\":[\"Rugas\"],\"inLanguage\":\"pt-PT\"},{\"@type\":\"WebPage\",\"@id\":\"https:\\\/\\\/www.cuidardocorpo.com\\\/blog\\\/alta-tecnologia-no-preenchimento-de-rugas\\\/\",\"url\":\"https:\\\/\\\/www.cuidardocorpo.com\\\/blog\\\/alta-tecnologia-no-preenchimento-de-rugas\\\/\",\"name\":\"Alta tecnologia no preenchimento de rugas\",\"isPartOf\":{\"@id\":\"https:\\\/\\\/www.cuidardocorpo.com\\\/blog\\\/#website\"},\"primaryImageOfPage\":{\"@id\":\"https:\\\/\\\/www.cuidardocorpo.com\\\/blog\\\/alta-tecnologia-no-preenchimento-de-rugas\\\/#primaryimage\"},\"image\":{\"@id\":\"https:\\\/\\\/www.cuidardocorpo.com\\\/blog\\\/alta-tecnologia-no-preenchimento-de-rugas\\\/#primaryimage\"},\"thumbnailUrl\":\"https:\\\/\\\/www.cuidardocorpo.com\\\/blog\\\/wp-content\\\/uploads\\\/cirurgia_plastica_homem.jpg\",\"datePublished\":\"2014-06-09T11:20:23+00:00\",\"dateModified\":\"2015-10-22T14:38:58+00:00\",\"description\":\"A preocupa\u00e7\u00e3o com as rugas vem desde o in\u00edcio do s\u00e9culo XX mas os materiais de preenchimento de rugas evoluiram apreciavalmente.\",\"breadcrumb\":{\"@id\":\"https:\\\/\\\/www.cuidardocorpo.com\\\/blog\\\/alta-tecnologia-no-preenchimento-de-rugas\\\/#breadcrumb\"},\"inLanguage\":\"pt-PT\",\"potentialAction\":[{\"@type\":\"ReadAction\",\"target\":[\"https:\\\/\\\/www.cuidardocorpo.com\\\/blog\\\/alta-tecnologia-no-preenchimento-de-rugas\\\/\"]}]},{\"@type\":\"ImageObject\",\"inLanguage\":\"pt-PT\",\"@id\":\"https:\\\/\\\/www.cuidardocorpo.com\\\/blog\\\/alta-tecnologia-no-preenchimento-de-rugas\\\/#primaryimage\",\"url\":\"https:\\\/\\\/www.cuidardocorpo.com\\\/blog\\\/wp-content\\\/uploads\\\/cirurgia_plastica_homem.jpg\",\"contentUrl\":\"https:\\\/\\\/www.cuidardocorpo.com\\\/blog\\\/wp-content\\\/uploads\\\/cirurgia_plastica_homem.jpg\",\"width\":600,\"height\":315,\"caption\":\"Botox - Toxina Botul\u00ednica\"},{\"@type\":\"BreadcrumbList\",\"@id\":\"https:\\\/\\\/www.cuidardocorpo.com\\\/blog\\\/alta-tecnologia-no-preenchimento-de-rugas\\\/#breadcrumb\",\"itemListElement\":[{\"@type\":\"ListItem\",\"position\":1,\"name\":\"In\u00edcio\",\"item\":\"https:\\\/\\\/www.cuidardocorpo.com\\\/blog\\\/\"},{\"@type\":\"ListItem\",\"position\":2,\"name\":\"Alta tecnologia no preenchimento de rugas\"}]},{\"@type\":\"WebSite\",\"@id\":\"https:\\\/\\\/www.cuidardocorpo.com\\\/blog\\\/#website\",\"url\":\"https:\\\/\\\/www.cuidardocorpo.com\\\/blog\\\/\",\"name\":\"Cuidar do Corpo\",\"description\":\"Leia os nossos artigos e fique a saber tudo o que precisa para Cuidar do seu Corpo. Sa\u00fade e Bem-estar com informa\u00e7\u00f5es especializadas.\",\"publisher\":{\"@id\":\"https:\\\/\\\/www.cuidardocorpo.com\\\/blog\\\/#organization\"},\"alternateName\":\"Cuidar do Corpo\",\"potentialAction\":[{\"@type\":\"SearchAction\",\"target\":{\"@type\":\"EntryPoint\",\"urlTemplate\":\"https:\\\/\\\/www.cuidardocorpo.com\\\/blog\\\/?s={search_term_string}\"},\"query-input\":{\"@type\":\"PropertyValueSpecification\",\"valueRequired\":true,\"valueName\":\"search_term_string\"}}],\"inLanguage\":\"pt-PT\"},{\"@type\":\"Organization\",\"@id\":\"https:\\\/\\\/www.cuidardocorpo.com\\\/blog\\\/#organization\",\"name\":\"Cuidar do Corpo\",\"alternateName\":\"Cuidar do Corpo\",\"url\":\"https:\\\/\\\/www.cuidardocorpo.com\\\/blog\\\/\",\"logo\":{\"@type\":\"ImageObject\",\"inLanguage\":\"pt-PT\",\"@id\":\"https:\\\/\\\/www.cuidardocorpo.com\\\/blog\\\/#\\\/schema\\\/logo\\\/image\\\/\",\"url\":\"https:\\\/\\\/www.cuidardocorpo.com\\\/blog\\\/wp-content\\\/uploads\\\/cropped-logo_cuidar_do_corpo.png\",\"contentUrl\":\"https:\\\/\\\/www.cuidardocorpo.com\\\/blog\\\/wp-content\\\/uploads\\\/cropped-logo_cuidar_do_corpo.png\",\"width\":1140,\"height\":335,\"caption\":\"Cuidar do Corpo\"},\"image\":{\"@id\":\"https:\\\/\\\/www.cuidardocorpo.com\\\/blog\\\/#\\\/schema\\\/logo\\\/image\\\/\"}},{\"@type\":\"Person\",\"@id\":\"https:\\\/\\\/www.cuidardocorpo.com\\\/blog\\\/#\\\/schema\\\/person\\\/d2c055cea0267b42ab2c0d74914a7b12\",\"name\":\"Marco\",\"image\":{\"@type\":\"ImageObject\",\"inLanguage\":\"pt-PT\",\"@id\":\"https:\\\/\\\/secure.gravatar.com\\\/avatar\\\/6eff957f7ec206f79281c928bca80cc100814bcee319033240faf1a320a41208?s=96&d=mm&r=g\",\"url\":\"https:\\\/\\\/secure.gravatar.com\\\/avatar\\\/6eff957f7ec206f79281c928bca80cc100814bcee319033240faf1a320a41208?s=96&d=mm&r=g\",\"contentUrl\":\"https:\\\/\\\/secure.gravatar.com\\\/avatar\\\/6eff957f7ec206f79281c928bca80cc100814bcee319033240faf1a320a41208?s=96&d=mm&r=g\",\"caption\":\"Marco\"},\"description\":\"P\u00f3s-graduado em Ci\u00eancias da Educa\u00e7\u00e3o, actualmente a trabalhar no grau de doutor, \u00e9 blogger liter\u00e1rio, cr\u00edtico musical e fot\u00f3grafo por paix\u00e3o, com um j\u00e1 extenso portef\u00f3lio de fotografia de eventos.\",\"sameAs\":[\"https:\\\/\\\/www.facebook.com\\\/#!\\\/marco.rhl\"],\"url\":\"https:\\\/\\\/www.cuidardocorpo.com\\\/blog\\\/author\\\/marco\\\/\"}]}<\/script>\n<!-- \/ Yoast SEO plugin. -->","yoast_head_json":{"title":"Alta tecnologia no preenchimento de rugas","description":"A preocupa\u00e7\u00e3o com as rugas vem desde o in\u00edcio do s\u00e9culo XX mas os materiais de preenchimento de rugas evoluiram apreciavalmente.","robots":{"index":"index","follow":"follow","max-snippet":"max-snippet:-1","max-image-preview":"max-image-preview:large","max-video-preview":"max-video-preview:-1"},"canonical":"https:\/\/www.cuidardocorpo.com\/blog\/alta-tecnologia-no-preenchimento-de-rugas\/","twitter_misc":{"Escrito por":"Marco","Tempo estimado de leitura":"4 minutos"},"schema":{"@context":"https:\/\/schema.org","@graph":[{"@type":"Article","@id":"https:\/\/www.cuidardocorpo.com\/blog\/alta-tecnologia-no-preenchimento-de-rugas\/#article","isPartOf":{"@id":"https:\/\/www.cuidardocorpo.com\/blog\/alta-tecnologia-no-preenchimento-de-rugas\/"},"author":{"name":"Marco","@id":"https:\/\/www.cuidardocorpo.com\/blog\/#\/schema\/person\/d2c055cea0267b42ab2c0d74914a7b12"},"headline":"Alta tecnologia no preenchimento de rugas","datePublished":"2014-06-09T11:20:23+00:00","dateModified":"2015-10-22T14:38:58+00:00","mainEntityOfPage":{"@id":"https:\/\/www.cuidardocorpo.com\/blog\/alta-tecnologia-no-preenchimento-de-rugas\/"},"wordCount":778,"publisher":{"@id":"https:\/\/www.cuidardocorpo.com\/blog\/#organization"},"image":{"@id":"https:\/\/www.cuidardocorpo.com\/blog\/alta-tecnologia-no-preenchimento-de-rugas\/#primaryimage"},"thumbnailUrl":"https:\/\/www.cuidardocorpo.com\/blog\/wp-content\/uploads\/cirurgia_plastica_homem.jpg","keywords":["peeling profundo","peeling qu\u00edmico","peeling superficial","rejuvenescimento facial","rugas","Rugas na Testa"],"articleSection":["Rugas"],"inLanguage":"pt-PT"},{"@type":"WebPage","@id":"https:\/\/www.cuidardocorpo.com\/blog\/alta-tecnologia-no-preenchimento-de-rugas\/","url":"https:\/\/www.cuidardocorpo.com\/blog\/alta-tecnologia-no-preenchimento-de-rugas\/","name":"Alta tecnologia no preenchimento de rugas","isPartOf":{"@id":"https:\/\/www.cuidardocorpo.com\/blog\/#website"},"primaryImageOfPage":{"@id":"https:\/\/www.cuidardocorpo.com\/blog\/alta-tecnologia-no-preenchimento-de-rugas\/#primaryimage"},"image":{"@id":"https:\/\/www.cuidardocorpo.com\/blog\/alta-tecnologia-no-preenchimento-de-rugas\/#primaryimage"},"thumbnailUrl":"https:\/\/www.cuidardocorpo.com\/blog\/wp-content\/uploads\/cirurgia_plastica_homem.jpg","datePublished":"2014-06-09T11:20:23+00:00","dateModified":"2015-10-22T14:38:58+00:00","description":"A preocupa\u00e7\u00e3o com as rugas vem desde o in\u00edcio do s\u00e9culo XX mas os materiais de preenchimento de rugas evoluiram apreciavalmente.","breadcrumb":{"@id":"https:\/\/www.cuidardocorpo.com\/blog\/alta-tecnologia-no-preenchimento-de-rugas\/#breadcrumb"},"inLanguage":"pt-PT","potentialAction":[{"@type":"ReadAction","target":["https:\/\/www.cuidardocorpo.com\/blog\/alta-tecnologia-no-preenchimento-de-rugas\/"]}]},{"@type":"ImageObject","inLanguage":"pt-PT","@id":"https:\/\/www.cuidardocorpo.com\/blog\/alta-tecnologia-no-preenchimento-de-rugas\/#primaryimage","url":"https:\/\/www.cuidardocorpo.com\/blog\/wp-content\/uploads\/cirurgia_plastica_homem.jpg","contentUrl":"https:\/\/www.cuidardocorpo.com\/blog\/wp-content\/uploads\/cirurgia_plastica_homem.jpg","width":600,"height":315,"caption":"Botox - Toxina Botul\u00ednica"},{"@type":"BreadcrumbList","@id":"https:\/\/www.cuidardocorpo.com\/blog\/alta-tecnologia-no-preenchimento-de-rugas\/#breadcrumb","itemListElement":[{"@type":"ListItem","position":1,"name":"In\u00edcio","item":"https:\/\/www.cuidardocorpo.com\/blog\/"},{"@type":"ListItem","position":2,"name":"Alta tecnologia no preenchimento de rugas"}]},{"@type":"WebSite","@id":"https:\/\/www.cuidardocorpo.com\/blog\/#website","url":"https:\/\/www.cuidardocorpo.com\/blog\/","name":"Cuidar do Corpo","description":"Leia os nossos artigos e fique a saber tudo o que precisa para Cuidar do seu Corpo. Sa\u00fade e Bem-estar com informa\u00e7\u00f5es especializadas.","publisher":{"@id":"https:\/\/www.cuidardocorpo.com\/blog\/#organization"},"alternateName":"Cuidar do Corpo","potentialAction":[{"@type":"SearchAction","target":{"@type":"EntryPoint","urlTemplate":"https:\/\/www.cuidardocorpo.com\/blog\/?s={search_term_string}"},"query-input":{"@type":"PropertyValueSpecification","valueRequired":true,"valueName":"search_term_string"}}],"inLanguage":"pt-PT"},{"@type":"Organization","@id":"https:\/\/www.cuidardocorpo.com\/blog\/#organization","name":"Cuidar do Corpo","alternateName":"Cuidar do Corpo","url":"https:\/\/www.cuidardocorpo.com\/blog\/","logo":{"@type":"ImageObject","inLanguage":"pt-PT","@id":"https:\/\/www.cuidardocorpo.com\/blog\/#\/schema\/logo\/image\/","url":"https:\/\/www.cuidardocorpo.com\/blog\/wp-content\/uploads\/cropped-logo_cuidar_do_corpo.png","contentUrl":"https:\/\/www.cuidardocorpo.com\/blog\/wp-content\/uploads\/cropped-logo_cuidar_do_corpo.png","width":1140,"height":335,"caption":"Cuidar do Corpo"},"image":{"@id":"https:\/\/www.cuidardocorpo.com\/blog\/#\/schema\/logo\/image\/"}},{"@type":"Person","@id":"https:\/\/www.cuidardocorpo.com\/blog\/#\/schema\/person\/d2c055cea0267b42ab2c0d74914a7b12","name":"Marco","image":{"@type":"ImageObject","inLanguage":"pt-PT","@id":"https:\/\/secure.gravatar.com\/avatar\/6eff957f7ec206f79281c928bca80cc100814bcee319033240faf1a320a41208?s=96&d=mm&r=g","url":"https:\/\/secure.gravatar.com\/avatar\/6eff957f7ec206f79281c928bca80cc100814bcee319033240faf1a320a41208?s=96&d=mm&r=g","contentUrl":"https:\/\/secure.gravatar.com\/avatar\/6eff957f7ec206f79281c928bca80cc100814bcee319033240faf1a320a41208?s=96&d=mm&r=g","caption":"Marco"},"description":"P\u00f3s-graduado em Ci\u00eancias da Educa\u00e7\u00e3o, actualmente a trabalhar no grau de doutor, \u00e9 blogger liter\u00e1rio, cr\u00edtico musical e fot\u00f3grafo por paix\u00e3o, com um j\u00e1 extenso portef\u00f3lio de fotografia de eventos.","sameAs":["https:\/\/www.facebook.com\/#!\/marco.rhl"],"url":"https:\/\/www.cuidardocorpo.com\/blog\/author\/marco\/"}]}},"amp_enabled":true,"_links":{"self":[{"href":"https:\/\/www.cuidardocorpo.com\/blog\/wp-json\/wp\/v2\/posts\/407","targetHints":{"allow":["GET"]}}],"collection":[{"href":"https:\/\/www.cuidardocorpo.com\/blog\/wp-json\/wp\/v2\/posts"}],"about":[{"href":"https:\/\/www.cuidardocorpo.com\/blog\/wp-json\/wp\/v2\/types\/post"}],"author":[{"embeddable":true,"href":"https:\/\/www.cuidardocorpo.com\/blog\/wp-json\/wp\/v2\/users\/30"}],"replies":[{"embeddable":true,"href":"https:\/\/www.cuidardocorpo.com\/blog\/wp-json\/wp\/v2\/comments?post=407"}],"version-history":[{"count":7,"href":"https:\/\/www.cuidardocorpo.com\/blog\/wp-json\/wp\/v2\/posts\/407\/revisions"}],"predecessor-version":[{"id":1447,"href":"https:\/\/www.cuidardocorpo.com\/blog\/wp-json\/wp\/v2\/posts\/407\/revisions\/1447"}],"wp:featuredmedia":[{"embeddable":true,"href":"https:\/\/www.cuidardocorpo.com\/blog\/wp-json\/wp\/v2\/media\/1445"}],"wp:attachment":[{"href":"https:\/\/www.cuidardocorpo.com\/blog\/wp-json\/wp\/v2\/media?parent=407"}],"wp:term":[{"taxonomy":"category","embeddable":true,"href":"https:\/\/www.cuidardocorpo.com\/blog\/wp-json\/wp\/v2\/categories?post=407"},{"taxonomy":"post_tag","embeddable":true,"href":"https:\/\/www.cuidardocorpo.com\/blog\/wp-json\/wp\/v2\/tags?post=407"}],"curies":[{"name":"wp","href":"https:\/\/api.w.org\/{rel}","templated":true}]}}