{"id":444,"date":"2019-01-07T10:52:15","date_gmt":"2014-07-29T11:49:36","guid":{"rendered":"http:\/\/www.cuidardocorpo.com\/blog?p=444"},"modified":"2014-07-29T11:49:36","modified_gmt":"2014-07-29T11:49:36","slug":"aguas-termais-um-milagre-liquido-na-saude-e-bem-estar-444","status":"publish","type":"post","link":"https:\/\/www.cuidardocorpo.com\/blog\/aguas-termais-um-milagre-liquido-na-saude-e-bem-estar-444\/","title":{"rendered":"\u00c1guas Termais, um Milagre L\u00edquido na Sa\u00fade e Bem-Estar"},"content":{"rendered":"<p style=\"text-align: left;\"><a href=\"http:\/\/paixoesdeisabel.pt\/category\/saude\/\" target=\"_blank\">As <strong>\u00e1guas termais<\/strong> s\u00e3o excelentes aliadas na sa\u00fade e no bem estar f\u00edsico e mental<\/a>. Retemperar for\u00e7as, recarregar baterias e restabelecer o equil\u00edbrio&nbsp;\u00e9 o conjunto de maravilhas que as <strong>termas<\/strong> t\u00eam para nos oferecer. Escusado ser\u00e1 lembrar que <strong>\u00e1guas termais<\/strong> rimam com natureza, com ar puro e com verde &#8211; muito verde.<\/p>\n<p style=\"text-align: left;\"><a href=\"http:\/\/pt.wikipedia.org\/wiki\/Fonte_termal\" target=\"_blank\">Mas o que s\u00e3o <strong>\u00e1guas termais<\/strong><\/a>? S\u00e3o \u00e1guas de origem subterr\u00e2nea com&nbsp;temperatura de emerg\u00eancia superior a 20\u00baC, ou seja, s\u00e3o solu\u00e7\u00f5es aquosas naturais formadas&nbsp;em condi\u00e7\u00f5es geol\u00f3gicas espec\u00edficas e caracterizam-se&nbsp;por tr\u00eas&nbsp;aspectos fundamentais:<\/p>\n<ul style=\"text-align: left;\">\n<li>a sua origem natural;<\/li>\n<li>a sua pureza bacteriol\u00f3gica;<\/li>\n<li>o seu potencial terap\u00eautico.<\/li>\n<\/ul>\n<p style=\"text-align: left;\">Saiba que a maioria das <strong>\u00e1guas termais<\/strong> s\u00e3o origin\u00e1rias da&nbsp;\u00e1gua da chuva que, infiltrando-se em profundidade, vai&nbsp;adquirindo caracter\u00edsticas f\u00edsico-qu\u00edmicas \u00fanicas em fun\u00e7\u00e3o da composi\u00e7\u00e3o&nbsp;mineral\u00f3gica das forma\u00e7\u00f5es geol\u00f3gicas por onde circula.<\/p>\n<h2 style=\"text-align: left;\">\u00c1guas termais, a riqueza de um recurso natural<\/h2><!-- Dentro do texto --><ins class=\"adsbygoogle\"  style=\"display:inline-block;width:336px;height:280px\"     data-ad-client=\"ca-pub-6281798432166415\"    data-ad-slot=\"5069359289\"><\/ins>\n<p style=\"text-align: left;\"><img loading=\"lazy\" decoding=\"async\" src=\"\/blog\/wp-content\/uploads\/2014\/10\/aguas_termais.jpg\" width=\"281\" height=\"200\" alt=\"\u00e1guas termais - isabel angelino\" style=\"margin: 0px 0px 10px 10px; float: right;\" \/>Portugal \u00e9 um dos pa\u00edses da Europa mais abundantes em <strong>\u00e1guas termais<\/strong>: s\u00e3o estas&nbsp;um recurso natural que tem sido utilizado desde a antiguidade em diversas \u00e1reas da <strong>sa\u00fade<\/strong> e na promo\u00e7\u00e3o do <strong>bem-estar<\/strong>: na&nbsp;terap\u00eautica, na reabilita\u00e7\u00e3o e na preven\u00e7\u00e3o de diversas doen\u00e7as.&nbsp;<\/p>\n<p style=\"text-align: left;\">As <strong>termas<\/strong> de S. Pedro do Sul constituem um \u00f3ptimo exemplo de como este recurso natural, que s\u00e3o as<strong> \u00e1guas termais<\/strong>, possui m\u00faltiplas utilidades.&nbsp;Saiba que esta \u00e9 a est\u00e2ncia termal&nbsp;portuguesa que apresenta a maior frequ\u00eancia anual de aquistas. Porque ser\u00e1?<\/p>\n<p style=\"text-align: left;\">Conhecidas por serem capazes de produzir efeitos diversos a n\u00edvel da&nbsp;superf\u00edcie cut\u00e2nea, as<strong> \u00e1guas termais<\/strong> t\u00eam sido utilizadas no tratamento de doen\u00e7as da pele,&nbsp;como a psor\u00edase e a dermatite at\u00f3pica. Est\u00e1, ali\u00e1s, comprovado que as&nbsp;<strong>\u00e1guas termais<\/strong> de S. Pedro do Sul s\u00e3o hidratantes e anti-irritantes, pelo que o seu&nbsp;campo de aplica\u00e7\u00e3o pode estender-se \u00e0s \u00e1reas da Dermatologia e da Cosm\u00e9tica.<\/p>\n<p style=\"text-align: left;\"><a href=\"http:\/\/portocanal.sapo.pt\/noticia\/29468\/\" target=\"_blank\">Tamanhas evid\u00eancias de que as <strong>\u00e1guas termais<\/strong> provocam efeitos maravilhosos a n\u00edvel cut\u00e2neo<\/a>&nbsp;incitaram \u00e0 sua comercializa\u00e7\u00e3o em forma de vaporizadores e\/ou incorporadas em diversos produtos cosm\u00e9ticos e de higiene corporal.<a href=\"http:\/\/portocanal.sapo.pt\/noticia\/29468\/\" target=\"_blank\"><\/a>&nbsp;<\/p>\n<h2 style=\"text-align: left;\">O segredo das \u00e1guas termais de S. Pedro do Sul<\/h2>\n<p style=\"text-align: left;\">As <strong>\u00e1guas termais<\/strong> de S. Pedro do Sul apresentam uma composi\u00e7\u00e3o f\u00edsico-qu\u00edmica semelhante \u00e0 de algumas <strong>\u00e1guas termais<\/strong> que s\u00e3o utilizadas no tratamento de doen\u00e7as de pele e na \u00e1rea da Cosm\u00e9tica: um elixir de sa\u00fade e bem-estar!<a href=\"http:\/\/paixoesdeisabel.pt\/category\/saude\/\" target=\"_blank\"><\/a><\/p>\n<p style=\"text-align: left;\">Mas a que se deve estes efeitos? Qual \u00e9 o segredo das <strong>\u00e1guas termais<\/strong> de S. Pedro do Sul? Especula-se que estes efeitos poder\u00e3o dever-se ao seu grau de mineraliza\u00e7\u00e3o mas, igualmente, a um&nbsp;conjunto de caracter\u00edsticas qu\u00edmicas espec\u00edficas desta \u00e1gua, nomeadamente no que concerne ao&nbsp;seu conte\u00fado ani\u00f3nico e tamb\u00e9m \u00e0 presen\u00e7a dos elementos vestigi\u00e1rios boro, mangan\u00e9sio e&nbsp;alum\u00ednio.<\/p>\n<h3 style=\"text-align: left;\">As \u00e1guas termais s\u00e3o potenciadoras de sa\u00fade e de bem &#8211; estar. Conhe\u00e7a outros assuntos com a mesma finalidade <a href=\"http:\/\/paixoesdeisabel.pt\/\" target=\"_blank\">aqui<\/a>.<\/h3>\n","protected":false},"excerpt":{"rendered":"<p>As \u00e1guas termais s\u00e3o excelentes aliadas na sa\u00fade e no bem estar f\u00edsico e mental. Retemperar for\u00e7as, recarregar baterias e restabelecer o equil\u00edbrio&nbsp;\u00e9 o conjunto de maravilhas que as termas t\u00eam para nos oferecer. Escusado ser\u00e1 lembrar que \u00e1guas termais rimam com natureza, com ar puro e com verde &#8211; muito verde. Mas o que [&hellip;]<\/p>\n","protected":false},"author":13,"featured_media":1057,"comment_status":"open","ping_status":"open","sticky":false,"template":"","format":"standard","meta":{"_genesis_hide_title":false,"_genesis_hide_breadcrumbs":false,"_genesis_hide_singular_image":false,"_genesis_hide_footer_widgets":false,"_genesis_custom_body_class":"","_genesis_custom_post_class":"","_genesis_layout":"","ngg_post_thumbnail":0,"footnotes":""},"categories":[],"tags":[540,187,479,130,539,541,542],"class_list":{"0":"post-444","1":"post","2":"type-post","3":"status-publish","4":"format-standard","5":"has-post-thumbnail","7":"tag-aguas-termais","8":"tag-bem-estar","9":"tag-reabilitacao-recuperacao","10":"tag-saude","11":"tag-saude-termal","12":"tag-terapias-termais","13":"tag-termas","14":"entry"},"yoast_head":"<!-- This site is optimized with the Yoast SEO plugin v27.5 - https:\/\/yoast.com\/product\/yoast-seo-wordpress\/ -->\n<title>\u00c1guas Termais, um Milagre L\u00edquido na Sa\u00fade e Bem-Estar<\/title>\n<meta name=\"description\" content=\"As \u00e1guas termais s\u00e3o aut\u00eanticos milagres para a sa\u00fade e para a promo\u00e7\u00e3o do bem estar. J\u00e1 conhece os benef\u00edcios das termas de S. Pedro do Sul?\" \/>\n<meta name=\"robots\" content=\"index, follow, max-snippet:-1, max-image-preview:large, max-video-preview:-1\" \/>\n<link rel=\"canonical\" href=\"https:\/\/www.cuidardocorpo.com\/blog\/aguas-termais-um-milagre-liquido-na-saude-e-bem-estar-444\/\" \/>\n<meta name=\"twitter:label1\" content=\"Escrito por\" \/>\n\t<meta name=\"twitter:data1\" content=\"olinda de freitas\" \/>\n\t<meta name=\"twitter:label2\" content=\"Tempo estimado de leitura\" \/>\n\t<meta name=\"twitter:data2\" content=\"3 minutos\" \/>\n<script type=\"application\/ld+json\" class=\"yoast-schema-graph\">{\"@context\":\"https:\\\/\\\/schema.org\",\"@graph\":[{\"@type\":\"Article\",\"@id\":\"https:\\\/\\\/www.cuidardocorpo.com\\\/blog\\\/aguas-termais-um-milagre-liquido-na-saude-e-bem-estar-444\\\/#article\",\"isPartOf\":{\"@id\":\"https:\\\/\\\/www.cuidardocorpo.com\\\/blog\\\/aguas-termais-um-milagre-liquido-na-saude-e-bem-estar-444\\\/\"},\"author\":{\"name\":\"olinda de freitas\",\"@id\":\"https:\\\/\\\/www.cuidardocorpo.com\\\/blog\\\/#\\\/schema\\\/person\\\/58edd4a3b7ca42b8ac7269646fba61e3\"},\"headline\":\"\u00c1guas Termais, um Milagre L\u00edquido na Sa\u00fade e Bem-Estar\",\"datePublished\":\"2014-07-29T11:49:36+00:00\",\"mainEntityOfPage\":{\"@id\":\"https:\\\/\\\/www.cuidardocorpo.com\\\/blog\\\/aguas-termais-um-milagre-liquido-na-saude-e-bem-estar-444\\\/\"},\"wordCount\":555,\"commentCount\":0,\"publisher\":{\"@id\":\"https:\\\/\\\/www.cuidardocorpo.com\\\/blog\\\/#organization\"},\"image\":{\"@id\":\"https:\\\/\\\/www.cuidardocorpo.com\\\/blog\\\/aguas-termais-um-milagre-liquido-na-saude-e-bem-estar-444\\\/#primaryimage\"},\"thumbnailUrl\":\"https:\\\/\\\/www.cuidardocorpo.com\\\/blog\\\/wp-content\\\/uploads\\\/aguas_termais.jpg\",\"keywords\":[\"\u00e1guas termais\",\"bem-estar\",\"reabilita\u00e7\u00e3o \\\/ recupera\u00e7\u00e3o\",\"sa\u00fade\",\"saude termal\",\"terapias termais\",\"termas\"],\"inLanguage\":\"pt-PT\",\"potentialAction\":[{\"@type\":\"CommentAction\",\"name\":\"Comment\",\"target\":[\"https:\\\/\\\/www.cuidardocorpo.com\\\/blog\\\/aguas-termais-um-milagre-liquido-na-saude-e-bem-estar-444\\\/#respond\"]}]},{\"@type\":\"WebPage\",\"@id\":\"https:\\\/\\\/www.cuidardocorpo.com\\\/blog\\\/aguas-termais-um-milagre-liquido-na-saude-e-bem-estar-444\\\/\",\"url\":\"https:\\\/\\\/www.cuidardocorpo.com\\\/blog\\\/aguas-termais-um-milagre-liquido-na-saude-e-bem-estar-444\\\/\",\"name\":\"\u00c1guas Termais, um Milagre L\u00edquido na Sa\u00fade e Bem-Estar\",\"isPartOf\":{\"@id\":\"https:\\\/\\\/www.cuidardocorpo.com\\\/blog\\\/#website\"},\"primaryImageOfPage\":{\"@id\":\"https:\\\/\\\/www.cuidardocorpo.com\\\/blog\\\/aguas-termais-um-milagre-liquido-na-saude-e-bem-estar-444\\\/#primaryimage\"},\"image\":{\"@id\":\"https:\\\/\\\/www.cuidardocorpo.com\\\/blog\\\/aguas-termais-um-milagre-liquido-na-saude-e-bem-estar-444\\\/#primaryimage\"},\"thumbnailUrl\":\"https:\\\/\\\/www.cuidardocorpo.com\\\/blog\\\/wp-content\\\/uploads\\\/aguas_termais.jpg\",\"datePublished\":\"2014-07-29T11:49:36+00:00\",\"description\":\"As \u00e1guas termais s\u00e3o aut\u00eanticos milagres para a sa\u00fade e para a promo\u00e7\u00e3o do bem estar. J\u00e1 conhece os benef\u00edcios das termas de S. Pedro do Sul?\",\"breadcrumb\":{\"@id\":\"https:\\\/\\\/www.cuidardocorpo.com\\\/blog\\\/aguas-termais-um-milagre-liquido-na-saude-e-bem-estar-444\\\/#breadcrumb\"},\"inLanguage\":\"pt-PT\",\"potentialAction\":[{\"@type\":\"ReadAction\",\"target\":[\"https:\\\/\\\/www.cuidardocorpo.com\\\/blog\\\/aguas-termais-um-milagre-liquido-na-saude-e-bem-estar-444\\\/\"]}]},{\"@type\":\"ImageObject\",\"inLanguage\":\"pt-PT\",\"@id\":\"https:\\\/\\\/www.cuidardocorpo.com\\\/blog\\\/aguas-termais-um-milagre-liquido-na-saude-e-bem-estar-444\\\/#primaryimage\",\"url\":\"https:\\\/\\\/www.cuidardocorpo.com\\\/blog\\\/wp-content\\\/uploads\\\/aguas_termais.jpg\",\"contentUrl\":\"https:\\\/\\\/www.cuidardocorpo.com\\\/blog\\\/wp-content\\\/uploads\\\/aguas_termais.jpg\"},{\"@type\":\"BreadcrumbList\",\"@id\":\"https:\\\/\\\/www.cuidardocorpo.com\\\/blog\\\/aguas-termais-um-milagre-liquido-na-saude-e-bem-estar-444\\\/#breadcrumb\",\"itemListElement\":[{\"@type\":\"ListItem\",\"position\":1,\"name\":\"In\u00edcio\",\"item\":\"https:\\\/\\\/www.cuidardocorpo.com\\\/blog\\\/\"},{\"@type\":\"ListItem\",\"position\":2,\"name\":\"\u00c1guas Termais, um Milagre L\u00edquido na Sa\u00fade e Bem-Estar\"}]},{\"@type\":\"WebSite\",\"@id\":\"https:\\\/\\\/www.cuidardocorpo.com\\\/blog\\\/#website\",\"url\":\"https:\\\/\\\/www.cuidardocorpo.com\\\/blog\\\/\",\"name\":\"Cuidar do Corpo\",\"description\":\"Leia os nossos artigos e fique a saber tudo o que precisa para Cuidar do seu Corpo. Sa\u00fade e Bem-estar com informa\u00e7\u00f5es especializadas.\",\"publisher\":{\"@id\":\"https:\\\/\\\/www.cuidardocorpo.com\\\/blog\\\/#organization\"},\"alternateName\":\"Cuidar do Corpo\",\"potentialAction\":[{\"@type\":\"SearchAction\",\"target\":{\"@type\":\"EntryPoint\",\"urlTemplate\":\"https:\\\/\\\/www.cuidardocorpo.com\\\/blog\\\/?s={search_term_string}\"},\"query-input\":{\"@type\":\"PropertyValueSpecification\",\"valueRequired\":true,\"valueName\":\"search_term_string\"}}],\"inLanguage\":\"pt-PT\"},{\"@type\":\"Organization\",\"@id\":\"https:\\\/\\\/www.cuidardocorpo.com\\\/blog\\\/#organization\",\"name\":\"Cuidar do Corpo\",\"alternateName\":\"Cuidar do Corpo\",\"url\":\"https:\\\/\\\/www.cuidardocorpo.com\\\/blog\\\/\",\"logo\":{\"@type\":\"ImageObject\",\"inLanguage\":\"pt-PT\",\"@id\":\"https:\\\/\\\/www.cuidardocorpo.com\\\/blog\\\/#\\\/schema\\\/logo\\\/image\\\/\",\"url\":\"https:\\\/\\\/www.cuidardocorpo.com\\\/blog\\\/wp-content\\\/uploads\\\/cropped-logo_cuidar_do_corpo.png\",\"contentUrl\":\"https:\\\/\\\/www.cuidardocorpo.com\\\/blog\\\/wp-content\\\/uploads\\\/cropped-logo_cuidar_do_corpo.png\",\"width\":1140,\"height\":335,\"caption\":\"Cuidar do Corpo\"},\"image\":{\"@id\":\"https:\\\/\\\/www.cuidardocorpo.com\\\/blog\\\/#\\\/schema\\\/logo\\\/image\\\/\"}},{\"@type\":\"Person\",\"@id\":\"https:\\\/\\\/www.cuidardocorpo.com\\\/blog\\\/#\\\/schema\\\/person\\\/58edd4a3b7ca42b8ac7269646fba61e3\",\"name\":\"olinda de freitas\",\"image\":{\"@type\":\"ImageObject\",\"inLanguage\":\"pt-PT\",\"@id\":\"https:\\\/\\\/secure.gravatar.com\\\/avatar\\\/0f710d63a654ed9bc541c69d5888aac3e41edecc37141a70f3e8c353f9f0ecc3?s=96&d=mm&r=g\",\"url\":\"https:\\\/\\\/secure.gravatar.com\\\/avatar\\\/0f710d63a654ed9bc541c69d5888aac3e41edecc37141a70f3e8c353f9f0ecc3?s=96&d=mm&r=g\",\"contentUrl\":\"https:\\\/\\\/secure.gravatar.com\\\/avatar\\\/0f710d63a654ed9bc541c69d5888aac3e41edecc37141a70f3e8c353f9f0ecc3?s=96&d=mm&r=g\",\"caption\":\"olinda de freitas\"},\"description\":\"Produtora de conte\u00fados textuais freelancer. Com paix\u00e3o e alhos.\",\"url\":\"https:\\\/\\\/www.cuidardocorpo.com\\\/blog\\\/author\\\/olinda-de-freitas\\\/\"}]}<\/script>\n<!-- \/ Yoast SEO plugin. -->","yoast_head_json":{"title":"\u00c1guas Termais, um Milagre L\u00edquido na Sa\u00fade e Bem-Estar","description":"As \u00e1guas termais s\u00e3o aut\u00eanticos milagres para a sa\u00fade e para a promo\u00e7\u00e3o do bem estar. J\u00e1 conhece os benef\u00edcios das termas de S. Pedro do Sul?","robots":{"index":"index","follow":"follow","max-snippet":"max-snippet:-1","max-image-preview":"max-image-preview:large","max-video-preview":"max-video-preview:-1"},"canonical":"https:\/\/www.cuidardocorpo.com\/blog\/aguas-termais-um-milagre-liquido-na-saude-e-bem-estar-444\/","twitter_misc":{"Escrito por":"olinda de freitas","Tempo estimado de leitura":"3 minutos"},"schema":{"@context":"https:\/\/schema.org","@graph":[{"@type":"Article","@id":"https:\/\/www.cuidardocorpo.com\/blog\/aguas-termais-um-milagre-liquido-na-saude-e-bem-estar-444\/#article","isPartOf":{"@id":"https:\/\/www.cuidardocorpo.com\/blog\/aguas-termais-um-milagre-liquido-na-saude-e-bem-estar-444\/"},"author":{"name":"olinda de freitas","@id":"https:\/\/www.cuidardocorpo.com\/blog\/#\/schema\/person\/58edd4a3b7ca42b8ac7269646fba61e3"},"headline":"\u00c1guas Termais, um Milagre L\u00edquido na Sa\u00fade e Bem-Estar","datePublished":"2014-07-29T11:49:36+00:00","mainEntityOfPage":{"@id":"https:\/\/www.cuidardocorpo.com\/blog\/aguas-termais-um-milagre-liquido-na-saude-e-bem-estar-444\/"},"wordCount":555,"commentCount":0,"publisher":{"@id":"https:\/\/www.cuidardocorpo.com\/blog\/#organization"},"image":{"@id":"https:\/\/www.cuidardocorpo.com\/blog\/aguas-termais-um-milagre-liquido-na-saude-e-bem-estar-444\/#primaryimage"},"thumbnailUrl":"https:\/\/www.cuidardocorpo.com\/blog\/wp-content\/uploads\/aguas_termais.jpg","keywords":["\u00e1guas termais","bem-estar","reabilita\u00e7\u00e3o \/ recupera\u00e7\u00e3o","sa\u00fade","saude termal","terapias termais","termas"],"inLanguage":"pt-PT","potentialAction":[{"@type":"CommentAction","name":"Comment","target":["https:\/\/www.cuidardocorpo.com\/blog\/aguas-termais-um-milagre-liquido-na-saude-e-bem-estar-444\/#respond"]}]},{"@type":"WebPage","@id":"https:\/\/www.cuidardocorpo.com\/blog\/aguas-termais-um-milagre-liquido-na-saude-e-bem-estar-444\/","url":"https:\/\/www.cuidardocorpo.com\/blog\/aguas-termais-um-milagre-liquido-na-saude-e-bem-estar-444\/","name":"\u00c1guas Termais, um Milagre L\u00edquido na Sa\u00fade e Bem-Estar","isPartOf":{"@id":"https:\/\/www.cuidardocorpo.com\/blog\/#website"},"primaryImageOfPage":{"@id":"https:\/\/www.cuidardocorpo.com\/blog\/aguas-termais-um-milagre-liquido-na-saude-e-bem-estar-444\/#primaryimage"},"image":{"@id":"https:\/\/www.cuidardocorpo.com\/blog\/aguas-termais-um-milagre-liquido-na-saude-e-bem-estar-444\/#primaryimage"},"thumbnailUrl":"https:\/\/www.cuidardocorpo.com\/blog\/wp-content\/uploads\/aguas_termais.jpg","datePublished":"2014-07-29T11:49:36+00:00","description":"As \u00e1guas termais s\u00e3o aut\u00eanticos milagres para a sa\u00fade e para a promo\u00e7\u00e3o do bem estar. J\u00e1 conhece os benef\u00edcios das termas de S. Pedro do Sul?","breadcrumb":{"@id":"https:\/\/www.cuidardocorpo.com\/blog\/aguas-termais-um-milagre-liquido-na-saude-e-bem-estar-444\/#breadcrumb"},"inLanguage":"pt-PT","potentialAction":[{"@type":"ReadAction","target":["https:\/\/www.cuidardocorpo.com\/blog\/aguas-termais-um-milagre-liquido-na-saude-e-bem-estar-444\/"]}]},{"@type":"ImageObject","inLanguage":"pt-PT","@id":"https:\/\/www.cuidardocorpo.com\/blog\/aguas-termais-um-milagre-liquido-na-saude-e-bem-estar-444\/#primaryimage","url":"https:\/\/www.cuidardocorpo.com\/blog\/wp-content\/uploads\/aguas_termais.jpg","contentUrl":"https:\/\/www.cuidardocorpo.com\/blog\/wp-content\/uploads\/aguas_termais.jpg"},{"@type":"BreadcrumbList","@id":"https:\/\/www.cuidardocorpo.com\/blog\/aguas-termais-um-milagre-liquido-na-saude-e-bem-estar-444\/#breadcrumb","itemListElement":[{"@type":"ListItem","position":1,"name":"In\u00edcio","item":"https:\/\/www.cuidardocorpo.com\/blog\/"},{"@type":"ListItem","position":2,"name":"\u00c1guas Termais, um Milagre L\u00edquido na Sa\u00fade e Bem-Estar"}]},{"@type":"WebSite","@id":"https:\/\/www.cuidardocorpo.com\/blog\/#website","url":"https:\/\/www.cuidardocorpo.com\/blog\/","name":"Cuidar do Corpo","description":"Leia os nossos artigos e fique a saber tudo o que precisa para Cuidar do seu Corpo. Sa\u00fade e Bem-estar com informa\u00e7\u00f5es especializadas.","publisher":{"@id":"https:\/\/www.cuidardocorpo.com\/blog\/#organization"},"alternateName":"Cuidar do Corpo","potentialAction":[{"@type":"SearchAction","target":{"@type":"EntryPoint","urlTemplate":"https:\/\/www.cuidardocorpo.com\/blog\/?s={search_term_string}"},"query-input":{"@type":"PropertyValueSpecification","valueRequired":true,"valueName":"search_term_string"}}],"inLanguage":"pt-PT"},{"@type":"Organization","@id":"https:\/\/www.cuidardocorpo.com\/blog\/#organization","name":"Cuidar do Corpo","alternateName":"Cuidar do Corpo","url":"https:\/\/www.cuidardocorpo.com\/blog\/","logo":{"@type":"ImageObject","inLanguage":"pt-PT","@id":"https:\/\/www.cuidardocorpo.com\/blog\/#\/schema\/logo\/image\/","url":"https:\/\/www.cuidardocorpo.com\/blog\/wp-content\/uploads\/cropped-logo_cuidar_do_corpo.png","contentUrl":"https:\/\/www.cuidardocorpo.com\/blog\/wp-content\/uploads\/cropped-logo_cuidar_do_corpo.png","width":1140,"height":335,"caption":"Cuidar do Corpo"},"image":{"@id":"https:\/\/www.cuidardocorpo.com\/blog\/#\/schema\/logo\/image\/"}},{"@type":"Person","@id":"https:\/\/www.cuidardocorpo.com\/blog\/#\/schema\/person\/58edd4a3b7ca42b8ac7269646fba61e3","name":"olinda de freitas","image":{"@type":"ImageObject","inLanguage":"pt-PT","@id":"https:\/\/secure.gravatar.com\/avatar\/0f710d63a654ed9bc541c69d5888aac3e41edecc37141a70f3e8c353f9f0ecc3?s=96&d=mm&r=g","url":"https:\/\/secure.gravatar.com\/avatar\/0f710d63a654ed9bc541c69d5888aac3e41edecc37141a70f3e8c353f9f0ecc3?s=96&d=mm&r=g","contentUrl":"https:\/\/secure.gravatar.com\/avatar\/0f710d63a654ed9bc541c69d5888aac3e41edecc37141a70f3e8c353f9f0ecc3?s=96&d=mm&r=g","caption":"olinda de freitas"},"description":"Produtora de conte\u00fados textuais freelancer. Com paix\u00e3o e alhos.","url":"https:\/\/www.cuidardocorpo.com\/blog\/author\/olinda-de-freitas\/"}]}},"amp_enabled":true,"_links":{"self":[{"href":"https:\/\/www.cuidardocorpo.com\/blog\/wp-json\/wp\/v2\/posts\/444","targetHints":{"allow":["GET"]}}],"collection":[{"href":"https:\/\/www.cuidardocorpo.com\/blog\/wp-json\/wp\/v2\/posts"}],"about":[{"href":"https:\/\/www.cuidardocorpo.com\/blog\/wp-json\/wp\/v2\/types\/post"}],"author":[{"embeddable":true,"href":"https:\/\/www.cuidardocorpo.com\/blog\/wp-json\/wp\/v2\/users\/13"}],"replies":[{"embeddable":true,"href":"https:\/\/www.cuidardocorpo.com\/blog\/wp-json\/wp\/v2\/comments?post=444"}],"version-history":[{"count":0,"href":"https:\/\/www.cuidardocorpo.com\/blog\/wp-json\/wp\/v2\/posts\/444\/revisions"}],"wp:featuredmedia":[{"embeddable":true,"href":"https:\/\/www.cuidardocorpo.com\/blog\/wp-json\/wp\/v2\/media\/1057"}],"wp:attachment":[{"href":"https:\/\/www.cuidardocorpo.com\/blog\/wp-json\/wp\/v2\/media?parent=444"}],"wp:term":[{"taxonomy":"category","embeddable":true,"href":"https:\/\/www.cuidardocorpo.com\/blog\/wp-json\/wp\/v2\/categories?post=444"},{"taxonomy":"post_tag","embeddable":true,"href":"https:\/\/www.cuidardocorpo.com\/blog\/wp-json\/wp\/v2\/tags?post=444"}],"curies":[{"name":"wp","href":"https:\/\/api.w.org\/{rel}","templated":true}]}}