{"id":4754,"date":"2025-08-13T17:15:15","date_gmt":"2025-08-13T16:15:15","guid":{"rendered":"https:\/\/www.cuidardocorpo.com\/blog\/saude-humana-3\/"},"modified":"2025-08-13T17:15:15","modified_gmt":"2025-08-13T16:15:15","slug":"saude-humana-3","status":"publish","type":"post","link":"https:\/\/www.cuidardocorpo.com\/blog\/saude-humana-3\/","title":{"rendered":"Os Pilares Essenciais da Sa\u00fade Humana: Um Guia Completo"},"content":{"rendered":"<p>Manter uma boa sa\u00fade \u00e9 algo que todos n\u00f3s queremos, certo? Mas, \u00e0s vezes, parece que h\u00e1 tanta informa\u00e7\u00e3o por a\u00ed que ficamos perdidos. Este artigo tenta simplificar as coisas, mostrando os pilares que realmente importam para o nosso bem-estar geral. Vamos ver como cuidar do corpo e da mente pode fazer uma grande diferen\u00e7a no nosso dia a dia, e como certas ideias ajudam a garantir que todos tenham acesso a uma vida mais saud\u00e1vel. \u00c9 um guia para entendermos melhor como a sa\u00fade humana funciona, de uma forma pr\u00e1tica e direta.<\/p>\n<h3>Pontos Chave<\/h3>\n<ul>\n<li>Movimentar o corpo atrav\u00e9s de exerc\u00edcios \u00e9 vital para o bem-estar f\u00edsico e mental.<\/li>\n<li>Uma alimenta\u00e7\u00e3o equilibrada fornece os nutrientes necess\u00e1rios para o bom funcionamento do organismo.<\/li>\n<li>O sono de qualidade \u00e9 t\u00e3o importante quanto o exerc\u00edcio e a comida para a recupera\u00e7\u00e3o e sa\u00fade.<\/li>\n<li>Cuidar da sa\u00fade mental \u00e9 um pilar igualmente importante para uma vida plena.<\/li>\n<li>A sa\u00fade humana \u00e9 influenciada por fatores sociais e ambientais, exigindo uma abordagem ampla.<\/li>\n<\/ul>\n<h2>Os Pilares Essenciais Para Uma Vida Saud\u00e1vel<\/h2><!-- Dentro do texto --><ins class=\"adsbygoogle\"  style=\"display:inline-block;width:336px;height:280px\"     data-ad-client=\"ca-pub-6281798432166415\"    data-ad-slot=\"5069359289\"><\/ins>\n<p><img decoding=\"async\" src=\"https:\/\/www.cuidardocorpo.com\/blog\/wp-content\/uploads\/880_thumbnail.jpg\" alt=\"Pessoas saud\u00e1veis praticando esportes e alimenta\u00e7\u00e3o balanceada.\" ><\/p>\n<p>Ol\u00e1 a todos! Hoje vamos falar sobre algo que toca a vida de cada um de n\u00f3s: os pilares essenciais para uma vida mais saud\u00e1vel. N\u00e3o se trata de f\u00f3rmulas m\u00e1gicas ou dietas radicais, mas sim de um conjunto de h\u00e1bitos e cuidados que, quando integrados no nosso dia a dia, fazem toda a diferen\u00e7a. Pense nisto como construir uma casa: precisa de uma base s\u00f3lida para que tudo o resto se sustente. Com a sa\u00fade \u00e9 igual. Se negligenciarmos um destes pilares, \u00e9 prov\u00e1vel que os outros tamb\u00e9m sofram as consequ\u00eancias. \u00c9 um ciclo, e o nosso objetivo \u00e9 que seja um ciclo positivo!<\/p>\n<h3>Exerc\u00edcios F\u00edsicos: Movimente o Seu Corpo<\/h3>\n<p>Sabemos que o exerc\u00edcio f\u00edsico \u00e9 importante, mas porqu\u00ea? O nosso corpo foi feito para se mover. Desde os nossos antepassados que tinham de ca\u00e7ar e recolher para sobreviver, at\u00e9 aos dias de hoje, onde a tecnologia nos facilita imenso a vida, o movimento \u00e9 algo intr\u00ednseco \u00e0 nossa exist\u00eancia. O problema \u00e9 que, com tanta conveni\u00eancia, acab\u00e1mos por nos tornar um pouco mais sedent\u00e1rios. Subir escadas? Preferimos o elevador. Caminhar at\u00e9 \u00e0 loja? Vamos de carro. E, sejamos honestos, quem \u00e9 que n\u00e3o gosta de evitar o esfor\u00e7o quando poss\u00edvel? O nosso c\u00e9rebro at\u00e9 est\u00e1 programado para isso! Mas essa facilidade toda tem um pre\u00e7o: o sedentarismo. E ele \u00e9 um dos grandes vil\u00f5es da nossa sa\u00fade. N\u00e3o se trata apenas de perder peso ou de ter um corpo tonificado, embora isso tamb\u00e9m seja \u00f3timo. O exerc\u00edcio regular ajuda a manter o cora\u00e7\u00e3o forte, melhora a circula\u00e7\u00e3o sangu\u00ednea, fortalece os ossos e m\u00fasculos, e at\u00e9 melhora o nosso humor, libertando endorfinas, aquelas hormonas maravilhosas que nos fazem sentir bem. N\u00e3o precisa de se tornar um atleta ol\u00edmpico de um dia para o outro. Comece com algo que goste: uma caminhada ao ar livre, dan\u00e7ar em casa ao som da sua m\u00fasica favorita, dar umas pedaladas. O importante \u00e9 encontrar algo que lhe d\u00ea prazer e que consiga manter. Pequenas mudan\u00e7as fazem uma grande diferen\u00e7a a longo prazo. Lembre-se, o corpo \u00e9 uma m\u00e1quina incr\u00edvel, mas precisa de ser usada para funcionar corretamente.<\/p>\n<h3>Alimenta\u00e7\u00e3o Equilibrada: Nutri\u00e7\u00e3o Para o Bem-Estar<\/h3>\n<p>A alimenta\u00e7\u00e3o \u00e9, sem d\u00favida, o nosso combust\u00edvel. \u00c9 o que nos d\u00e1 a energia necess\u00e1ria para enfrentar o dia, para trabalhar, para brincar com os filhos, para fazer exerc\u00edcio. Mas n\u00e3o \u00e9 s\u00f3 sobre energia. Uma alimenta\u00e7\u00e3o equilibrada fornece ao nosso corpo os nutrientes que ele precisa para funcionar em pleno, para se defender de doen\u00e7as e para se reparar. \u00c9 f\u00e1cil cair na tenta\u00e7\u00e3o de comidas menos saud\u00e1veis, especialmente quando estamos stressados ou cansados. E quem nunca comeu mais do que devia, mesmo estando j\u00e1 satisfeito? O nosso corpo tem uma tend\u00eancia natural para armazenar gordura, e resistir a certos alimentos pode ser um desafio. A chave aqui \u00e9 n\u00e3o querer mudar tudo de uma vez. Tentar cortar drasticamente calorias ou eliminar grupos alimentares pode levar \u00e0 frustra\u00e7\u00e3o e ao abandono. A abordagem mais eficaz \u00e9, sem d\u00favida, a gradual. Comece por introduzir mais frutas e vegetais nas suas refei\u00e7\u00f5es, opte por gr\u00e3os integrais, e reduza o consumo de alimentos processados e a\u00e7ucarados. N\u00e3o precisa de comprar produtos ex\u00f3ticos ou caros. Uma dieta baseada em arroz, feij\u00e3o, uma boa fonte de prote\u00edna e uma salada colorida pode ser perfeitamente saud\u00e1vel e deliciosa. O mais importante \u00e9 comer de forma consciente, prestando aten\u00e7\u00e3o aos sinais de fome e saciedade do seu corpo. E lembre-se, a hidrata\u00e7\u00e3o \u00e9 fundamental! Beber \u00e1gua ao longo do dia ajuda em todos os processos do nosso organismo.<\/p>\n<h3>Sono Reparador: A Import\u00e2ncia do Descanso<\/h3>\n<p>Falamos de movimento e de nutri\u00e7\u00e3o, mas h\u00e1 outro pilar que \u00e9 igualmente vital: o sono. \u00c9 durante o sono que o nosso corpo e mente se recuperam. \u00c9 como se fosse uma<\/p>\n<h2>Equidade: O Alicerce da Justi\u00e7a na Sa\u00fade<\/h2>\n<p>Olha, quando falamos de sa\u00fade, \u00e9 f\u00e1cil pensar que todos recebem o mesmo tratamento, certo? Mas a verdade \u00e9 que a equidade na sa\u00fade \u00e9 bem diferente disso. N\u00e3o se trata de dar a mesma coisa a toda a gente, mas sim de garantir que todos tenham as mesmas <em>oportunidades<\/em> de serem saud\u00e1veis. Pense nisto como um ponto de partida justo para todos, reconhecendo que algumas pessoas precisam de mais apoio do que outras para chegar l\u00e1.<\/p>\n<h3>O Que Significa Equidade na Sa\u00fade?<\/h3>\n<p>A equidade na sa\u00fade significa que as diferen\u00e7as no estado de sa\u00fade das pessoas n\u00e3o s\u00e3o aleat\u00f3rias nem injustas. Em vez disso, s\u00e3o sistematicamente moldadas pelas condi\u00e7\u00f5es sociais, econ\u00f3micas e ambientais em que vivemos. Basicamente, \u00e9 sobre reduzir as desigualdades que s\u00e3o evit\u00e1veis e que n\u00e3o deviam existir. Se um grupo de pessoas tem menos acesso a cuidados de sa\u00fade de qualidade, vive em ambientes menos saud\u00e1veis ou enfrenta mais barreiras econ\u00f3micas, a equidade exige que fa\u00e7amos um esfor\u00e7o extra para compensar essas desvantagens. N\u00e3o \u00e9 dar mais a quem tem menos, mas sim dar o que \u00e9 preciso para que todos tenham uma hip\u00f3tese justa de atingir o seu potencial m\u00e1ximo de sa\u00fade. \u00c9 um compromisso com a justi\u00e7a social, entendendo que a sa\u00fade de uma pessoa \u00e9 influenciada por onde ela nasceu, cresceu, trabalhou e envelheceu.<\/p>\n<h3>Como a Equidade Promove a Sa\u00fade Humana?<\/h3>\n<p>A equidade \u00e9 um motor poderoso para melhorar a sa\u00fade de toda a popula\u00e7\u00e3o. Quando abordamos as causas profundas das desigualdades em sa\u00fade, como a pobreza, a discrimina\u00e7\u00e3o ou a falta de acesso a recursos b\u00e1sicos, estamos a criar um ambiente onde todos podem prosperar. Por exemplo, investir em bairros com menos recursos, garantindo que tenham acesso a alimentos frescos, espa\u00e7os verdes seguros para atividades f\u00edsicas e servi\u00e7os de sa\u00fade de proximidade, beneficia n\u00e3o s\u00f3 os residentes desses bairros, mas tamb\u00e9m a sociedade como um todo. Menos desigualdades significam menos doen\u00e7as cr\u00f3nicas, menor press\u00e3o sobre os sistemas de sa\u00fade e uma popula\u00e7\u00e3o mais produtiva e feliz. \u00c9 um ciclo virtuoso onde a justi\u00e7a social se traduz diretamente em melhor sa\u00fade para todos.<\/p>\n<h3>Exemplos Pr\u00e1ticos de Equidade em A\u00e7\u00e3o<\/h3>\n<p>Podemos ver a equidade em a\u00e7\u00e3o de v\u00e1rias formas. Pense em programas de vacina\u00e7\u00e3o que v\u00e3o ativamente \u00e0s comunidades mais remotas ou com maior dificuldade de acesso, em vez de esperar que as pessoas venham at\u00e9 aos centros de sa\u00fade. Ou programas de rastreio de doen\u00e7as que oferecem transporte gratuito para pessoas idosas ou com mobilidade reduzida. Outro exemplo \u00e9 a adapta\u00e7\u00e3o de materiais de sa\u00fade para diferentes l\u00ednguas ou n\u00edveis de literacia, garantindo que a informa\u00e7\u00e3o chegue a todos. Pol\u00edticas que visam melhorar as condi\u00e7\u00f5es de habita\u00e7\u00e3o e saneamento em \u00e1reas carenciadas tamb\u00e9m s\u00e3o um reflexo da equidade, pois reconhecem que um ambiente de vida saud\u00e1vel \u00e9 um direito, n\u00e3o um privil\u00e9gio. At\u00e9 mesmo a forma como os recursos s\u00e3o distribu\u00eddos dentro do sistema de sa\u00fade, priorizando \u00e1reas com maiores necessidades, \u00e9 um passo em dire\u00e7\u00e3o \u00e0 equidade. <strong>O objetivo \u00e9 remover as barreiras que impedem as pessoas de serem saud\u00e1veis, independentemente das suas circunst\u00e2ncias.<\/strong><\/p>\n<table>\n<thead>\n<tr>\n<th>\u00c1rea de Interven\u00e7\u00e3o<\/th>\n<th>Exemplo de A\u00e7\u00e3o Equitativa<\/th>\n<\/tr>\n<\/thead>\n<tbody>\n<tr>\n<td>Acesso a Cuidados<\/td>\n<td>Cl\u00ednicas m\u00f3veis em zonas rurais<\/td>\n<\/tr>\n<tr>\n<td>Informa\u00e7\u00e3o em Sa\u00fade<\/td>\n<td>Materiais educativos em v\u00e1rias l\u00ednguas<\/td>\n<\/tr>\n<tr>\n<td>Condi\u00e7\u00f5es de Vida<\/td>\n<td>Programas de melhoria de saneamento b\u00e1sico<\/td>\n<\/tr>\n<tr>\n<td>Promo\u00e7\u00e3o de Atividade F\u00edsica<\/td>\n<td>Cria\u00e7\u00e3o de parques e zonas de lazer em bairros desfavorecidos<\/td>\n<\/tr>\n<\/tbody>\n<\/table>\n<h2>Intersetorialidade: Rompendo Barreiras Para a Sa\u00fade<\/h2>\n<p>A sa\u00fade, como sabemos, n\u00e3o \u00e9 algo que se resolva apenas dentro dos hospitais ou centros de sa\u00fade. \u00c9 um conceito muito mais amplo, que se espalha por todas as \u00e1reas da nossa vida. Pense bem: o que adianta ter os melhores m\u00e9dicos se n\u00e3o temos \u00e1gua pot\u00e1vel em casa? Ou se as escolas n\u00e3o ensinam h\u00e1bitos alimentares saud\u00e1veis? \u00c9 aqui que entra a <em>intersetorialidade<\/em>, um princ\u00edpio fundamental que nos diz que a sa\u00fade \u00e9, na verdade, uma responsabilidade de todos os setores da sociedade, n\u00e3o apenas do setor da sa\u00fade. \u00c9 como se fosse uma grande equipa onde cada jogador tem o seu papel, mas todos jogam para o mesmo objetivo: o bem-estar das pessoas.<\/p>\n<h3>A Sa\u00fade Para Al\u00e9m do Setor de Sa\u00fade<\/h3>\n<p>Quando falamos em intersetorialidade, estamos a dizer que para termos uma popula\u00e7\u00e3o mais saud\u00e1vel, precisamos de olhar para al\u00e9m das paredes dos servi\u00e7os de sa\u00fade. Precisamos de envolver \u00e1reas como a educa\u00e7\u00e3o, o saneamento b\u00e1sico, a habita\u00e7\u00e3o, os transportes, a agricultura, a assist\u00eancia social e at\u00e9 o ambiente. Porqu\u00ea? Porque todos estes aspetos influenciam diretamente a nossa sa\u00fade. Por exemplo, a falta de saneamento b\u00e1sico, como acesso a \u00e1gua limpa e esgotos adequados, \u00e9 uma causa direta de muitas doen\u00e7as infecciosas. Se o setor de infraestruturas e o setor ambiental trabalharem em conjunto com o setor da sa\u00fade para resolver estes problemas, o impacto na sa\u00fade da popula\u00e7\u00e3o ser\u00e1 enorme. Da mesma forma, programas que promovem uma alimenta\u00e7\u00e3o saud\u00e1vel precisam da colabora\u00e7\u00e3o da agricultura (para garantir alimentos frescos e acess\u00edveis) e da educa\u00e7\u00e3o (para ensinar sobre nutri\u00e7\u00e3o nas escolas). A ideia \u00e9 quebrar os silos, aquelas caixas isoladas onde cada setor trabalha sozinho, e criar uma abordagem mais integrada e sist\u00e9mica. \u00c9 reconhecer que os problemas de sa\u00fade s\u00e3o complexos e, por isso, as solu\u00e7\u00f5es tamb\u00e9m precisam de ser multifacetadas, envolvendo diferentes conhecimentos e \u00e1reas de atua\u00e7\u00e3o.<\/p>\n<h3>Colabora\u00e7\u00e3o Entre Setores Para o Bem-Estar<\/h3>\n<p>A colabora\u00e7\u00e3o entre diferentes setores \u00e9 a espinha dorsal da intersetorialidade. N\u00e3o se trata apenas de pedir um favor a outro departamento, mas sim de um planeamento conjunto, de partilhar recursos e de coordenar a\u00e7\u00f5es para atingir objetivos comuns. Imagine um projeto para combater a obesidade infantil. Uma abordagem intersetorial envolveria as escolas a ensinar sobre nutri\u00e7\u00e3o, os urbanistas a criar mais espa\u00e7os verdes e parques para as crian\u00e7as brincarem, e talvez at\u00e9 o setor do com\u00e9rcio a promover alimentos mais saud\u00e1veis. \u00c9 um trabalho de equipa que exige di\u00e1logo constante, planeamento partilhado e, muitas vezes, a redefini\u00e7\u00e3o de prioridades para que a sa\u00fade seja considerada em todas as pol\u00edticas p\u00fablicas. Esta colabora\u00e7\u00e3o ajuda a criar ambientes mais saud\u00e1veis onde as pessoas vivem, trabalham e se divertem, tornando as escolhas saud\u00e1veis mais f\u00e1ceis e acess\u00edveis para todos. \u00c9 um investimento a longo prazo que traz dividendos em termos de qualidade de vida e redu\u00e7\u00e3o de custos com tratamentos m\u00e9dicos.<\/p>\n<h3>Impacto da Intersetorialidade na Sa\u00fade Humana<\/h3>\n<p>O impacto da intersetorialidade na sa\u00fade humana \u00e9 profundo e abrangente. Ao abordar os determinantes sociais da sa\u00fade \u2013 aqueles fatores que est\u00e3o fora do controlo direto do setor de sa\u00fade, mas que t\u00eam um impacto enorme na nossa sa\u00fade \u2013 conseguimos prevenir doen\u00e7as de forma mais eficaz e promover um bem-estar mais duradouro. Por exemplo, pol\u00edticas que melhoram as condi\u00e7\u00f5es de habita\u00e7\u00e3o, que aumentam o acesso a transportes p\u00fablicos seguros e eficientes, ou que criam mais oportunidades de emprego e educa\u00e7\u00e3o, todas elas contribuem para uma melhor sa\u00fade. A intersetorialidade permite-nos ir \u00e0 raiz dos problemas, em vez de apenas tratar os sintomas. Ao trabalharmos juntos, diferentes setores podem identificar e implementar solu\u00e7\u00f5es inovadoras que, de outra forma, seriam imposs\u00edveis de alcan\u00e7ar. Isto resulta numa popula\u00e7\u00e3o mais saud\u00e1vel, com menos doen\u00e7as cr\u00f3nicas, maior esperan\u00e7a de vida e uma melhor qualidade de vida em geral. \u00c9 um caminho para construir sociedades mais justas e equitativas, onde a sa\u00fade \u00e9 vista como um bem comum e uma responsabilidade partilhada. Para mais informa\u00e7\u00f5es sobre como priorizar a sua sa\u00fade e bem-estar, pode consultar <a href=\"https:\/\/www.cuidardocorpo.com\/blog\/aposte-na-saude-e-bem-estar-e-melhore-a-sua-vida-428\/\" rel=\"noopener noreferrer\" target=\"_blank\">recursos online sobre estilos de vida saud\u00e1veis<\/a>.<\/p>\n<blockquote><p>A intersetorialidade \u00e9 a chave para desbloquear um futuro onde a sa\u00fade \u00e9 uma realidade para todos, n\u00e3o apenas um ideal distante. \u00c9 sobre construir pontes entre diferentes \u00e1reas para criar um ecossistema de bem-estar.<\/p><\/blockquote>\n<table>\n<thead>\n<tr>\n<th>Setor Envolvido<\/th>\n<th>Contribui\u00e7\u00e3o para a Sa\u00fade<\/th>\n<\/tr>\n<\/thead>\n<tbody>\n<tr>\n<td>Educa\u00e7\u00e3o<\/td>\n<td>Promo\u00e7\u00e3o de h\u00e1bitos saud\u00e1veis, literacia em sa\u00fade<\/td>\n<\/tr>\n<tr>\n<td>Saneamento B\u00e1sico<\/td>\n<td>Preven\u00e7\u00e3o de doen\u00e7as infecciosas, acesso a \u00e1gua pot\u00e1vel<\/td>\n<\/tr>\n<tr>\n<td>Habita\u00e7\u00e3o<\/td>\n<td>Condi\u00e7\u00f5es de vida seguras e saud\u00e1veis, redu\u00e7\u00e3o de stress<\/td>\n<\/tr>\n<tr>\n<td>Transportes<\/td>\n<td>Acesso a servi\u00e7os de sa\u00fade, promo\u00e7\u00e3o de atividade f\u00edsica<\/td>\n<\/tr>\n<tr>\n<td>Agricultura<\/td>\n<td>Seguran\u00e7a alimentar, acesso a alimentos nutritivos<\/td>\n<\/tr>\n<\/tbody>\n<\/table>\n<h2>Empoderamento e Participa\u00e7\u00e3o Social: A Voz da Comunidade<\/h2>\n<p>Olha, falar de empoderamento e participa\u00e7\u00e3o social na sa\u00fade \u00e9 como dar voz e vez \u00e0s pessoas, sabe? N\u00e3o \u00e9 s\u00f3 sobre o m\u00e9dico dizer o que fazer, mas sim sobre n\u00f3s, enquanto indiv\u00edduos e comunidades, termos o poder e a capacidade de tomar as r\u00e9deas da nossa pr\u00f3pria sa\u00fade. \u00c9 um processo que nos transforma de meros recetores de cuidados em protagonistas das nossas vidas.<\/p>\n<h3>Capacitando Indiv\u00edduos Para o Controle da Sa\u00fade<\/h3>\n<p>O empoderamento, no fundo, \u00e9 dar \u00e0s pessoas as ferramentas e a confian\u00e7a para fazerem escolhas mais saud\u00e1veis e para terem mais controlo sobre os fatores que afetam o seu bem-estar. N\u00e3o se trata de algu\u00e9m nos dar poder, mas de reconhecermos e fortalecermos o poder que j\u00e1 temos dentro de n\u00f3s. Isto pode ser algo t\u00e3o simples como aprender a ler os r\u00f3tulos dos alimentos para fazer escolhas mais saud\u00e1veis, ou algo mais complexo como entender os nossos direitos enquanto pacientes e saber como exigi-los. \u00c9 sobre desenvolver as nossas compet\u00eancias, acreditar mais em n\u00f3s mesmos e ter acesso \u00e0 informa\u00e7\u00e3o certa para que possamos influenciar as condi\u00e7\u00f5es \u00e0 nossa volta que impactam a nossa sa\u00fade. Pensemos na educa\u00e7\u00e3o para a sa\u00fade que nos ensina sobre os perigos do tabaco e nos d\u00e1 estrat\u00e9gias para deixar de fumar. Isso \u00e9 empoderamento em a\u00e7\u00e3o. Mas vai mais al\u00e9m, \u00e9 tamb\u00e9m sobre as comunidades se organizarem para pedir melhorias, como mais espa\u00e7os verdes para as crian\u00e7as brincarem ou acesso a cuidados de sa\u00fade de qualidade. \u00c9 um ciclo que se retroalimenta: quanto mais capacitados nos sentimos, mais ativos nos tornamos na procura de solu\u00e7\u00f5es para os nossos problemas de sa\u00fade e para os da nossa comunidade.<\/p>\n<h3>A Import\u00e2ncia da Participa\u00e7\u00e3o Comunit\u00e1ria<\/h3>\n<p>A participa\u00e7\u00e3o social \u00e9 a manifesta\u00e7\u00e3o pr\u00e1tica desse empoderamento, mas a n\u00edvel coletivo. Significa que as pessoas n\u00e3o s\u00e3o apenas consultadas, mas sim envolvidas ativamente nas decis\u00f5es que afetam a sua sa\u00fade. \u00c9 dar \u00e0s comunidades um lugar \u00e0 mesa no planeamento, implementa\u00e7\u00e3o e avalia\u00e7\u00e3o de pol\u00edticas e programas de sa\u00fade. As solu\u00e7\u00f5es mais eficazes e duradouras s\u00e3o aquelas que nascem do di\u00e1logo e da colabora\u00e7\u00e3o entre os profissionais de sa\u00fade e as pessoas que s\u00e3o diretamente afetadas. Por exemplo, a cria\u00e7\u00e3o de conselhos de sa\u00fade locais, onde os cidad\u00e3os podem discutir as necessidades da sua \u00e1rea e fiscalizar a gest\u00e3o dos servi\u00e7os, \u00e9 uma forma fant\u00e1stica de participa\u00e7\u00e3o. Outro exemplo s\u00e3o os grupos de apoio para pessoas com doen\u00e7as cr\u00f3nicas, onde a partilha de experi\u00eancias ajuda todos a cuidarem melhor de si. Quando participamos, desenvolvemos um sentido de perten\u00e7a e responsabilidade partilhada, o que \u00e9 fundamental para que as iniciativas de promo\u00e7\u00e3o da sa\u00fade continuem a funcionar a longo prazo. \u00c9 o que transforma os benefici\u00e1rios em co-criadores da sa\u00fade.<\/p>\n<h3>Como Participar Ativamente na Promo\u00e7\u00e3o da Sa\u00fade<\/h3>\n<p>Participar ativamente na promo\u00e7\u00e3o da sa\u00fade pode parecer um bicho de sete cabe\u00e7as, mas na verdade, h\u00e1 muitas formas de o fazer, desde o n\u00edvel mais individual at\u00e9 ao mais comunit\u00e1rio. Aqui ficam algumas ideias:<\/p>\n<ul>\n<li><strong>Informe-se:<\/strong> Procure fontes de informa\u00e7\u00e3o confi\u00e1veis sobre sa\u00fade. Leia artigos, assista a document\u00e1rios, siga profissionais de sa\u00fade nas redes sociais (com bom senso, claro!). Quanto mais souber, melhores decis\u00f5es poder\u00e1 tomar.<\/li>\n<li><strong>Partilhe o que sabe:<\/strong> Converse com a sua fam\u00edlia, amigos e vizinhos sobre temas de sa\u00fade. Partilhe dicas saud\u00e1veis, incentive h\u00e1bitos positivos e crie um ambiente de apoio m\u00fatuo.<\/li>\n<li><strong>Envolva-se na sua comunidade:<\/strong> Procure saber se existem conselhos de sa\u00fade locais ou associa\u00e7\u00f5es de moradores que discutam quest\u00f5es de sa\u00fade na sua \u00e1rea. Ofere\u00e7a o seu tempo e as suas ideias.<\/li>\n<li><strong>Participe em iniciativas locais:<\/strong> Esteja atento a campanhas de sa\u00fade, rastreios gratuitos, workshops ou eventos desportivos na sua comunidade. A sua presen\u00e7a e participa\u00e7\u00e3o fazem a diferen\u00e7a.<\/li>\n<li><strong>D\u00ea o seu feedback:<\/strong> Se utiliza servi\u00e7os de sa\u00fade, n\u00e3o hesite em dar o seu feedback construtivo aos profissionais ou \u00e0 gest\u00e3o. As suas opini\u00f5es s\u00e3o importantes para melhorar os servi\u00e7os.<\/li>\n<li><strong>Apoie causas de sa\u00fade:<\/strong> Se se identifica com uma causa espec\u00edfica, considere apoiar organiza\u00e7\u00f5es que trabalham nessas \u00e1reas, seja atrav\u00e9s de voluntariado ou de pequenas doa\u00e7\u00f5es.<\/li>\n<\/ul>\n<blockquote><p>O empoderamento e a participa\u00e7\u00e3o social s\u00e3o como duas faces da mesma moeda. Um n\u00e3o funciona sem o outro. Quando nos sentimos capazes de fazer escolhas informadas (empoderamento), \u00e9 mais prov\u00e1vel que nos envolvamos ativamente nas decis\u00f5es que afetam a nossa sa\u00fade e a da nossa comunidade (participa\u00e7\u00e3o social). E, inversamente, quando participamos e vemos que as nossas vozes s\u00e3o ouvidas, isso refor\u00e7a o nosso sentimento de capacidade e controlo.<\/p><\/blockquote>\n<p>\u00c9 um processo cont\u00ednuo, mas que traz benef\u00edcios imensos, n\u00e3o s\u00f3 para n\u00f3s individualmente, mas para toda a sociedade. Ao darmos voz \u00e0 comunidade, constru\u00edmos um futuro mais saud\u00e1vel e justo para todos.<\/p>\n<div data-youtube-video><iframe loading=\"lazy\" width=\"480\" height=\"270\" src=\"https:\/\/www.youtube.com\/embed\/eqKE9RpMGrk\"><\/iframe><\/div>\n<h2>Sustentabilidade: Sa\u00fade Para as Pr\u00f3ximas Gera\u00e7\u00f5es<\/h2>\n<p>Quando falamos em sustentabilidade no contexto da sa\u00fade, estamos a pensar em como garantir que as boas pr\u00e1ticas e os resultados positivos que alcan\u00e7amos hoje continuem a beneficiar as pessoas no futuro, sem que isso signifique esgotar os recursos ou criar problemas para quem vier depois de n\u00f3s. N\u00e3o se trata apenas de ter dinheiro para manter um programa a funcionar, mas de pensar de forma mais ampla: como \u00e9 que as nossas a\u00e7\u00f5es de sa\u00fade afetam o ambiente? S\u00e3o justas para toda a gente? E s\u00e3o economicamente vi\u00e1veis a longo prazo? \u00c9 um convite para sermos mais respons\u00e1veis com o planeta e com as gera\u00e7\u00f5es futuras.<\/p>\n<h3>Construindo um Legado de Bem-Estar<\/h3>\n<p>Construir um legado de bem-estar para o futuro significa pensar nas consequ\u00eancias a longo prazo das nossas escolhas atuais. Por exemplo, um programa que incentive o consumo de alimentos locais e org\u00e2nicos n\u00e3o s\u00f3 melhora a sa\u00fade das pessoas que os consomem, mas tamb\u00e9m apoia os agricultores da regi\u00e3o e reduz a polui\u00e7\u00e3o causada pelo transporte de mercadorias. \u00c9 uma forma de cuidar da sa\u00fade das pessoas e, ao mesmo tempo, do planeta. Outro ponto importante \u00e9 capacitar as comunidades. Quando as pessoas de uma comunidade aprendem a gerir os seus pr\u00f3prios programas de sa\u00fade, ou quando se formam l\u00edderes locais que entendem as necessidades da sua \u00e1rea, essas iniciativas t\u00eam muito mais chances de continuar a funcionar mesmo que o financiamento externo acabe. \u00c9 como plantar uma semente e garantir que ela tenha as condi\u00e7\u00f5es para crescer e dar frutos por si s\u00f3. A sustentabilidade, no fundo, \u00e9 um compromisso com o futuro, uma forma de garantir que as melhorias que fazemos hoje n\u00e3o se percam amanh\u00e3, mas sim que criem uma base s\u00f3lida para um futuro mais saud\u00e1vel para todos.<\/p>\n<h3>A\u00e7\u00f5es Sustent\u00e1veis Para a Sa\u00fade a Longo Prazo<\/h3>\n<p>Para que as a\u00e7\u00f5es de sa\u00fade sejam sustent\u00e1veis, \u00e9 preciso pensar em v\u00e1rias frentes. Primeiro, a quest\u00e3o ambiental: como \u00e9 que as nossas atividades afetam o ar que respiramos, a \u00e1gua que bebemos e os solos onde cultivamos os nossos alimentos? Promover pr\u00e1ticas que protejam o ambiente \u00e9, em si, uma a\u00e7\u00e3o de sa\u00fade. Pensemos na redu\u00e7\u00e3o do uso de pl\u00e1sticos descart\u00e1veis em hospitais e centros de sa\u00fade, ou na cria\u00e7\u00e3o de espa\u00e7os verdes nas cidades que incentivem a atividade f\u00edsica e melhorem a qualidade do ar. Depois, temos a dimens\u00e3o social. Uma a\u00e7\u00e3o de sa\u00fade s\u00f3 \u00e9 verdadeiramente sustent\u00e1vel se for justa e se incluir toda a gente. Isso significa garantir que as pessoas mais vulner\u00e1veis tenham acesso aos cuidados e \u00e0s informa\u00e7\u00f5es de que precisam, e que as comunidades se sintam parte do processo. A participa\u00e7\u00e3o comunit\u00e1ria \u00e9 chave aqui; quando as pessoas se sentem donas das iniciativas, elas tendem a cuidar delas a longo prazo. Por fim, a viabilidade econ\u00f3mica. Os programas precisam de ser pensados de forma a que possam continuar a existir sem dependerem sempre de subs\u00eddios externos. Isto pode envolver a cria\u00e7\u00e3o de parcerias com empresas locais, a procura de financiamento diversificado ou o desenvolvimento de modelos de gest\u00e3o mais eficientes. \u00c9 um equil\u00edbrio delicado, mas essencial para que os benef\u00edcios da promo\u00e7\u00e3o da sa\u00fade cheguem a todos e se mantenham ao longo do tempo. \u00c9 importante lembrar que a sa\u00fade n\u00e3o \u00e9 algo que se resolve de um dia para o outro; \u00e9 um processo cont\u00ednuo que exige vis\u00e3o de futuro e responsabilidade partilhada. Para mais informa\u00e7\u00f5es sobre como construir uma economia que prioriza o bem-estar, pode consultar <a href=\"https:\/\/eurohealthnet-magazine.eu\/pt\/is-a-wellbeing-economy-within-reach\/\" rel=\"noopener noreferrer\" target=\"_blank\">uma economia do bem-estar<\/a>.<\/p>\n<h3>O Papel da Sustentabilidade na Sa\u00fade Humana<\/h3>\n<p>A sustentabilidade desempenha um papel fundamental na sa\u00fade humana porque reconhece que a nossa sa\u00fade est\u00e1 intrinsecamente ligada \u00e0 sa\u00fade do planeta e ao bem-estar das gera\u00e7\u00f5es futuras. N\u00e3o podemos pensar em ter uma popula\u00e7\u00e3o saud\u00e1vel num ambiente degradado ou com recursos escassos. As a\u00e7\u00f5es que tomamos hoje, seja na forma como produzimos e consumimos alimentos, como gerimos os nossos res\u00edduos, como nos deslocamos ou como utilizamos a energia, t\u00eam um impacto direto na qualidade do ambiente e, consequentemente, na nossa sa\u00fade e na sa\u00fade dos nossos filhos e netos. Por exemplo, a polui\u00e7\u00e3o do ar, muitas vezes ligada a pr\u00e1ticas industriais e de transporte n\u00e3o sustent\u00e1veis, est\u00e1 diretamente associada a doen\u00e7as respirat\u00f3rias e cardiovasculares. Da mesma forma, a escassez de \u00e1gua pot\u00e1vel, agravada pelas altera\u00e7\u00f5es clim\u00e1ticas e pela m\u00e1 gest\u00e3o dos recursos h\u00eddricos, pode levar \u00e0 propaga\u00e7\u00e3o de doen\u00e7as infecciosas. Portanto, adotar pr\u00e1ticas sustent\u00e1veis n\u00e3o \u00e9 apenas uma quest\u00e3o de consci\u00eancia ecol\u00f3gica, mas uma necessidade para garantir a sa\u00fade e a sobreviv\u00eancia a longo prazo. Isto implica repensar os nossos modelos de desenvolvimento, promovendo uma <a href=\"https:\/\/eurohealthnet-magazine.eu\/pt\/is-a-wellbeing-economy-within-reach\/\" rel=\"noopener noreferrer\" target=\"_blank\">economia do bem-estar<\/a> que valorize a sa\u00fade do planeta e das pessoas acima do lucro a curto prazo. Significa tamb\u00e9m investir em energias renov\u00e1veis, em transportes p\u00fablicos eficientes, em agricultura sustent\u00e1vel e em pol\u00edticas que protejam a biodiversidade. Ao faz\u00ea-lo, estamos a criar um ambiente mais saud\u00e1vel para todos e a garantir que as futuras gera\u00e7\u00f5es tamb\u00e9m possam desfrutar de uma boa sa\u00fade e de um planeta habit\u00e1vel. A sustentabilidade \u00e9, portanto, um pilar essencial para a constru\u00e7\u00e3o de um futuro mais justo, equitativo e saud\u00e1vel para toda a humanidade.<\/p>\n<h2>Autonomia e Integralidade: Cuidado Completo e Consciente<\/h2>\n<p>Falamos muitas vezes sobre sa\u00fade como algo que nos acontece, algo que recebemos de m\u00e9dicos ou hospitais. Mas a verdade \u00e9 que a nossa sa\u00fade \u00e9, em grande parte, uma constru\u00e7\u00e3o nossa, di\u00e1ria. E para que essa constru\u00e7\u00e3o seja s\u00f3lida e nos sirva bem, precisamos de ter duas coisas em mente: autonomia e integralidade. S\u00e3o como os dois lados da mesma moeda, ambos essenciais para que nos sintamos bem, de corpo e alma.<\/p>\n<h3>O Direito de Escolha na Sa\u00fade<\/h3>\n<p>A autonomia, no fundo, \u00e9 sobre o nosso direito de mandar na nossa pr\u00f3pria vida, e isso inclui a sa\u00fade. Significa que temos o poder de decidir o que \u00e9 melhor para n\u00f3s, com base nas informa\u00e7\u00f5es que nos d\u00e3o. Ningu\u00e9m nos pode obrigar a fazer algo contra a nossa vontade, nem nos pressionar para escolher um tratamento ou um estilo de vida. \u00c9 claro que as nossas escolhas n\u00e3o acontecem no v\u00e1cuo; o ambiente \u00e0 nossa volta, a fam\u00edlia, os amigos, tudo isso influencia. Mas o importante \u00e9 que tenhamos a liberdade de escolher, de forma informada. Para que isto funcione, \u00e9 preciso que a informa\u00e7\u00e3o sobre sa\u00fade seja clara, f\u00e1cil de entender e acess\u00edvel a todos. Pensemos nas campanhas sobre os perigos de fumar: elas mostram os factos, mas a decis\u00e3o final \u00e9 sempre nossa. A autonomia tamb\u00e9m quer dizer que devemos ter acesso a v\u00e1rias op\u00e7\u00f5es de cuidado, e que estes sejam respeitosos com a nossa cultura e as nossas cren\u00e7as. O desafio aqui \u00e9 encontrar um equil\u00edbrio: como \u00e9 que protegemos a sa\u00fade de todos sem tirar a liberdade de cada um? A autonomia lembra-nos que promover a sa\u00fade deve ser um ato de apoio, de dar ferramentas, e n\u00e3o de impor regras. Queremos que as pessoas sejam as donas da sua sa\u00fade.<\/p>\n<h3>A Sa\u00fade em Todas as Suas Dimens\u00f5es<\/h3>\n<p>E depois temos a integralidade. Isto \u00e9 pensar na sa\u00fade de uma forma mais completa, n\u00e3o apenas como a aus\u00eancia de doen\u00e7as. A integralidade olha para n\u00f3s como um todo: o nosso corpo, a nossa mente, as nossas rela\u00e7\u00f5es sociais e at\u00e9 o nosso lado mais espiritual. E mais: reconhece que o cuidado com a sa\u00fade deve ser cont\u00ednuo e estar ligado em todas as fases, desde a preven\u00e7\u00e3o at\u00e9 \u00e0 recupera\u00e7\u00e3o. N\u00e3o somos s\u00f3 um conjunto de sintomas; somos pessoas inseridas em fam\u00edlias e comunidades. As nossas necessidades de sa\u00fade v\u00e3o muito al\u00e9m de tratar uma doen\u00e7a; incluem tamb\u00e9m prevenir, promover o bem-estar e ajudar na reabilita\u00e7\u00e3o. A integralidade \u00e9 o oposto de um sistema de sa\u00fade fragmentado, onde cada problema \u00e9 tratado isoladamente. Ela procura juntar todas as pe\u00e7as para oferecer um cuidado que seja completo e coordenado. Um bom exemplo disto \u00e9 a aten\u00e7\u00e3o prim\u00e1ria \u00e0 sa\u00fade. \u00c9 a porta de entrada para o sistema, onde nos vacinamos, fazemos o acompanhamento da gravidez, recebemos apoio psicol\u00f3gico ou aprendemos a ter h\u00e1bitos mais saud\u00e1veis. A integralidade tamb\u00e9m significa que os m\u00e9dicos e enfermeiros de diferentes servi\u00e7os falam entre si, para que todos saibam o nosso historial e as nossas necessidades. Imagine um idoso que vai ao m\u00e9dico. Um cuidado integral n\u00e3o se limita a receitar comprimidos; tamb\u00e9m se preocupa com as condi\u00e7\u00f5es da casa dele, com quem ele tem em casa para o ajudar e como ele se sente emocionalmente. A integralidade \u00e9 um compromisso com a ideia de que a sa\u00fade \u00e9 um direito, e que esse direito se concretiza num cuidado que \u00e9 humano, que n\u00e3o para e que abrange todos os aspetos da nossa vida.<\/p>\n<blockquote><p>A verdadeira sa\u00fade \u00e9 um estado de equil\u00edbrio que abrange todas as esferas da nossa exist\u00eancia, desde o bem-estar f\u00edsico at\u00e9 \u00e0 paz interior e \u00e0 conex\u00e3o com os outros. Cuidar de n\u00f3s mesmos \u00e9 um ato cont\u00ednuo de autoconhecimento e de escolhas conscientes que refletem o respeito por quem somos e pelo mundo que nos rodeia.<\/p><\/blockquote>\n<p>Para que estes princ\u00edpios funcionem na pr\u00e1tica, \u00e9 importante que eles trabalhem juntos. A equidade, por exemplo, n\u00e3o se consegue sem a intersetorialidade, porque as desigualdades na sa\u00fade v\u00eam de muitos s\u00edtios, n\u00e3o s\u00f3 do setor da sa\u00fade. O empoderamento das pessoas e a participa\u00e7\u00e3o delas na comunidade est\u00e3o muito ligados; um leva ao outro. A sustentabilidade, por sua vez, depende de as comunidades terem autonomia para manterem as melhorias de sa\u00fade ao longo do tempo e de uma abordagem integral dos problemas para que as solu\u00e7\u00f5es sejam duradouras. A nossa autonomia individual fica mais forte quando o cuidado \u00e9 integral, pois recebemos toda a informa\u00e7\u00e3o necess\u00e1ria para fazer escolhas conscientes. Pensemos num projeto para combater a obesidade infantil. Uma abordagem integral olharia n\u00e3o s\u00f3 para a comida e o exerc\u00edcio, mas tamb\u00e9m para a autoestima das crian\u00e7as, para o acesso a alimentos saud\u00e1veis e a locais para brincar, e at\u00e9 para a liga\u00e7\u00e3o delas com a natureza. A equidade faria com que o projeto se focasse nas comunidades mais necessitadas. A intersetorialidade envolveria escolas, planeadores urbanos e at\u00e9 os produtores de alimentos. O empoderamento e a participa\u00e7\u00e3o social seriam garantidos com o envolvimento dos pais e das crian\u00e7as no planeamento. A autonomia seria respeitada ao oferecer op\u00e7\u00f5es e informa\u00e7\u00f5es, sem impor nada. E a sustentabilidade garantiria que estas mudan\u00e7as de h\u00e1bitos e melhorias no ambiente se mantivessem para o futuro. \u00c9 esta rede de princ\u00edpios que torna a promo\u00e7\u00e3o da sa\u00fade t\u00e3o poderosa e capaz de mudar vidas.<\/p>\n<h2>Ent\u00e3o, o que levo disto tudo?<\/h2>\n<p>Olha, depois de explorarmos estes pilares todos, fica claro que cuidar de n\u00f3s n\u00e3o \u00e9 s\u00f3 uma coisa de cada vez. \u00c9 um pacote completo, sabe? Tipo, n\u00e3o adianta comer super bem se n\u00e3o dormimos nada ou se andamos sempre stressados. \u00c9 tudo ligado. A ideia \u00e9 tentar encaixar um bocadinho de cada coisa no nosso dia a dia, sem nos cobrarmos demais. Come\u00e7ar pequeno, ir ajustando e, se precisarmos de ajuda, procurar quem perceba do assunto. No fundo, \u00e9 sobre dar ao nosso corpo e mente o que eles precisam para funcionar bem, e isso muda de pessoa para pessoa. O importante \u00e9 come\u00e7ar, mesmo que seja s\u00f3 um passo de cada vez. A gente consegue!<\/p>\n<h2>Perguntas Frequentes<\/h2>\n<h3 data-jl-question>Como posso ter uma vida mais saud\u00e1vel?<\/h3>\n<p data-jl-answer>Manter uma vida saud\u00e1vel significa cuidar do corpo e da mente. \u00c9 importante fazer exerc\u00edcio f\u00edsico, comer bem, dormir o suficiente e cuidar do que pensamos. Pequenas mudan\u00e7as no dia a dia, como beber mais \u00e1gua ou comer uma fruta a mais, j\u00e1 fazem diferen\u00e7a. O importante \u00e9 come\u00e7ar devagar e n\u00e3o desistir!<\/p>\n<h3 data-jl-question>O que \u00e9 promo\u00e7\u00e3o da sa\u00fade?<\/h3>\n<p data-jl-answer>A sa\u00fade \u00e9 muito mais do que n\u00e3o estar doente. \u00c9 sentir-se bem fisicamente, mentalmente e socialmente. A promo\u00e7\u00e3o da sa\u00fade ajuda as pessoas a terem mais controlo sobre a sua sa\u00fade e a melhor\u00e1-la.<\/p>\n<h3 data-jl-question>O que \u00e9 equidade na sa\u00fade?<\/h3>\n<p data-jl-answer>Equidade significa que todos devem ter as mesmas oportunidades de serem saud\u00e1veis. N\u00e3o \u00e9 tratar toda a gente igual, mas sim dar mais apoio a quem mais precisa para que todos possam ter uma vida com sa\u00fade.<\/p>\n<h3 data-jl-question>O que significa intersetorialidade na sa\u00fade?<\/h3>\n<p data-jl-answer>Intersetorialidade \u00e9 trabalhar em conjunto com diferentes \u00e1reas, como educa\u00e7\u00e3o, ambiente e trabalho, para melhorar a sa\u00fade. Por exemplo, criar mais parques ajuda as pessoas a fazer exerc\u00edcio e a relaxar.<\/p>\n<h3 data-jl-question>Qual a diferen\u00e7a entre empoderamento e participa\u00e7\u00e3o social na sa\u00fade?<\/h3>\n<p data-jl-answer>Empoderamento \u00e9 dar \u00e0s pessoas o poder e o conhecimento para cuidarem da sua pr\u00f3pria sa\u00fade. Participa\u00e7\u00e3o social \u00e9 quando as pessoas se juntam para decidir e fazer coisas que melhoram a sa\u00fade da comunidade.<\/p>\n<h3 data-jl-question>O que \u00e9 sustentabilidade em sa\u00fade?<\/h3>\n<p data-jl-answer>Sustentabilidade na sa\u00fade \u00e9 garantir que as a\u00e7\u00f5es que fazemos hoje para melhorar a sa\u00fade n\u00e3o prejudiquem as pessoas no futuro. \u00c9 pensar em como deixar um mundo mais saud\u00e1vel para as pr\u00f3ximas gera\u00e7\u00f5es.<\/p>\n","protected":false},"excerpt":{"rendered":"<p>Manter uma boa sa\u00fade \u00e9 algo que todos n\u00f3s queremos, certo? Mas, \u00e0s vezes, parece que h\u00e1 tanta informa\u00e7\u00e3o por a\u00ed que ficamos perdidos. Este artigo tenta simplificar as coisas, mostrando os pilares que realmente importam para o nosso bem-estar geral. Vamos ver como cuidar do corpo e da mente pode fazer uma grande diferen\u00e7a [&hellip;]<\/p>\n","protected":false},"author":67,"featured_media":4752,"comment_status":"open","ping_status":"","sticky":false,"template":"","format":"standard","meta":{"_genesis_hide_title":false,"_genesis_hide_breadcrumbs":false,"_genesis_hide_singular_image":false,"_genesis_hide_footer_widgets":false,"_genesis_custom_body_class":"","_genesis_custom_post_class":"","_genesis_layout":"","ngg_post_thumbnail":0,"footnotes":""},"categories":[973],"tags":[],"class_list":{"0":"post-4754","1":"post","2":"type-post","3":"status-publish","4":"format-standard","5":"has-post-thumbnail","7":"category-zzcuidardocorpo","8":"entry"},"yoast_head":"<!-- This site is optimized with the Yoast SEO plugin v27.5 - https:\/\/yoast.com\/product\/yoast-seo-wordpress\/ -->\n<title>Os Pilares Essenciais da Sa\u00fade Humana: Um Guia Completo - Cuidar do Corpo<\/title>\n<meta name=\"robots\" content=\"index, follow, max-snippet:-1, max-image-preview:large, max-video-preview:-1\" \/>\n<link rel=\"canonical\" href=\"https:\/\/www.cuidardocorpo.com\/blog\/saude-humana-3\/\" \/>\n<meta name=\"twitter:label1\" content=\"Escrito por\" \/>\n\t<meta name=\"twitter:data1\" content=\"Lu\u00eds Rodrigues\" \/>\n\t<meta name=\"twitter:label2\" content=\"Tempo estimado de leitura\" \/>\n\t<meta name=\"twitter:data2\" content=\"28 minutos\" \/>\n<script type=\"application\/ld+json\" class=\"yoast-schema-graph\">{\"@context\":\"https:\\\/\\\/schema.org\",\"@graph\":[{\"@type\":\"Article\",\"@id\":\"https:\\\/\\\/www.cuidardocorpo.com\\\/blog\\\/saude-humana-3\\\/#article\",\"isPartOf\":{\"@id\":\"https:\\\/\\\/www.cuidardocorpo.com\\\/blog\\\/saude-humana-3\\\/\"},\"author\":{\"name\":\"Lu\u00eds Rodrigues\",\"@id\":\"https:\\\/\\\/www.cuidardocorpo.com\\\/blog\\\/#\\\/schema\\\/person\\\/72f8ad7dd5fa9b440bebb5df9ee78ed8\"},\"headline\":\"Os Pilares Essenciais da Sa\u00fade Humana: Um Guia Completo\",\"datePublished\":\"2025-08-13T16:15:15+00:00\",\"mainEntityOfPage\":{\"@id\":\"https:\\\/\\\/www.cuidardocorpo.com\\\/blog\\\/saude-humana-3\\\/\"},\"wordCount\":5613,\"commentCount\":0,\"publisher\":{\"@id\":\"https:\\\/\\\/www.cuidardocorpo.com\\\/blog\\\/#organization\"},\"image\":{\"@id\":\"https:\\\/\\\/www.cuidardocorpo.com\\\/blog\\\/saude-humana-3\\\/#primaryimage\"},\"thumbnailUrl\":\"https:\\\/\\\/www.cuidardocorpo.com\\\/blog\\\/wp-content\\\/uploads\\\/bb764602thumbnail.jpeg\",\"articleSection\":[\"ZZ_Cuidar do Corpo\"],\"inLanguage\":\"pt-PT\",\"potentialAction\":[{\"@type\":\"CommentAction\",\"name\":\"Comment\",\"target\":[\"https:\\\/\\\/www.cuidardocorpo.com\\\/blog\\\/saude-humana-3\\\/#respond\"]}]},{\"@type\":\"WebPage\",\"@id\":\"https:\\\/\\\/www.cuidardocorpo.com\\\/blog\\\/saude-humana-3\\\/\",\"url\":\"https:\\\/\\\/www.cuidardocorpo.com\\\/blog\\\/saude-humana-3\\\/\",\"name\":\"Os Pilares Essenciais da Sa\u00fade Humana: Um Guia Completo - Cuidar do Corpo\",\"isPartOf\":{\"@id\":\"https:\\\/\\\/www.cuidardocorpo.com\\\/blog\\\/#website\"},\"primaryImageOfPage\":{\"@id\":\"https:\\\/\\\/www.cuidardocorpo.com\\\/blog\\\/saude-humana-3\\\/#primaryimage\"},\"image\":{\"@id\":\"https:\\\/\\\/www.cuidardocorpo.com\\\/blog\\\/saude-humana-3\\\/#primaryimage\"},\"thumbnailUrl\":\"https:\\\/\\\/www.cuidardocorpo.com\\\/blog\\\/wp-content\\\/uploads\\\/bb764602thumbnail.jpeg\",\"datePublished\":\"2025-08-13T16:15:15+00:00\",\"breadcrumb\":{\"@id\":\"https:\\\/\\\/www.cuidardocorpo.com\\\/blog\\\/saude-humana-3\\\/#breadcrumb\"},\"inLanguage\":\"pt-PT\",\"potentialAction\":[{\"@type\":\"ReadAction\",\"target\":[\"https:\\\/\\\/www.cuidardocorpo.com\\\/blog\\\/saude-humana-3\\\/\"]}]},{\"@type\":\"ImageObject\",\"inLanguage\":\"pt-PT\",\"@id\":\"https:\\\/\\\/www.cuidardocorpo.com\\\/blog\\\/saude-humana-3\\\/#primaryimage\",\"url\":\"https:\\\/\\\/www.cuidardocorpo.com\\\/blog\\\/wp-content\\\/uploads\\\/bb764602thumbnail.jpeg\",\"contentUrl\":\"https:\\\/\\\/www.cuidardocorpo.com\\\/blog\\\/wp-content\\\/uploads\\\/bb764602thumbnail.jpeg\",\"width\":1024,\"height\":512,\"caption\":\"bb764602thumbnail\"},{\"@type\":\"BreadcrumbList\",\"@id\":\"https:\\\/\\\/www.cuidardocorpo.com\\\/blog\\\/saude-humana-3\\\/#breadcrumb\",\"itemListElement\":[{\"@type\":\"ListItem\",\"position\":1,\"name\":\"In\u00edcio\",\"item\":\"https:\\\/\\\/www.cuidardocorpo.com\\\/blog\\\/\"},{\"@type\":\"ListItem\",\"position\":2,\"name\":\"Os Pilares Essenciais da Sa\u00fade Humana: Um Guia Completo\"}]},{\"@type\":\"WebSite\",\"@id\":\"https:\\\/\\\/www.cuidardocorpo.com\\\/blog\\\/#website\",\"url\":\"https:\\\/\\\/www.cuidardocorpo.com\\\/blog\\\/\",\"name\":\"Cuidar do Corpo\",\"description\":\"Leia os nossos artigos e fique a saber tudo o que precisa para Cuidar do seu Corpo. Sa\u00fade e Bem-estar com informa\u00e7\u00f5es especializadas.\",\"publisher\":{\"@id\":\"https:\\\/\\\/www.cuidardocorpo.com\\\/blog\\\/#organization\"},\"alternateName\":\"Cuidar do Corpo\",\"potentialAction\":[{\"@type\":\"SearchAction\",\"target\":{\"@type\":\"EntryPoint\",\"urlTemplate\":\"https:\\\/\\\/www.cuidardocorpo.com\\\/blog\\\/?s={search_term_string}\"},\"query-input\":{\"@type\":\"PropertyValueSpecification\",\"valueRequired\":true,\"valueName\":\"search_term_string\"}}],\"inLanguage\":\"pt-PT\"},{\"@type\":\"Organization\",\"@id\":\"https:\\\/\\\/www.cuidardocorpo.com\\\/blog\\\/#organization\",\"name\":\"Cuidar do Corpo\",\"alternateName\":\"Cuidar do Corpo\",\"url\":\"https:\\\/\\\/www.cuidardocorpo.com\\\/blog\\\/\",\"logo\":{\"@type\":\"ImageObject\",\"inLanguage\":\"pt-PT\",\"@id\":\"https:\\\/\\\/www.cuidardocorpo.com\\\/blog\\\/#\\\/schema\\\/logo\\\/image\\\/\",\"url\":\"https:\\\/\\\/www.cuidardocorpo.com\\\/blog\\\/wp-content\\\/uploads\\\/cropped-logo_cuidar_do_corpo.png\",\"contentUrl\":\"https:\\\/\\\/www.cuidardocorpo.com\\\/blog\\\/wp-content\\\/uploads\\\/cropped-logo_cuidar_do_corpo.png\",\"width\":1140,\"height\":335,\"caption\":\"Cuidar do Corpo\"},\"image\":{\"@id\":\"https:\\\/\\\/www.cuidardocorpo.com\\\/blog\\\/#\\\/schema\\\/logo\\\/image\\\/\"}},{\"@type\":\"Person\",\"@id\":\"https:\\\/\\\/www.cuidardocorpo.com\\\/blog\\\/#\\\/schema\\\/person\\\/72f8ad7dd5fa9b440bebb5df9ee78ed8\",\"name\":\"Lu\u00eds Rodrigues\",\"image\":{\"@type\":\"ImageObject\",\"inLanguage\":\"pt-PT\",\"@id\":\"https:\\\/\\\/secure.gravatar.com\\\/avatar\\\/871120a49c12e3fe7c53810baa949f9660de020376be935ef3b6a13e69851eb7?s=96&d=mm&r=g\",\"url\":\"https:\\\/\\\/secure.gravatar.com\\\/avatar\\\/871120a49c12e3fe7c53810baa949f9660de020376be935ef3b6a13e69851eb7?s=96&d=mm&r=g\",\"contentUrl\":\"https:\\\/\\\/secure.gravatar.com\\\/avatar\\\/871120a49c12e3fe7c53810baa949f9660de020376be935ef3b6a13e69851eb7?s=96&d=mm&r=g\",\"caption\":\"Lu\u00eds Rodrigues\"},\"description\":\"Estudos: Licenciado em Educa\u00e7\u00e3o F\u00edsica e Desporto pela Universidade do Porto Experi\u00eancia: Lu\u00eds tem mais de 15 anos de experi\u00eancia como personal trainer e consultor de fitness, ajudando in\u00fameros clientes a atingir seus objetivos de sa\u00fade e bem-estar. Outras informa\u00e7\u00f5es: \u00c9 autor de v\u00e1rios artigos sobre fitness e sa\u00fade em revistas especializadas e blogs.\",\"url\":\"https:\\\/\\\/www.cuidardocorpo.com\\\/blog\\\/author\\\/luis-rodrigues\\\/\"}]}<\/script>\n<!-- \/ Yoast SEO plugin. -->","yoast_head_json":{"title":"Os Pilares Essenciais da Sa\u00fade Humana: Um Guia Completo - Cuidar do Corpo","robots":{"index":"index","follow":"follow","max-snippet":"max-snippet:-1","max-image-preview":"max-image-preview:large","max-video-preview":"max-video-preview:-1"},"canonical":"https:\/\/www.cuidardocorpo.com\/blog\/saude-humana-3\/","twitter_misc":{"Escrito por":"Lu\u00eds Rodrigues","Tempo estimado de leitura":"28 minutos"},"schema":{"@context":"https:\/\/schema.org","@graph":[{"@type":"Article","@id":"https:\/\/www.cuidardocorpo.com\/blog\/saude-humana-3\/#article","isPartOf":{"@id":"https:\/\/www.cuidardocorpo.com\/blog\/saude-humana-3\/"},"author":{"name":"Lu\u00eds Rodrigues","@id":"https:\/\/www.cuidardocorpo.com\/blog\/#\/schema\/person\/72f8ad7dd5fa9b440bebb5df9ee78ed8"},"headline":"Os Pilares Essenciais da Sa\u00fade Humana: Um Guia Completo","datePublished":"2025-08-13T16:15:15+00:00","mainEntityOfPage":{"@id":"https:\/\/www.cuidardocorpo.com\/blog\/saude-humana-3\/"},"wordCount":5613,"commentCount":0,"publisher":{"@id":"https:\/\/www.cuidardocorpo.com\/blog\/#organization"},"image":{"@id":"https:\/\/www.cuidardocorpo.com\/blog\/saude-humana-3\/#primaryimage"},"thumbnailUrl":"https:\/\/www.cuidardocorpo.com\/blog\/wp-content\/uploads\/bb764602thumbnail.jpeg","articleSection":["ZZ_Cuidar do Corpo"],"inLanguage":"pt-PT","potentialAction":[{"@type":"CommentAction","name":"Comment","target":["https:\/\/www.cuidardocorpo.com\/blog\/saude-humana-3\/#respond"]}]},{"@type":"WebPage","@id":"https:\/\/www.cuidardocorpo.com\/blog\/saude-humana-3\/","url":"https:\/\/www.cuidardocorpo.com\/blog\/saude-humana-3\/","name":"Os Pilares Essenciais da Sa\u00fade Humana: Um Guia Completo - Cuidar do Corpo","isPartOf":{"@id":"https:\/\/www.cuidardocorpo.com\/blog\/#website"},"primaryImageOfPage":{"@id":"https:\/\/www.cuidardocorpo.com\/blog\/saude-humana-3\/#primaryimage"},"image":{"@id":"https:\/\/www.cuidardocorpo.com\/blog\/saude-humana-3\/#primaryimage"},"thumbnailUrl":"https:\/\/www.cuidardocorpo.com\/blog\/wp-content\/uploads\/bb764602thumbnail.jpeg","datePublished":"2025-08-13T16:15:15+00:00","breadcrumb":{"@id":"https:\/\/www.cuidardocorpo.com\/blog\/saude-humana-3\/#breadcrumb"},"inLanguage":"pt-PT","potentialAction":[{"@type":"ReadAction","target":["https:\/\/www.cuidardocorpo.com\/blog\/saude-humana-3\/"]}]},{"@type":"ImageObject","inLanguage":"pt-PT","@id":"https:\/\/www.cuidardocorpo.com\/blog\/saude-humana-3\/#primaryimage","url":"https:\/\/www.cuidardocorpo.com\/blog\/wp-content\/uploads\/bb764602thumbnail.jpeg","contentUrl":"https:\/\/www.cuidardocorpo.com\/blog\/wp-content\/uploads\/bb764602thumbnail.jpeg","width":1024,"height":512,"caption":"bb764602thumbnail"},{"@type":"BreadcrumbList","@id":"https:\/\/www.cuidardocorpo.com\/blog\/saude-humana-3\/#breadcrumb","itemListElement":[{"@type":"ListItem","position":1,"name":"In\u00edcio","item":"https:\/\/www.cuidardocorpo.com\/blog\/"},{"@type":"ListItem","position":2,"name":"Os Pilares Essenciais da Sa\u00fade Humana: Um Guia Completo"}]},{"@type":"WebSite","@id":"https:\/\/www.cuidardocorpo.com\/blog\/#website","url":"https:\/\/www.cuidardocorpo.com\/blog\/","name":"Cuidar do Corpo","description":"Leia os nossos artigos e fique a saber tudo o que precisa para Cuidar do seu Corpo. Sa\u00fade e Bem-estar com informa\u00e7\u00f5es especializadas.","publisher":{"@id":"https:\/\/www.cuidardocorpo.com\/blog\/#organization"},"alternateName":"Cuidar do Corpo","potentialAction":[{"@type":"SearchAction","target":{"@type":"EntryPoint","urlTemplate":"https:\/\/www.cuidardocorpo.com\/blog\/?s={search_term_string}"},"query-input":{"@type":"PropertyValueSpecification","valueRequired":true,"valueName":"search_term_string"}}],"inLanguage":"pt-PT"},{"@type":"Organization","@id":"https:\/\/www.cuidardocorpo.com\/blog\/#organization","name":"Cuidar do Corpo","alternateName":"Cuidar do Corpo","url":"https:\/\/www.cuidardocorpo.com\/blog\/","logo":{"@type":"ImageObject","inLanguage":"pt-PT","@id":"https:\/\/www.cuidardocorpo.com\/blog\/#\/schema\/logo\/image\/","url":"https:\/\/www.cuidardocorpo.com\/blog\/wp-content\/uploads\/cropped-logo_cuidar_do_corpo.png","contentUrl":"https:\/\/www.cuidardocorpo.com\/blog\/wp-content\/uploads\/cropped-logo_cuidar_do_corpo.png","width":1140,"height":335,"caption":"Cuidar do Corpo"},"image":{"@id":"https:\/\/www.cuidardocorpo.com\/blog\/#\/schema\/logo\/image\/"}},{"@type":"Person","@id":"https:\/\/www.cuidardocorpo.com\/blog\/#\/schema\/person\/72f8ad7dd5fa9b440bebb5df9ee78ed8","name":"Lu\u00eds Rodrigues","image":{"@type":"ImageObject","inLanguage":"pt-PT","@id":"https:\/\/secure.gravatar.com\/avatar\/871120a49c12e3fe7c53810baa949f9660de020376be935ef3b6a13e69851eb7?s=96&d=mm&r=g","url":"https:\/\/secure.gravatar.com\/avatar\/871120a49c12e3fe7c53810baa949f9660de020376be935ef3b6a13e69851eb7?s=96&d=mm&r=g","contentUrl":"https:\/\/secure.gravatar.com\/avatar\/871120a49c12e3fe7c53810baa949f9660de020376be935ef3b6a13e69851eb7?s=96&d=mm&r=g","caption":"Lu\u00eds Rodrigues"},"description":"Estudos: Licenciado em Educa\u00e7\u00e3o F\u00edsica e Desporto pela Universidade do Porto Experi\u00eancia: Lu\u00eds tem mais de 15 anos de experi\u00eancia como personal trainer e consultor de fitness, ajudando in\u00fameros clientes a atingir seus objetivos de sa\u00fade e bem-estar. Outras informa\u00e7\u00f5es: \u00c9 autor de v\u00e1rios artigos sobre fitness e sa\u00fade em revistas especializadas e blogs.","url":"https:\/\/www.cuidardocorpo.com\/blog\/author\/luis-rodrigues\/"}]}},"amp_enabled":true,"_links":{"self":[{"href":"https:\/\/www.cuidardocorpo.com\/blog\/wp-json\/wp\/v2\/posts\/4754","targetHints":{"allow":["GET"]}}],"collection":[{"href":"https:\/\/www.cuidardocorpo.com\/blog\/wp-json\/wp\/v2\/posts"}],"about":[{"href":"https:\/\/www.cuidardocorpo.com\/blog\/wp-json\/wp\/v2\/types\/post"}],"author":[{"embeddable":true,"href":"https:\/\/www.cuidardocorpo.com\/blog\/wp-json\/wp\/v2\/users\/67"}],"replies":[{"embeddable":true,"href":"https:\/\/www.cuidardocorpo.com\/blog\/wp-json\/wp\/v2\/comments?post=4754"}],"version-history":[{"count":0,"href":"https:\/\/www.cuidardocorpo.com\/blog\/wp-json\/wp\/v2\/posts\/4754\/revisions"}],"wp:featuredmedia":[{"embeddable":true,"href":"https:\/\/www.cuidardocorpo.com\/blog\/wp-json\/wp\/v2\/media\/4752"}],"wp:attachment":[{"href":"https:\/\/www.cuidardocorpo.com\/blog\/wp-json\/wp\/v2\/media?parent=4754"}],"wp:term":[{"taxonomy":"category","embeddable":true,"href":"https:\/\/www.cuidardocorpo.com\/blog\/wp-json\/wp\/v2\/categories?post=4754"},{"taxonomy":"post_tag","embeddable":true,"href":"https:\/\/www.cuidardocorpo.com\/blog\/wp-json\/wp\/v2\/tags?post=4754"}],"curies":[{"name":"wp","href":"https:\/\/api.w.org\/{rel}","templated":true}]}}