{"id":547,"date":"2019-07-20T02:19:48","date_gmt":"2015-04-13T13:05:11","guid":{"rendered":"http:\/\/www.cuidardocorpo.com\/blog\/?p=547"},"modified":"2024-06-11T17:35:11","modified_gmt":"2024-06-11T16:35:11","slug":"conheca-quatro-mitos-de-beleza-que-afectam-o-bem-estar-547","status":"publish","type":"post","link":"https:\/\/www.cuidardocorpo.com\/blog\/conheca-quatro-mitos-de-beleza-que-afectam-o-bem-estar-547\/","title":{"rendered":"4 mitos de beleza que afectam o seu bem-estar!"},"content":{"rendered":"<p>Como \u00e9 poss\u00edvel ter uma vida repleta de sa\u00fade e de bem-estar, se n\u00e3o gostarmos daquilo que vemos ao espelho, porque seguimos <strong>mitos de beleza<\/strong> que em nada contribuem para melhorar a nossa imagem? Para que n\u00e3o caia nesses \u00abcontos de fada\u00bb em forma de conselhos de est\u00e9tica, conhe\u00e7a os principais mitos associados ao campo da beleza.<\/p>\n<p>Descubra dicas de beleza actuais, com o blog Paix\u00f5es de Isabel<\/p>\n<h2>Sabia que n\u00e3o \u00e9 o cloro que deixa o cabelo verde? Conhe\u00e7a estes e outros mitos de beleza!<\/h2><!-- Dentro do texto --><ins class=\"adsbygoogle\"  style=\"display:inline-block;width:336px;height:280px\"     data-ad-client=\"ca-pub-6281798432166415\"    data-ad-slot=\"5069359289\"><\/ins>\n<p>Eis um dos <strong>mitos de beleza<\/strong> que j\u00e1 lhe deve ter deixado de cabelos em p\u00e9! A verdade \u00e9 que h\u00e1 ainda muitas pessoas que acreditam que o cloro tem capacidade para esverdear a nossa superf\u00edcie capilar. S\u00f3 que n\u00e3o \u00e9 esse elemento o respons\u00e1vel pela mudan\u00e7a de cor: o sulfato de cobre \u00e9 que \u00e9 o \u00abvil\u00e3o\u00bb, um metal que \u00e9 igualmente aplicado nos tratamentos das \u00e1guas das piscinas.<\/p>\n<p>Realmente, quando o sulfato de cobre contacta <a href=\"http:\/\/pt.wikipedia.org\/wiki\/Queratina\">com a queratina dos fios<\/a>, a subst\u00e2ncia acaba por deixar o cabelo completamente verde. No entanto, \u00e9 preciso sublinhar que esta reac\u00e7\u00e3o somente acontece nas pessoas que t\u00eam os cabelos claros, visto que este tipo de superf\u00edcies capilares conta com fios porosos, que tornam mais f\u00e1cil a penetra\u00e7\u00e3o do metal nos cabelos.<\/p>\n<p>Por isso, bastante aten\u00e7\u00e3o ao sulfato de cobre! J\u00e1 agora, fique com outra dica: para retirar a cor do cabelo, o melhor \u00e9 lav\u00e1-lo com vinagre ou leite mornos durante aproximadamente cinco minutos.<\/p>\n<p>Pe\u00e7a mais informa\u00e7\u00f5es sobre sa\u00fade e bem-estar, atrav\u00e9s do blog Paix\u00f5es de Isabel<\/p>\n<p><a href=\"http:\/\/www.cuidardocorpo.com\/blog\/wp-content\/uploads\/olheiras_cuidar_rosto.jpg\"><img loading=\"lazy\" decoding=\"async\" class=\"aligncenter size-full wp-image-1276\" src=\"http:\/\/www.cuidardocorpo.com\/blog\/wp-content\/uploads\/olheiras_cuidar_rosto.jpg\" alt=\"Mitos de Beleza\" width=\"600\" height=\"315\" srcset=\"https:\/\/www.cuidardocorpo.com\/blog\/wp-content\/uploads\/olheiras_cuidar_rosto.jpg 600w, https:\/\/www.cuidardocorpo.com\/blog\/wp-content\/uploads\/olheiras_cuidar_rosto-300x158.jpg 300w, https:\/\/www.cuidardocorpo.com\/blog\/wp-content\/uploads\/olheiras_cuidar_rosto-100x53.jpg 100w\" sizes=\"auto, (max-width: 600px) 100vw, 600px\" \/><\/a><\/p>\n<h3>Descubra mais tr\u00eas mitos de beleza:<\/h3>\n<ol>\n<li><strong>\u00c9 obrigat\u00f3rio usar produtos anti-idade logo a partir dos 25 anos<\/strong> \u2013 na verdade, o envelhecimento da c\u00fatis \u00e9 um processo individual, sendo influenciado por um vasto leque de factores. Por exemplo, se tiver uma pele bem hidratada e protegida do sol, esta c\u00fatis ir\u00e1 ter menos rugas e marcas de express\u00e3o. Desta forma, os cuidados anti-idade at\u00e9 podem ser adiados.<\/li>\n<li><strong><a href=\"http:\/\/pt.wikipedia.org\/wiki\/Sardas\">As sardas podem ser clareadas<\/a> atrav\u00e9s de \u00e1gua de arroz<\/strong> \u2013 esque\u00e7a! N\u00e3o h\u00e1 nenhuma subst\u00e2ncia presente neste l\u00edquido que consiga aclarar as sardas ou outros tipos de manchas.<\/li>\n<li><strong>Para diminuir as olheiras e o incha\u00e7o, deve-se utilizar\u2026 rodelas de pepino!<\/strong> Sim, sabemos que n\u00e3o h\u00e1 novela em que n\u00e3o haja uma personagem mais cuidadosa com a sua imagem que recorra a esta t\u00e9cnica. Mas acredite: tudo n\u00e3o passa mesmo de fic\u00e7\u00e3o! Por si s\u00f3, as rodelas de pepino n\u00e3o s\u00e3o a solu\u00e7\u00e3o para este problema est\u00e9tico: estes peda\u00e7os de fruto t\u00eam de estar gelados para que ocorra a contrac\u00e7\u00e3o dos vasos sangu\u00edneos que se encontram imediatamente abaixo dos olhos. De resto, trata-se de um efeito imediato e com pouqu\u00edssima dura\u00e7\u00e3o.<\/li>\n<\/ol>\n<p><em>Fontes: <a href=\"http:\/\/lifestyle.sapo.pt\/moda-e-beleza\/dicas-de-moda\">SAPO Lifestyle<\/a> e <a href=\"http:\/\/observador.pt\/topico\/beleza\/\">Observador<\/a><\/em><\/p>\n<p>Conhe\u00e7a mais mitos de beleza &#8211; entre outros conselhos de sa\u00fade e bem-estar -, gra\u00e7as ao blog Paix\u00f5es de Isabel<\/p>\n","protected":false},"excerpt":{"rendered":"<p>Como \u00e9 poss\u00edvel ter uma vida repleta de sa\u00fade e de bem-estar, se n\u00e3o gostarmos daquilo que vemos ao espelho, porque seguimos mitos de beleza que em nada contribuem para melhorar a nossa imagem? Para que n\u00e3o caia nesses \u00abcontos de fada\u00bb em forma de conselhos de est\u00e9tica, conhe\u00e7a os principais mitos associados ao campo [&hellip;]<\/p>\n","protected":false},"author":67,"featured_media":1276,"comment_status":"open","ping_status":"open","sticky":false,"template":"","format":"standard","meta":{"_genesis_hide_title":false,"_genesis_hide_breadcrumbs":false,"_genesis_hide_singular_image":false,"_genesis_hide_footer_widgets":false,"_genesis_custom_body_class":"","_genesis_custom_post_class":"","_genesis_layout":"","ngg_post_thumbnail":0,"footnotes":""},"categories":[663],"tags":[187,621,533,622],"class_list":{"0":"post-547","1":"post","2":"type-post","3":"status-publish","4":"format-standard","5":"has-post-thumbnail","7":"category-truques-de-beleza","8":"tag-bem-estar","9":"tag-conselhos","10":"tag-isabel-angelino","11":"tag-mitos-de-beleza","12":"entry"},"yoast_head":"<!-- This site is optimized with the Yoast SEO plugin v27.5 - https:\/\/yoast.com\/product\/yoast-seo-wordpress\/ -->\n<title>Conhe\u00e7a quatro mitos de beleza que afectam o bem-estar!<\/title>\n<meta name=\"description\" content=\"Como \u00e9 poss\u00edvel ter uma vida repleta de sa\u00fade e de bem-estar, se n\u00e3o gostarmos daquilo que vemos ao espelho, porque seguimos mitos de beleza?\" \/>\n<meta name=\"robots\" content=\"index, follow, max-snippet:-1, max-image-preview:large, max-video-preview:-1\" \/>\n<link rel=\"canonical\" href=\"https:\/\/www.cuidardocorpo.com\/blog\/conheca-quatro-mitos-de-beleza-que-afectam-o-bem-estar-547\/\" \/>\n<meta name=\"twitter:label1\" content=\"Escrito por\" \/>\n\t<meta name=\"twitter:data1\" content=\"Lu\u00eds Rodrigues\" \/>\n\t<meta name=\"twitter:label2\" content=\"Tempo estimado de leitura\" \/>\n\t<meta name=\"twitter:data2\" content=\"3 minutos\" \/>\n<script type=\"application\/ld+json\" class=\"yoast-schema-graph\">{\"@context\":\"https:\\\/\\\/schema.org\",\"@graph\":[{\"@type\":\"Article\",\"@id\":\"https:\\\/\\\/www.cuidardocorpo.com\\\/blog\\\/conheca-quatro-mitos-de-beleza-que-afectam-o-bem-estar-547\\\/#article\",\"isPartOf\":{\"@id\":\"https:\\\/\\\/www.cuidardocorpo.com\\\/blog\\\/conheca-quatro-mitos-de-beleza-que-afectam-o-bem-estar-547\\\/\"},\"author\":{\"name\":\"Lu\u00eds Rodrigues\",\"@id\":\"https:\\\/\\\/www.cuidardocorpo.com\\\/blog\\\/#\\\/schema\\\/person\\\/72f8ad7dd5fa9b440bebb5df9ee78ed8\"},\"headline\":\"4 mitos de beleza que afectam o seu bem-estar!\",\"datePublished\":\"2015-04-13T13:05:11+00:00\",\"dateModified\":\"2024-06-11T16:35:11+00:00\",\"mainEntityOfPage\":{\"@id\":\"https:\\\/\\\/www.cuidardocorpo.com\\\/blog\\\/conheca-quatro-mitos-de-beleza-que-afectam-o-bem-estar-547\\\/\"},\"wordCount\":525,\"commentCount\":0,\"publisher\":{\"@id\":\"https:\\\/\\\/www.cuidardocorpo.com\\\/blog\\\/#organization\"},\"image\":{\"@id\":\"https:\\\/\\\/www.cuidardocorpo.com\\\/blog\\\/conheca-quatro-mitos-de-beleza-que-afectam-o-bem-estar-547\\\/#primaryimage\"},\"thumbnailUrl\":\"https:\\\/\\\/www.cuidardocorpo.com\\\/blog\\\/wp-content\\\/uploads\\\/olheiras_cuidar_rosto.jpg\",\"keywords\":[\"bem-estar\",\"conselhos\",\"isabel angelino\",\"mitos de beleza\"],\"articleSection\":[\"Truques de Beleza\"],\"inLanguage\":\"pt-PT\",\"potentialAction\":[{\"@type\":\"CommentAction\",\"name\":\"Comment\",\"target\":[\"https:\\\/\\\/www.cuidardocorpo.com\\\/blog\\\/conheca-quatro-mitos-de-beleza-que-afectam-o-bem-estar-547\\\/#respond\"]}]},{\"@type\":\"WebPage\",\"@id\":\"https:\\\/\\\/www.cuidardocorpo.com\\\/blog\\\/conheca-quatro-mitos-de-beleza-que-afectam-o-bem-estar-547\\\/\",\"url\":\"https:\\\/\\\/www.cuidardocorpo.com\\\/blog\\\/conheca-quatro-mitos-de-beleza-que-afectam-o-bem-estar-547\\\/\",\"name\":\"Conhe\u00e7a quatro mitos de beleza que afectam o bem-estar!\",\"isPartOf\":{\"@id\":\"https:\\\/\\\/www.cuidardocorpo.com\\\/blog\\\/#website\"},\"primaryImageOfPage\":{\"@id\":\"https:\\\/\\\/www.cuidardocorpo.com\\\/blog\\\/conheca-quatro-mitos-de-beleza-que-afectam-o-bem-estar-547\\\/#primaryimage\"},\"image\":{\"@id\":\"https:\\\/\\\/www.cuidardocorpo.com\\\/blog\\\/conheca-quatro-mitos-de-beleza-que-afectam-o-bem-estar-547\\\/#primaryimage\"},\"thumbnailUrl\":\"https:\\\/\\\/www.cuidardocorpo.com\\\/blog\\\/wp-content\\\/uploads\\\/olheiras_cuidar_rosto.jpg\",\"datePublished\":\"2015-04-13T13:05:11+00:00\",\"dateModified\":\"2024-06-11T16:35:11+00:00\",\"description\":\"Como \u00e9 poss\u00edvel ter uma vida repleta de sa\u00fade e de bem-estar, se n\u00e3o gostarmos daquilo que vemos ao espelho, porque seguimos mitos de beleza?\",\"breadcrumb\":{\"@id\":\"https:\\\/\\\/www.cuidardocorpo.com\\\/blog\\\/conheca-quatro-mitos-de-beleza-que-afectam-o-bem-estar-547\\\/#breadcrumb\"},\"inLanguage\":\"pt-PT\",\"potentialAction\":[{\"@type\":\"ReadAction\",\"target\":[\"https:\\\/\\\/www.cuidardocorpo.com\\\/blog\\\/conheca-quatro-mitos-de-beleza-que-afectam-o-bem-estar-547\\\/\"]}]},{\"@type\":\"ImageObject\",\"inLanguage\":\"pt-PT\",\"@id\":\"https:\\\/\\\/www.cuidardocorpo.com\\\/blog\\\/conheca-quatro-mitos-de-beleza-que-afectam-o-bem-estar-547\\\/#primaryimage\",\"url\":\"https:\\\/\\\/www.cuidardocorpo.com\\\/blog\\\/wp-content\\\/uploads\\\/olheiras_cuidar_rosto.jpg\",\"contentUrl\":\"https:\\\/\\\/www.cuidardocorpo.com\\\/blog\\\/wp-content\\\/uploads\\\/olheiras_cuidar_rosto.jpg\",\"width\":600,\"height\":315,\"caption\":\"Mitos de Beleza\"},{\"@type\":\"BreadcrumbList\",\"@id\":\"https:\\\/\\\/www.cuidardocorpo.com\\\/blog\\\/conheca-quatro-mitos-de-beleza-que-afectam-o-bem-estar-547\\\/#breadcrumb\",\"itemListElement\":[{\"@type\":\"ListItem\",\"position\":1,\"name\":\"In\u00edcio\",\"item\":\"https:\\\/\\\/www.cuidardocorpo.com\\\/blog\\\/\"},{\"@type\":\"ListItem\",\"position\":2,\"name\":\"4 mitos de beleza que afectam o seu bem-estar!\"}]},{\"@type\":\"WebSite\",\"@id\":\"https:\\\/\\\/www.cuidardocorpo.com\\\/blog\\\/#website\",\"url\":\"https:\\\/\\\/www.cuidardocorpo.com\\\/blog\\\/\",\"name\":\"Cuidar do Corpo\",\"description\":\"Leia os nossos artigos e fique a saber tudo o que precisa para Cuidar do seu Corpo. Sa\u00fade e Bem-estar com informa\u00e7\u00f5es especializadas.\",\"publisher\":{\"@id\":\"https:\\\/\\\/www.cuidardocorpo.com\\\/blog\\\/#organization\"},\"alternateName\":\"Cuidar do Corpo\",\"potentialAction\":[{\"@type\":\"SearchAction\",\"target\":{\"@type\":\"EntryPoint\",\"urlTemplate\":\"https:\\\/\\\/www.cuidardocorpo.com\\\/blog\\\/?s={search_term_string}\"},\"query-input\":{\"@type\":\"PropertyValueSpecification\",\"valueRequired\":true,\"valueName\":\"search_term_string\"}}],\"inLanguage\":\"pt-PT\"},{\"@type\":\"Organization\",\"@id\":\"https:\\\/\\\/www.cuidardocorpo.com\\\/blog\\\/#organization\",\"name\":\"Cuidar do Corpo\",\"alternateName\":\"Cuidar do Corpo\",\"url\":\"https:\\\/\\\/www.cuidardocorpo.com\\\/blog\\\/\",\"logo\":{\"@type\":\"ImageObject\",\"inLanguage\":\"pt-PT\",\"@id\":\"https:\\\/\\\/www.cuidardocorpo.com\\\/blog\\\/#\\\/schema\\\/logo\\\/image\\\/\",\"url\":\"https:\\\/\\\/www.cuidardocorpo.com\\\/blog\\\/wp-content\\\/uploads\\\/cropped-logo_cuidar_do_corpo.png\",\"contentUrl\":\"https:\\\/\\\/www.cuidardocorpo.com\\\/blog\\\/wp-content\\\/uploads\\\/cropped-logo_cuidar_do_corpo.png\",\"width\":1140,\"height\":335,\"caption\":\"Cuidar do Corpo\"},\"image\":{\"@id\":\"https:\\\/\\\/www.cuidardocorpo.com\\\/blog\\\/#\\\/schema\\\/logo\\\/image\\\/\"}},{\"@type\":\"Person\",\"@id\":\"https:\\\/\\\/www.cuidardocorpo.com\\\/blog\\\/#\\\/schema\\\/person\\\/72f8ad7dd5fa9b440bebb5df9ee78ed8\",\"name\":\"Lu\u00eds Rodrigues\",\"image\":{\"@type\":\"ImageObject\",\"inLanguage\":\"pt-PT\",\"@id\":\"https:\\\/\\\/secure.gravatar.com\\\/avatar\\\/871120a49c12e3fe7c53810baa949f9660de020376be935ef3b6a13e69851eb7?s=96&d=mm&r=g\",\"url\":\"https:\\\/\\\/secure.gravatar.com\\\/avatar\\\/871120a49c12e3fe7c53810baa949f9660de020376be935ef3b6a13e69851eb7?s=96&d=mm&r=g\",\"contentUrl\":\"https:\\\/\\\/secure.gravatar.com\\\/avatar\\\/871120a49c12e3fe7c53810baa949f9660de020376be935ef3b6a13e69851eb7?s=96&d=mm&r=g\",\"caption\":\"Lu\u00eds Rodrigues\"},\"description\":\"Estudos: Licenciado em Educa\u00e7\u00e3o F\u00edsica e Desporto pela Universidade do Porto Experi\u00eancia: Lu\u00eds tem mais de 15 anos de experi\u00eancia como personal trainer e consultor de fitness, ajudando in\u00fameros clientes a atingir seus objetivos de sa\u00fade e bem-estar. Outras informa\u00e7\u00f5es: \u00c9 autor de v\u00e1rios artigos sobre fitness e sa\u00fade em revistas especializadas e blogs.\",\"url\":\"https:\\\/\\\/www.cuidardocorpo.com\\\/blog\\\/author\\\/luis-rodrigues\\\/\"}]}<\/script>\n<!-- \/ Yoast SEO plugin. -->","yoast_head_json":{"title":"Conhe\u00e7a quatro mitos de beleza que afectam o bem-estar!","description":"Como \u00e9 poss\u00edvel ter uma vida repleta de sa\u00fade e de bem-estar, se n\u00e3o gostarmos daquilo que vemos ao espelho, porque seguimos mitos de beleza?","robots":{"index":"index","follow":"follow","max-snippet":"max-snippet:-1","max-image-preview":"max-image-preview:large","max-video-preview":"max-video-preview:-1"},"canonical":"https:\/\/www.cuidardocorpo.com\/blog\/conheca-quatro-mitos-de-beleza-que-afectam-o-bem-estar-547\/","twitter_misc":{"Escrito por":"Lu\u00eds Rodrigues","Tempo estimado de leitura":"3 minutos"},"schema":{"@context":"https:\/\/schema.org","@graph":[{"@type":"Article","@id":"https:\/\/www.cuidardocorpo.com\/blog\/conheca-quatro-mitos-de-beleza-que-afectam-o-bem-estar-547\/#article","isPartOf":{"@id":"https:\/\/www.cuidardocorpo.com\/blog\/conheca-quatro-mitos-de-beleza-que-afectam-o-bem-estar-547\/"},"author":{"name":"Lu\u00eds Rodrigues","@id":"https:\/\/www.cuidardocorpo.com\/blog\/#\/schema\/person\/72f8ad7dd5fa9b440bebb5df9ee78ed8"},"headline":"4 mitos de beleza que afectam o seu bem-estar!","datePublished":"2015-04-13T13:05:11+00:00","dateModified":"2024-06-11T16:35:11+00:00","mainEntityOfPage":{"@id":"https:\/\/www.cuidardocorpo.com\/blog\/conheca-quatro-mitos-de-beleza-que-afectam-o-bem-estar-547\/"},"wordCount":525,"commentCount":0,"publisher":{"@id":"https:\/\/www.cuidardocorpo.com\/blog\/#organization"},"image":{"@id":"https:\/\/www.cuidardocorpo.com\/blog\/conheca-quatro-mitos-de-beleza-que-afectam-o-bem-estar-547\/#primaryimage"},"thumbnailUrl":"https:\/\/www.cuidardocorpo.com\/blog\/wp-content\/uploads\/olheiras_cuidar_rosto.jpg","keywords":["bem-estar","conselhos","isabel angelino","mitos de beleza"],"articleSection":["Truques de Beleza"],"inLanguage":"pt-PT","potentialAction":[{"@type":"CommentAction","name":"Comment","target":["https:\/\/www.cuidardocorpo.com\/blog\/conheca-quatro-mitos-de-beleza-que-afectam-o-bem-estar-547\/#respond"]}]},{"@type":"WebPage","@id":"https:\/\/www.cuidardocorpo.com\/blog\/conheca-quatro-mitos-de-beleza-que-afectam-o-bem-estar-547\/","url":"https:\/\/www.cuidardocorpo.com\/blog\/conheca-quatro-mitos-de-beleza-que-afectam-o-bem-estar-547\/","name":"Conhe\u00e7a quatro mitos de beleza que afectam o bem-estar!","isPartOf":{"@id":"https:\/\/www.cuidardocorpo.com\/blog\/#website"},"primaryImageOfPage":{"@id":"https:\/\/www.cuidardocorpo.com\/blog\/conheca-quatro-mitos-de-beleza-que-afectam-o-bem-estar-547\/#primaryimage"},"image":{"@id":"https:\/\/www.cuidardocorpo.com\/blog\/conheca-quatro-mitos-de-beleza-que-afectam-o-bem-estar-547\/#primaryimage"},"thumbnailUrl":"https:\/\/www.cuidardocorpo.com\/blog\/wp-content\/uploads\/olheiras_cuidar_rosto.jpg","datePublished":"2015-04-13T13:05:11+00:00","dateModified":"2024-06-11T16:35:11+00:00","description":"Como \u00e9 poss\u00edvel ter uma vida repleta de sa\u00fade e de bem-estar, se n\u00e3o gostarmos daquilo que vemos ao espelho, porque seguimos mitos de beleza?","breadcrumb":{"@id":"https:\/\/www.cuidardocorpo.com\/blog\/conheca-quatro-mitos-de-beleza-que-afectam-o-bem-estar-547\/#breadcrumb"},"inLanguage":"pt-PT","potentialAction":[{"@type":"ReadAction","target":["https:\/\/www.cuidardocorpo.com\/blog\/conheca-quatro-mitos-de-beleza-que-afectam-o-bem-estar-547\/"]}]},{"@type":"ImageObject","inLanguage":"pt-PT","@id":"https:\/\/www.cuidardocorpo.com\/blog\/conheca-quatro-mitos-de-beleza-que-afectam-o-bem-estar-547\/#primaryimage","url":"https:\/\/www.cuidardocorpo.com\/blog\/wp-content\/uploads\/olheiras_cuidar_rosto.jpg","contentUrl":"https:\/\/www.cuidardocorpo.com\/blog\/wp-content\/uploads\/olheiras_cuidar_rosto.jpg","width":600,"height":315,"caption":"Mitos de Beleza"},{"@type":"BreadcrumbList","@id":"https:\/\/www.cuidardocorpo.com\/blog\/conheca-quatro-mitos-de-beleza-que-afectam-o-bem-estar-547\/#breadcrumb","itemListElement":[{"@type":"ListItem","position":1,"name":"In\u00edcio","item":"https:\/\/www.cuidardocorpo.com\/blog\/"},{"@type":"ListItem","position":2,"name":"4 mitos de beleza que afectam o seu bem-estar!"}]},{"@type":"WebSite","@id":"https:\/\/www.cuidardocorpo.com\/blog\/#website","url":"https:\/\/www.cuidardocorpo.com\/blog\/","name":"Cuidar do Corpo","description":"Leia os nossos artigos e fique a saber tudo o que precisa para Cuidar do seu Corpo. Sa\u00fade e Bem-estar com informa\u00e7\u00f5es especializadas.","publisher":{"@id":"https:\/\/www.cuidardocorpo.com\/blog\/#organization"},"alternateName":"Cuidar do Corpo","potentialAction":[{"@type":"SearchAction","target":{"@type":"EntryPoint","urlTemplate":"https:\/\/www.cuidardocorpo.com\/blog\/?s={search_term_string}"},"query-input":{"@type":"PropertyValueSpecification","valueRequired":true,"valueName":"search_term_string"}}],"inLanguage":"pt-PT"},{"@type":"Organization","@id":"https:\/\/www.cuidardocorpo.com\/blog\/#organization","name":"Cuidar do Corpo","alternateName":"Cuidar do Corpo","url":"https:\/\/www.cuidardocorpo.com\/blog\/","logo":{"@type":"ImageObject","inLanguage":"pt-PT","@id":"https:\/\/www.cuidardocorpo.com\/blog\/#\/schema\/logo\/image\/","url":"https:\/\/www.cuidardocorpo.com\/blog\/wp-content\/uploads\/cropped-logo_cuidar_do_corpo.png","contentUrl":"https:\/\/www.cuidardocorpo.com\/blog\/wp-content\/uploads\/cropped-logo_cuidar_do_corpo.png","width":1140,"height":335,"caption":"Cuidar do Corpo"},"image":{"@id":"https:\/\/www.cuidardocorpo.com\/blog\/#\/schema\/logo\/image\/"}},{"@type":"Person","@id":"https:\/\/www.cuidardocorpo.com\/blog\/#\/schema\/person\/72f8ad7dd5fa9b440bebb5df9ee78ed8","name":"Lu\u00eds Rodrigues","image":{"@type":"ImageObject","inLanguage":"pt-PT","@id":"https:\/\/secure.gravatar.com\/avatar\/871120a49c12e3fe7c53810baa949f9660de020376be935ef3b6a13e69851eb7?s=96&d=mm&r=g","url":"https:\/\/secure.gravatar.com\/avatar\/871120a49c12e3fe7c53810baa949f9660de020376be935ef3b6a13e69851eb7?s=96&d=mm&r=g","contentUrl":"https:\/\/secure.gravatar.com\/avatar\/871120a49c12e3fe7c53810baa949f9660de020376be935ef3b6a13e69851eb7?s=96&d=mm&r=g","caption":"Lu\u00eds Rodrigues"},"description":"Estudos: Licenciado em Educa\u00e7\u00e3o F\u00edsica e Desporto pela Universidade do Porto Experi\u00eancia: Lu\u00eds tem mais de 15 anos de experi\u00eancia como personal trainer e consultor de fitness, ajudando in\u00fameros clientes a atingir seus objetivos de sa\u00fade e bem-estar. Outras informa\u00e7\u00f5es: \u00c9 autor de v\u00e1rios artigos sobre fitness e sa\u00fade em revistas especializadas e blogs.","url":"https:\/\/www.cuidardocorpo.com\/blog\/author\/luis-rodrigues\/"}]}},"amp_enabled":true,"_links":{"self":[{"href":"https:\/\/www.cuidardocorpo.com\/blog\/wp-json\/wp\/v2\/posts\/547","targetHints":{"allow":["GET"]}}],"collection":[{"href":"https:\/\/www.cuidardocorpo.com\/blog\/wp-json\/wp\/v2\/posts"}],"about":[{"href":"https:\/\/www.cuidardocorpo.com\/blog\/wp-json\/wp\/v2\/types\/post"}],"author":[{"embeddable":true,"href":"https:\/\/www.cuidardocorpo.com\/blog\/wp-json\/wp\/v2\/users\/67"}],"replies":[{"embeddable":true,"href":"https:\/\/www.cuidardocorpo.com\/blog\/wp-json\/wp\/v2\/comments?post=547"}],"version-history":[{"count":4,"href":"https:\/\/www.cuidardocorpo.com\/blog\/wp-json\/wp\/v2\/posts\/547\/revisions"}],"predecessor-version":[{"id":1539,"href":"https:\/\/www.cuidardocorpo.com\/blog\/wp-json\/wp\/v2\/posts\/547\/revisions\/1539"}],"wp:featuredmedia":[{"embeddable":true,"href":"https:\/\/www.cuidardocorpo.com\/blog\/wp-json\/wp\/v2\/media\/1276"}],"wp:attachment":[{"href":"https:\/\/www.cuidardocorpo.com\/blog\/wp-json\/wp\/v2\/media?parent=547"}],"wp:term":[{"taxonomy":"category","embeddable":true,"href":"https:\/\/www.cuidardocorpo.com\/blog\/wp-json\/wp\/v2\/categories?post=547"},{"taxonomy":"post_tag","embeddable":true,"href":"https:\/\/www.cuidardocorpo.com\/blog\/wp-json\/wp\/v2\/tags?post=547"}],"curies":[{"name":"wp","href":"https:\/\/api.w.org\/{rel}","templated":true}]}}