{"id":568,"date":"2019-03-06T20:32:35","date_gmt":"2015-08-26T10:05:03","guid":{"rendered":"http:\/\/www.cuidardocorpo.com\/blog\/?p=568"},"modified":"2015-10-22T11:14:56","modified_gmt":"2015-10-22T10:14:56","slug":"mulher-testa-relacao-do-botox-com-fim-de-depressao-568","status":"publish","type":"post","link":"https:\/\/www.cuidardocorpo.com\/blog\/mulher-testa-relacao-do-botox-com-fim-de-depressao-568\/","title":{"rendered":"Mulher Testa Rela\u00e7\u00e3o do Botox com Fim de Depress\u00e3o"},"content":{"rendered":"<p style=\"text-align: justify;\">O <a href=\"http:\/\/www.derme.pt\/botox\" target=\"_blank\"><strong>Botox<\/strong> \u00e9 um \u00edcone da medicina est\u00e9tica<\/a>, mas come\u00e7am a amontoar-se as provas de que a toxina botul\u00ednica pode tamb\u00e9m ser uma forte arma contra a depress\u00e3o. O <a href=\"http:\/\/www.usatoday.com\/topic\/d2591a44-dfd9-4d0d-af7a-cc0b3b92cbb0\/health-and-wellness\/\" target=\"_blank\">estudo recentemente divulgado <\/a>e co-autorado pelo Dr. Eric Finzi, dermatologista, e pelo professor de psiquiatria da\u00a0Georgetown Medical School, Professor Norman Rosenthal, aponta para uma redu\u00e7\u00e3o dos sintomas da depress\u00e3o em 52% das pacientes injectadas com botox. Agora, uma escritora decidiu testar a teoria por ela pr\u00f3pria, fazendo-se injectar com o f\u00e1rmaco.<\/p>\n<h2 style=\"text-align: justify;\">Botox para combater a Depress\u00e3o<\/h2><!-- Dentro do texto --><ins class=\"adsbygoogle\"  style=\"display:inline-block;width:336px;height:280px\"     data-ad-client=\"ca-pub-6281798432166415\"    data-ad-slot=\"5069359289\"><\/ins>\n<p style=\"text-align: justify;\">Taffy Brodesser-Akner, m\u00e3e de dois filhos e residente em Los Angeles, interessou-se pelos trabalhos do Dr. Finzi desde o in\u00edcio, decidindo recentemente colocar a teoria \u00e0 prova, com resultados mistos.<\/p>\n<p style=\"text-align: justify;\">Brodesser-Akner optou por uma injec\u00e7\u00e3o de Botox na zona da sobrancelha, mas rapidamente come\u00e7ou a sentir os efeitos de uma interven\u00e7\u00e3o desnecess\u00e1ria, quando as sobrancelhas se tornaram pesadas e as dificuldades em mover parte da face se tornaram \u00f3bvias. Para Brodesser-Akner, a expectativa ap\u00f3s ler os estudos do Dr. Finzi, era que se sentiria melhor interiormente.<\/p>\n<p style=\"text-align: justify;\">O que aconteceu foi algo inverso: incapaz de movimentar correctamente os m\u00fasculos faciais, a jovem mulher come\u00e7ou a sentir dificuldades em se relacionar com outras pessoas, j\u00e1 que as nossas express\u00f5es faciais s\u00e3o um pilar da comunica\u00e7\u00e3o interpessoal e da nossa capacidade de estabelecer la\u00e7os afectivos com os outros.<\/p>\n<p style=\"text-align: justify;\">No entanto, com o passar do tempo, Brodesser-Akner come\u00e7ou a sentir as vantagens da interven\u00e7\u00e3o: as reuni\u00f5es da associa\u00e7\u00e3o de pais ou os momentos stressantes tornaram-se menos intensos, uma vez que as suas express\u00f5es faciais permaneciam calmas em vez de revelarem o seu nervosismo ou tens\u00e3o.<\/p>\n<p style=\"text-align: justify;\"><img loading=\"lazy\" decoding=\"async\" class=\"aligncenter size-full wp-image-1247\" src=\"http:\/\/www.cuidardocorpo.com\/blog\/wp-content\/uploads\/bem_estar_mulher_confortto.jpg\" alt=\"bem estar com botox\" width=\"600\" height=\"315\" srcset=\"https:\/\/www.cuidardocorpo.com\/blog\/wp-content\/uploads\/bem_estar_mulher_confortto.jpg 600w, https:\/\/www.cuidardocorpo.com\/blog\/wp-content\/uploads\/bem_estar_mulher_confortto-300x158.jpg 300w, https:\/\/www.cuidardocorpo.com\/blog\/wp-content\/uploads\/bem_estar_mulher_confortto-100x53.jpg 100w\" sizes=\"auto, (max-width: 600px) 100vw, 600px\" \/><\/p>\n<p style=\"text-align: justify;\">Apesar disto, o balan\u00e7o estava a ser negativo para a Norte-Americana, que come\u00e7ou a reconhecer sentir-se pior pela impossibilidade de se expressar facialmente do que se sentiria com uma express\u00e3o triste. Nas suas pr\u00f3prias palavras, &#8220;sentia as mesmas emo\u00e7\u00f5es de sempre; simplesmente n\u00e3o me importava com elas&#8221;.<\/p>\n<p style=\"text-align: justify;\">Resumindo a sua experi\u00eancia, Brodesser-Akner declarou sentir-se diminu\u00edda pela menor profundidade dos seus sentimentos: &#8220;O Botox tamb\u00e9m me tirou os outros sentimentos, aqueles que nos fazem sentir inteiros: alegria, ci\u00fames, frustra\u00e7\u00e3o, triunfo&#8221;.<\/p>\n<p style=\"text-align: justify;\">N\u00e3o foi por isso com pouco al\u00edvio que a arrojada mulher reconheceu os sinais dos efeitos do Botox a desaparecerem \u00e0 medida que a subst\u00e2ncia desaparecia do seu sistema e as suas express\u00f5es faciais recuperavam a normalidade.<\/p>\n<h2 style=\"text-align: justify;\">A rela\u00e7\u00e3o entre o Botox e a depress\u00e3o<\/h2>\n<p style=\"text-align: justify;\">A toxina botul\u00ednica \u00e9 um poderoso agente cosm\u00e9tico gra\u00e7as \u00e0 sua ac\u00e7\u00e3o paralisante dos m\u00fasculos, o que tamb\u00e9m lhe abre portas noutras especialidades m\u00e9dicas. \u00c9 essa capacidade paralisante que faz com que o Botox atenue as rugas de express\u00e3o ao relaxar os m\u00fasculos que s\u00e3o por elas respons\u00e1veis, mas tamb\u00e9m combata a enxaqueca cr\u00f3nica ao atenuar a ac\u00e7\u00e3o dos m\u00fasculos que circundam a cabe\u00e7a.<\/p>\n<p style=\"text-align: justify;\">Recentemente, o estudo do Dr. Finzi revelou que a injec\u00e7\u00e3o da toxina tamb\u00e9m parece diminuir a intensidade dos sintomas de depress\u00e3o nas mulheres intervencionadas. A teoria subjacente a estes resultados \u00e9 que entre as express\u00f5es faciais e o nosso c\u00e9rebro existe um mecanismo de feedback positivo. Assim, ao sentirmos stress e franzirmos a testa ou cerrarmos o maxilar, esta ac\u00e7\u00e3o envia sinais para o nosso c\u00e9rebro, permitindo-nos aperceber do que estamos a sentir com mais clareza, mas refor\u00e7ando o sentimento de tens\u00e3o.<\/p>\n<p style=\"text-align: justify;\">Para o Dr. Finzi, ao atenuarmos a intensidade das express\u00f5es faciais, atenuamos os sinais enviados para o c\u00e9rebro, e ser\u00e1 atrav\u00e9s desse mecanismo que parte das mulheres do estudo passaram a sentir-se menos deprimidas.<\/p>\n<p style=\"text-align: justify;\">A experi\u00eancia realizada agora por Brodesser-Akner poderia levar-nos a questionar os resultados, mas real\u00e7amos que n\u00e3o s\u00f3 a teoria se encontra na sua inf\u00e2ncia, como a ac\u00e7\u00e3o de Brodesser-Akner n\u00e3o pode ser considerada v\u00e1lida para tirar conclus\u00f5es de validade cient\u00edfica. N\u00e3o s\u00f3 n\u00e3o necessitava da interven\u00e7\u00e3o, como n\u00e3o a realizou em condi\u00e7\u00f5es controladas, nem nos \u00e9 poss\u00edvel aferir se recorreu \u00e0s quantidades correctas de Botox ou se teria uma depress\u00e3o diagnosticada.<\/p>\n<p style=\"text-align: justify;\">Acima de tudo, a escritora Norte-Americana optou por receber este tratamento, sem considerar se seria adequado para si. Esta \u00e9 uma op\u00e7\u00e3o que deve ser sempre fruto do di\u00e1logo entre m\u00e9dico e paciente, e apenas e s\u00f3 quando for a resposta mais adequada \u00e0s necessidades deste. Receber injec\u00e7\u00f5es avulsas de Botox n\u00e3o \u00e9 aconselh\u00e1vel, nem \u00e9 por si s\u00f3 ben\u00e9fico, e a rela\u00e7\u00e3o entre o Botox e a depress\u00e3o deve ser entendida no \u00e2mbito de casos espec\u00edficos onde as express\u00f5es faciais sejam um factor efectivo a levar em conta nos sintomas da depress\u00e3o.<\/p>\n<p style=\"text-align: justify;\">Com ou sem depress\u00e3o, \u00e9 sempre recomend\u00e1vel que s\u00f3 ap\u00f3s consulta com um profissional especializado decida se o Botox \u00e9 ou n\u00e3o indicado para si.<\/p>\n","protected":false},"excerpt":{"rendered":"<p>O Botox \u00e9 um \u00edcone da medicina est\u00e9tica, mas come\u00e7am a amontoar-se as provas de que a toxina botul\u00ednica pode tamb\u00e9m ser uma forte arma contra a depress\u00e3o. O estudo recentemente divulgado e co-autorado pelo Dr. Eric Finzi, dermatologista, e pelo professor de psiquiatria da\u00a0Georgetown Medical School, Professor Norman Rosenthal, aponta para uma redu\u00e7\u00e3o dos [&hellip;]<\/p>\n","protected":false},"author":30,"featured_media":1247,"comment_status":"open","ping_status":"open","sticky":false,"template":"","format":"standard","meta":{"_genesis_hide_title":false,"_genesis_hide_breadcrumbs":false,"_genesis_hide_singular_image":false,"_genesis_hide_footer_widgets":false,"_genesis_custom_body_class":"","_genesis_custom_post_class":"","_genesis_layout":"","ngg_post_thumbnail":0,"footnotes":""},"categories":[657],"tags":[338,49,113,114,62,47,68,25,112,124,125,123,13,122,322,67,339,48,50,55],"class_list":{"0":"post-568","1":"post","2":"type-post","3":"status-publish","4":"format-standard","5":"has-post-thumbnail","7":"category-botox","8":"tag-couperose","9":"tag-cura-do-herpes-labial","10":"tag-excesso-de-peso","11":"tag-exercicio-fisico-localizado","12":"tag-gordura-localizada","13":"tag-herpes-labial","14":"tag-lesoes-vasculares","15":"tag-lipoaspiracao","16":"tag-obesidade","17":"tag-peeling-fenol","18":"tag-peeling-medio","19":"tag-peeling-profundo","20":"tag-peeling-quimico","21":"tag-peeling-superficial","22":"tag-rejuvenescimento-facial","23":"tag-rugas-na-testa","24":"tag-sinais","25":"tag-sintomas-do-herpes-labial","26":"tag-virus-do-herpes","27":"tag-zovirax","28":"entry"},"yoast_head":"<!-- This site is optimized with the Yoast SEO plugin v27.5 - https:\/\/yoast.com\/product\/yoast-seo-wordpress\/ -->\n<title>Mulher Testa Rela\u00e7\u00e3o do Botox com Fim de Depress\u00e3o<\/title>\n<meta name=\"description\" content=\"Uma mulher Norte-Americana decidiu injectar-se com Botox para replicar os resultados de um estudo recente que relaciona o Botox com melhoria na depress\u00e3o.\" \/>\n<meta name=\"robots\" content=\"index, follow, max-snippet:-1, max-image-preview:large, max-video-preview:-1\" \/>\n<link rel=\"canonical\" href=\"https:\/\/www.cuidardocorpo.com\/blog\/mulher-testa-relacao-do-botox-com-fim-de-depressao-568\/\" \/>\n<meta name=\"twitter:label1\" content=\"Escrito por\" \/>\n\t<meta name=\"twitter:data1\" content=\"Marco\" \/>\n\t<meta name=\"twitter:label2\" content=\"Tempo estimado de leitura\" \/>\n\t<meta name=\"twitter:data2\" content=\"4 minutos\" \/>\n<script type=\"application\/ld+json\" class=\"yoast-schema-graph\">{\"@context\":\"https:\\\/\\\/schema.org\",\"@graph\":[{\"@type\":\"Article\",\"@id\":\"https:\\\/\\\/www.cuidardocorpo.com\\\/blog\\\/mulher-testa-relacao-do-botox-com-fim-de-depressao-568\\\/#article\",\"isPartOf\":{\"@id\":\"https:\\\/\\\/www.cuidardocorpo.com\\\/blog\\\/mulher-testa-relacao-do-botox-com-fim-de-depressao-568\\\/\"},\"author\":{\"name\":\"Marco\",\"@id\":\"https:\\\/\\\/www.cuidardocorpo.com\\\/blog\\\/#\\\/schema\\\/person\\\/d2c055cea0267b42ab2c0d74914a7b12\"},\"headline\":\"Mulher Testa Rela\u00e7\u00e3o do Botox com Fim de Depress\u00e3o\",\"datePublished\":\"2015-08-26T10:05:03+00:00\",\"dateModified\":\"2015-10-22T10:14:56+00:00\",\"mainEntityOfPage\":{\"@id\":\"https:\\\/\\\/www.cuidardocorpo.com\\\/blog\\\/mulher-testa-relacao-do-botox-com-fim-de-depressao-568\\\/\"},\"wordCount\":863,\"commentCount\":0,\"publisher\":{\"@id\":\"https:\\\/\\\/www.cuidardocorpo.com\\\/blog\\\/#organization\"},\"image\":{\"@id\":\"https:\\\/\\\/www.cuidardocorpo.com\\\/blog\\\/mulher-testa-relacao-do-botox-com-fim-de-depressao-568\\\/#primaryimage\"},\"thumbnailUrl\":\"https:\\\/\\\/www.cuidardocorpo.com\\\/blog\\\/wp-content\\\/uploads\\\/bem_estar_mulher_confortto.jpg\",\"keywords\":[\"couperose\",\"cura do herpes labial\",\"excesso de peso\",\"exerc\u00edcio f\u00edsico localizado\",\"gordura localizada\",\"Herpes labial\",\"Les\u00f5es Vasculares\",\"lipoaspira\u00e7\u00e3o\",\"obesidade\",\"peeling fenol\",\"peeling m\u00e9dio\",\"peeling profundo\",\"peeling qu\u00edmico\",\"peeling superficial\",\"rejuvenescimento facial\",\"Rugas na Testa\",\"Sinais\",\"sintomas do herpes labial\",\"v\u00edrus do herpes\",\"zovirax\"],\"articleSection\":[\"Botox\"],\"inLanguage\":\"pt-PT\",\"potentialAction\":[{\"@type\":\"CommentAction\",\"name\":\"Comment\",\"target\":[\"https:\\\/\\\/www.cuidardocorpo.com\\\/blog\\\/mulher-testa-relacao-do-botox-com-fim-de-depressao-568\\\/#respond\"]}]},{\"@type\":\"WebPage\",\"@id\":\"https:\\\/\\\/www.cuidardocorpo.com\\\/blog\\\/mulher-testa-relacao-do-botox-com-fim-de-depressao-568\\\/\",\"url\":\"https:\\\/\\\/www.cuidardocorpo.com\\\/blog\\\/mulher-testa-relacao-do-botox-com-fim-de-depressao-568\\\/\",\"name\":\"Mulher Testa Rela\u00e7\u00e3o do Botox com Fim de Depress\u00e3o\",\"isPartOf\":{\"@id\":\"https:\\\/\\\/www.cuidardocorpo.com\\\/blog\\\/#website\"},\"primaryImageOfPage\":{\"@id\":\"https:\\\/\\\/www.cuidardocorpo.com\\\/blog\\\/mulher-testa-relacao-do-botox-com-fim-de-depressao-568\\\/#primaryimage\"},\"image\":{\"@id\":\"https:\\\/\\\/www.cuidardocorpo.com\\\/blog\\\/mulher-testa-relacao-do-botox-com-fim-de-depressao-568\\\/#primaryimage\"},\"thumbnailUrl\":\"https:\\\/\\\/www.cuidardocorpo.com\\\/blog\\\/wp-content\\\/uploads\\\/bem_estar_mulher_confortto.jpg\",\"datePublished\":\"2015-08-26T10:05:03+00:00\",\"dateModified\":\"2015-10-22T10:14:56+00:00\",\"description\":\"Uma mulher Norte-Americana decidiu injectar-se com Botox para replicar os resultados de um estudo recente que relaciona o Botox com melhoria na depress\u00e3o.\",\"breadcrumb\":{\"@id\":\"https:\\\/\\\/www.cuidardocorpo.com\\\/blog\\\/mulher-testa-relacao-do-botox-com-fim-de-depressao-568\\\/#breadcrumb\"},\"inLanguage\":\"pt-PT\",\"potentialAction\":[{\"@type\":\"ReadAction\",\"target\":[\"https:\\\/\\\/www.cuidardocorpo.com\\\/blog\\\/mulher-testa-relacao-do-botox-com-fim-de-depressao-568\\\/\"]}]},{\"@type\":\"ImageObject\",\"inLanguage\":\"pt-PT\",\"@id\":\"https:\\\/\\\/www.cuidardocorpo.com\\\/blog\\\/mulher-testa-relacao-do-botox-com-fim-de-depressao-568\\\/#primaryimage\",\"url\":\"https:\\\/\\\/www.cuidardocorpo.com\\\/blog\\\/wp-content\\\/uploads\\\/bem_estar_mulher_confortto.jpg\",\"contentUrl\":\"https:\\\/\\\/www.cuidardocorpo.com\\\/blog\\\/wp-content\\\/uploads\\\/bem_estar_mulher_confortto.jpg\",\"width\":600,\"height\":315,\"caption\":\"bem estar com botox\"},{\"@type\":\"BreadcrumbList\",\"@id\":\"https:\\\/\\\/www.cuidardocorpo.com\\\/blog\\\/mulher-testa-relacao-do-botox-com-fim-de-depressao-568\\\/#breadcrumb\",\"itemListElement\":[{\"@type\":\"ListItem\",\"position\":1,\"name\":\"In\u00edcio\",\"item\":\"https:\\\/\\\/www.cuidardocorpo.com\\\/blog\\\/\"},{\"@type\":\"ListItem\",\"position\":2,\"name\":\"Mulher Testa Rela\u00e7\u00e3o do Botox com Fim de Depress\u00e3o\"}]},{\"@type\":\"WebSite\",\"@id\":\"https:\\\/\\\/www.cuidardocorpo.com\\\/blog\\\/#website\",\"url\":\"https:\\\/\\\/www.cuidardocorpo.com\\\/blog\\\/\",\"name\":\"Cuidar do Corpo\",\"description\":\"Leia os nossos artigos e fique a saber tudo o que precisa para Cuidar do seu Corpo. Sa\u00fade e Bem-estar com informa\u00e7\u00f5es especializadas.\",\"publisher\":{\"@id\":\"https:\\\/\\\/www.cuidardocorpo.com\\\/blog\\\/#organization\"},\"alternateName\":\"Cuidar do Corpo\",\"potentialAction\":[{\"@type\":\"SearchAction\",\"target\":{\"@type\":\"EntryPoint\",\"urlTemplate\":\"https:\\\/\\\/www.cuidardocorpo.com\\\/blog\\\/?s={search_term_string}\"},\"query-input\":{\"@type\":\"PropertyValueSpecification\",\"valueRequired\":true,\"valueName\":\"search_term_string\"}}],\"inLanguage\":\"pt-PT\"},{\"@type\":\"Organization\",\"@id\":\"https:\\\/\\\/www.cuidardocorpo.com\\\/blog\\\/#organization\",\"name\":\"Cuidar do Corpo\",\"alternateName\":\"Cuidar do Corpo\",\"url\":\"https:\\\/\\\/www.cuidardocorpo.com\\\/blog\\\/\",\"logo\":{\"@type\":\"ImageObject\",\"inLanguage\":\"pt-PT\",\"@id\":\"https:\\\/\\\/www.cuidardocorpo.com\\\/blog\\\/#\\\/schema\\\/logo\\\/image\\\/\",\"url\":\"https:\\\/\\\/www.cuidardocorpo.com\\\/blog\\\/wp-content\\\/uploads\\\/cropped-logo_cuidar_do_corpo.png\",\"contentUrl\":\"https:\\\/\\\/www.cuidardocorpo.com\\\/blog\\\/wp-content\\\/uploads\\\/cropped-logo_cuidar_do_corpo.png\",\"width\":1140,\"height\":335,\"caption\":\"Cuidar do Corpo\"},\"image\":{\"@id\":\"https:\\\/\\\/www.cuidardocorpo.com\\\/blog\\\/#\\\/schema\\\/logo\\\/image\\\/\"}},{\"@type\":\"Person\",\"@id\":\"https:\\\/\\\/www.cuidardocorpo.com\\\/blog\\\/#\\\/schema\\\/person\\\/d2c055cea0267b42ab2c0d74914a7b12\",\"name\":\"Marco\",\"image\":{\"@type\":\"ImageObject\",\"inLanguage\":\"pt-PT\",\"@id\":\"https:\\\/\\\/secure.gravatar.com\\\/avatar\\\/6eff957f7ec206f79281c928bca80cc100814bcee319033240faf1a320a41208?s=96&d=mm&r=g\",\"url\":\"https:\\\/\\\/secure.gravatar.com\\\/avatar\\\/6eff957f7ec206f79281c928bca80cc100814bcee319033240faf1a320a41208?s=96&d=mm&r=g\",\"contentUrl\":\"https:\\\/\\\/secure.gravatar.com\\\/avatar\\\/6eff957f7ec206f79281c928bca80cc100814bcee319033240faf1a320a41208?s=96&d=mm&r=g\",\"caption\":\"Marco\"},\"description\":\"P\u00f3s-graduado em Ci\u00eancias da Educa\u00e7\u00e3o, actualmente a trabalhar no grau de doutor, \u00e9 blogger liter\u00e1rio, cr\u00edtico musical e fot\u00f3grafo por paix\u00e3o, com um j\u00e1 extenso portef\u00f3lio de fotografia de eventos.\",\"sameAs\":[\"https:\\\/\\\/www.facebook.com\\\/#!\\\/marco.rhl\"],\"url\":\"https:\\\/\\\/www.cuidardocorpo.com\\\/blog\\\/author\\\/marco\\\/\"}]}<\/script>\n<!-- \/ Yoast SEO plugin. -->","yoast_head_json":{"title":"Mulher Testa Rela\u00e7\u00e3o do Botox com Fim de Depress\u00e3o","description":"Uma mulher Norte-Americana decidiu injectar-se com Botox para replicar os resultados de um estudo recente que relaciona o Botox com melhoria na depress\u00e3o.","robots":{"index":"index","follow":"follow","max-snippet":"max-snippet:-1","max-image-preview":"max-image-preview:large","max-video-preview":"max-video-preview:-1"},"canonical":"https:\/\/www.cuidardocorpo.com\/blog\/mulher-testa-relacao-do-botox-com-fim-de-depressao-568\/","twitter_misc":{"Escrito por":"Marco","Tempo estimado de leitura":"4 minutos"},"schema":{"@context":"https:\/\/schema.org","@graph":[{"@type":"Article","@id":"https:\/\/www.cuidardocorpo.com\/blog\/mulher-testa-relacao-do-botox-com-fim-de-depressao-568\/#article","isPartOf":{"@id":"https:\/\/www.cuidardocorpo.com\/blog\/mulher-testa-relacao-do-botox-com-fim-de-depressao-568\/"},"author":{"name":"Marco","@id":"https:\/\/www.cuidardocorpo.com\/blog\/#\/schema\/person\/d2c055cea0267b42ab2c0d74914a7b12"},"headline":"Mulher Testa Rela\u00e7\u00e3o do Botox com Fim de Depress\u00e3o","datePublished":"2015-08-26T10:05:03+00:00","dateModified":"2015-10-22T10:14:56+00:00","mainEntityOfPage":{"@id":"https:\/\/www.cuidardocorpo.com\/blog\/mulher-testa-relacao-do-botox-com-fim-de-depressao-568\/"},"wordCount":863,"commentCount":0,"publisher":{"@id":"https:\/\/www.cuidardocorpo.com\/blog\/#organization"},"image":{"@id":"https:\/\/www.cuidardocorpo.com\/blog\/mulher-testa-relacao-do-botox-com-fim-de-depressao-568\/#primaryimage"},"thumbnailUrl":"https:\/\/www.cuidardocorpo.com\/blog\/wp-content\/uploads\/bem_estar_mulher_confortto.jpg","keywords":["couperose","cura do herpes labial","excesso de peso","exerc\u00edcio f\u00edsico localizado","gordura localizada","Herpes labial","Les\u00f5es Vasculares","lipoaspira\u00e7\u00e3o","obesidade","peeling fenol","peeling m\u00e9dio","peeling profundo","peeling qu\u00edmico","peeling superficial","rejuvenescimento facial","Rugas na Testa","Sinais","sintomas do herpes labial","v\u00edrus do herpes","zovirax"],"articleSection":["Botox"],"inLanguage":"pt-PT","potentialAction":[{"@type":"CommentAction","name":"Comment","target":["https:\/\/www.cuidardocorpo.com\/blog\/mulher-testa-relacao-do-botox-com-fim-de-depressao-568\/#respond"]}]},{"@type":"WebPage","@id":"https:\/\/www.cuidardocorpo.com\/blog\/mulher-testa-relacao-do-botox-com-fim-de-depressao-568\/","url":"https:\/\/www.cuidardocorpo.com\/blog\/mulher-testa-relacao-do-botox-com-fim-de-depressao-568\/","name":"Mulher Testa Rela\u00e7\u00e3o do Botox com Fim de Depress\u00e3o","isPartOf":{"@id":"https:\/\/www.cuidardocorpo.com\/blog\/#website"},"primaryImageOfPage":{"@id":"https:\/\/www.cuidardocorpo.com\/blog\/mulher-testa-relacao-do-botox-com-fim-de-depressao-568\/#primaryimage"},"image":{"@id":"https:\/\/www.cuidardocorpo.com\/blog\/mulher-testa-relacao-do-botox-com-fim-de-depressao-568\/#primaryimage"},"thumbnailUrl":"https:\/\/www.cuidardocorpo.com\/blog\/wp-content\/uploads\/bem_estar_mulher_confortto.jpg","datePublished":"2015-08-26T10:05:03+00:00","dateModified":"2015-10-22T10:14:56+00:00","description":"Uma mulher Norte-Americana decidiu injectar-se com Botox para replicar os resultados de um estudo recente que relaciona o Botox com melhoria na depress\u00e3o.","breadcrumb":{"@id":"https:\/\/www.cuidardocorpo.com\/blog\/mulher-testa-relacao-do-botox-com-fim-de-depressao-568\/#breadcrumb"},"inLanguage":"pt-PT","potentialAction":[{"@type":"ReadAction","target":["https:\/\/www.cuidardocorpo.com\/blog\/mulher-testa-relacao-do-botox-com-fim-de-depressao-568\/"]}]},{"@type":"ImageObject","inLanguage":"pt-PT","@id":"https:\/\/www.cuidardocorpo.com\/blog\/mulher-testa-relacao-do-botox-com-fim-de-depressao-568\/#primaryimage","url":"https:\/\/www.cuidardocorpo.com\/blog\/wp-content\/uploads\/bem_estar_mulher_confortto.jpg","contentUrl":"https:\/\/www.cuidardocorpo.com\/blog\/wp-content\/uploads\/bem_estar_mulher_confortto.jpg","width":600,"height":315,"caption":"bem estar com botox"},{"@type":"BreadcrumbList","@id":"https:\/\/www.cuidardocorpo.com\/blog\/mulher-testa-relacao-do-botox-com-fim-de-depressao-568\/#breadcrumb","itemListElement":[{"@type":"ListItem","position":1,"name":"In\u00edcio","item":"https:\/\/www.cuidardocorpo.com\/blog\/"},{"@type":"ListItem","position":2,"name":"Mulher Testa Rela\u00e7\u00e3o do Botox com Fim de Depress\u00e3o"}]},{"@type":"WebSite","@id":"https:\/\/www.cuidardocorpo.com\/blog\/#website","url":"https:\/\/www.cuidardocorpo.com\/blog\/","name":"Cuidar do Corpo","description":"Leia os nossos artigos e fique a saber tudo o que precisa para Cuidar do seu Corpo. Sa\u00fade e Bem-estar com informa\u00e7\u00f5es especializadas.","publisher":{"@id":"https:\/\/www.cuidardocorpo.com\/blog\/#organization"},"alternateName":"Cuidar do Corpo","potentialAction":[{"@type":"SearchAction","target":{"@type":"EntryPoint","urlTemplate":"https:\/\/www.cuidardocorpo.com\/blog\/?s={search_term_string}"},"query-input":{"@type":"PropertyValueSpecification","valueRequired":true,"valueName":"search_term_string"}}],"inLanguage":"pt-PT"},{"@type":"Organization","@id":"https:\/\/www.cuidardocorpo.com\/blog\/#organization","name":"Cuidar do Corpo","alternateName":"Cuidar do Corpo","url":"https:\/\/www.cuidardocorpo.com\/blog\/","logo":{"@type":"ImageObject","inLanguage":"pt-PT","@id":"https:\/\/www.cuidardocorpo.com\/blog\/#\/schema\/logo\/image\/","url":"https:\/\/www.cuidardocorpo.com\/blog\/wp-content\/uploads\/cropped-logo_cuidar_do_corpo.png","contentUrl":"https:\/\/www.cuidardocorpo.com\/blog\/wp-content\/uploads\/cropped-logo_cuidar_do_corpo.png","width":1140,"height":335,"caption":"Cuidar do Corpo"},"image":{"@id":"https:\/\/www.cuidardocorpo.com\/blog\/#\/schema\/logo\/image\/"}},{"@type":"Person","@id":"https:\/\/www.cuidardocorpo.com\/blog\/#\/schema\/person\/d2c055cea0267b42ab2c0d74914a7b12","name":"Marco","image":{"@type":"ImageObject","inLanguage":"pt-PT","@id":"https:\/\/secure.gravatar.com\/avatar\/6eff957f7ec206f79281c928bca80cc100814bcee319033240faf1a320a41208?s=96&d=mm&r=g","url":"https:\/\/secure.gravatar.com\/avatar\/6eff957f7ec206f79281c928bca80cc100814bcee319033240faf1a320a41208?s=96&d=mm&r=g","contentUrl":"https:\/\/secure.gravatar.com\/avatar\/6eff957f7ec206f79281c928bca80cc100814bcee319033240faf1a320a41208?s=96&d=mm&r=g","caption":"Marco"},"description":"P\u00f3s-graduado em Ci\u00eancias da Educa\u00e7\u00e3o, actualmente a trabalhar no grau de doutor, \u00e9 blogger liter\u00e1rio, cr\u00edtico musical e fot\u00f3grafo por paix\u00e3o, com um j\u00e1 extenso portef\u00f3lio de fotografia de eventos.","sameAs":["https:\/\/www.facebook.com\/#!\/marco.rhl"],"url":"https:\/\/www.cuidardocorpo.com\/blog\/author\/marco\/"}]}},"amp_enabled":true,"_links":{"self":[{"href":"https:\/\/www.cuidardocorpo.com\/blog\/wp-json\/wp\/v2\/posts\/568","targetHints":{"allow":["GET"]}}],"collection":[{"href":"https:\/\/www.cuidardocorpo.com\/blog\/wp-json\/wp\/v2\/posts"}],"about":[{"href":"https:\/\/www.cuidardocorpo.com\/blog\/wp-json\/wp\/v2\/types\/post"}],"author":[{"embeddable":true,"href":"https:\/\/www.cuidardocorpo.com\/blog\/wp-json\/wp\/v2\/users\/30"}],"replies":[{"embeddable":true,"href":"https:\/\/www.cuidardocorpo.com\/blog\/wp-json\/wp\/v2\/comments?post=568"}],"version-history":[{"count":4,"href":"https:\/\/www.cuidardocorpo.com\/blog\/wp-json\/wp\/v2\/posts\/568\/revisions"}],"predecessor-version":[{"id":1249,"href":"https:\/\/www.cuidardocorpo.com\/blog\/wp-json\/wp\/v2\/posts\/568\/revisions\/1249"}],"wp:featuredmedia":[{"embeddable":true,"href":"https:\/\/www.cuidardocorpo.com\/blog\/wp-json\/wp\/v2\/media\/1247"}],"wp:attachment":[{"href":"https:\/\/www.cuidardocorpo.com\/blog\/wp-json\/wp\/v2\/media?parent=568"}],"wp:term":[{"taxonomy":"category","embeddable":true,"href":"https:\/\/www.cuidardocorpo.com\/blog\/wp-json\/wp\/v2\/categories?post=568"},{"taxonomy":"post_tag","embeddable":true,"href":"https:\/\/www.cuidardocorpo.com\/blog\/wp-json\/wp\/v2\/tags?post=568"}],"curies":[{"name":"wp","href":"https:\/\/api.w.org\/{rel}","templated":true}]}}