{"id":79,"date":"2018-11-09T13:11:54","date_gmt":"2013-10-14T14:42:57","guid":{"rendered":"http:\/\/www.cuidardocorpo.com\/blog?p=79"},"modified":"2024-10-03T17:42:27","modified_gmt":"2024-10-03T16:42:27","slug":"as-maos-tambem-tem-direito-a-sua-atencao","status":"publish","type":"post","link":"https:\/\/www.cuidardocorpo.com\/blog\/as-maos-tambem-tem-direito-a-sua-atencao\/","title":{"rendered":"As m\u00e3os tamb\u00e9m t\u00eam direito \u00e0 sua aten\u00e7\u00e3o!"},"content":{"rendered":"<p>As m\u00e3os, tal como a face, s\u00e3o zonas expostas do corpo e, por isso, est\u00e3o sob a influ\u00eancia de muitos fatores agressivos.<\/p>\n<p>O seu envelhecimento \u00e9 inevit\u00e1vel e em certas profiss\u00f5es \u00e9 muito marcado. As m\u00e3os podem, efetivamente, \u00abcontar a hist\u00f3ria de uma vida\u00bb!<\/p>\n<p>Existem diferentes t\u00e9cnicas para <a href=\"https:\/\/www.clinicamilenio.com\/pt\/estetica\" target=\"_blank\" rel=\"noopener noreferrer\">rejuvenescer as m\u00e3os e com bastante sucesso.<\/a><\/p>\n<p>Por\u00e9m, para otimizar os resultados, deve sempre procurar um especialista. O\u00a0m\u00e9dico deve conhecer ao detalhe as particularidades anat\u00f3micas e fisiol\u00f3gicas desta parte do corpo.<\/p>\n<h2>Como se manifesta o envelhecimento das m\u00e3os<\/h2><!-- Dentro do texto --><ins class=\"adsbygoogle\"  style=\"display:inline-block;width:336px;height:280px\"     data-ad-client=\"ca-pub-6281798432166415\"    data-ad-slot=\"5069359289\"><\/ins>\n<p>\u00c0 medida que o tempo passa, o tecido adiposo de suporte das m\u00e3os vai desaparecendo, pelo que pode surgir um aspeto &#8220;emagrecido&#8221;, caracterizado por tend\u00f5es, veias e articula\u00e7\u00f5es salientes.<\/p>\n<p>Simultaneamente, a desidrata\u00e7\u00e3o da pele pode originar rugas, dando \u00e0s m\u00e3os uma apar\u00eancia seca e \u00e1spera.<\/p>\n<p>Nalguns casos, podem coexistir altera\u00e7\u00f5es pigmentares que consistem em manchas escuras ou mesmo les\u00f5es pr\u00e9-cancerosas.<\/p>\n<p>\u00c9 necess\u00e1rio, pois, fazer um bom diagn\u00f3stico.<\/p>\n<p><a href=\"http:\/\/www.cuidardocorpo.com\/blog\/wp-content\/uploads\/m\u00e3os.jpg\"><img loading=\"lazy\" decoding=\"async\" class=\"aligncenter size-full wp-image-1481\" src=\"http:\/\/www.cuidardocorpo.com\/blog\/wp-content\/uploads\/m\u00e3os.jpg\" alt=\"m\u00e3os\" width=\"600\" height=\"315\" srcset=\"https:\/\/www.cuidardocorpo.com\/blog\/wp-content\/uploads\/m\u00e3os.jpg 600w, https:\/\/www.cuidardocorpo.com\/blog\/wp-content\/uploads\/m\u00e3os-300x158.jpg 300w, https:\/\/www.cuidardocorpo.com\/blog\/wp-content\/uploads\/m\u00e3os-100x53.jpg 100w\" sizes=\"auto, (max-width: 600px) 100vw, 600px\" \/><\/a><\/p>\n<h2>Tratamentos para devolver beleza \u00e0s suas m\u00e3os<\/h2>\n<p>Na Cl\u00ednica Mil\u00e9nio, somos muito adeptos dos \u00ab<strong>preenchimentos<\/strong>\u00bb, que consistem na aplica\u00e7\u00e3o de gordura da pr\u00f3pria pessoa para restaurar o volume perdido e melhorar a qualidade da pele.<\/p>\n<p>Se predominam rugas finas e manchas, <a href=\"http:\/\/www.clinicamilenio.com\/pt\/peeling-universal\" target=\"_blank\" rel=\"nofollow noopener noreferrer\">os nossos peelings<\/a> s\u00e3o os tratamentos de elei\u00e7\u00e3o.<\/p>\n<p>Para a pele desidratada, aplicamos vitaminas, antioxidantes e fatores de crescimento derivados do pr\u00f3prio plasma do paciente.<\/p>\n<p>Muitas vezes combinamos tratamentos, sempre de forma adaptada ao grau de envelhecimento da m\u00e3o.<\/p>\n<p>Os agentes locais em creme (cosmec\u00eauticos), a microdermoabras\u00e3o e a carboxiterapia complementam todos os procedimentos referidos.<\/p>\n<h2>Reverta os efeitos do envelhecimento nesta zona do corpo<\/h2>\n<p>Embora frequentemente esquecidas, a import\u00e2ncia de umas m\u00e3os bonitas est\u00e1, atualmente, bem interiorizada pelas pessoas.<\/p>\n<p>De tal forma que, de ano para ano, temos vindo a aumentar a realiza\u00e7\u00e3o de procedimentos de rejuvenescimento.<\/p>\n<p>Na <a href=\"http:\/\/www.clinicamilenio.com\/pt\/\" target=\"_blank\" rel=\"nofollow noopener noreferrer\">Cl\u00ednica Mil\u00e9nio,<\/a> fomos pioneiros em algumas t\u00e9cnicas e temos participado em v\u00e1rios estudos internacionais nesta mat\u00e9ria. Os nossos m\u00e9todos s\u00e3o seguros e confort\u00e1veis e permitem que os pacientes retomem a sua vida quotidiana de forma r\u00e1pida.<\/p>\n<p>Hoje em dia j\u00e1 n\u00e3o h\u00e1 motivos para que as m\u00e3os estejam esquecidas e escondidas dentro dos bolsos. Fazem parte do corpo e merecem ser bem cuidadas!<\/p>\n<p>Visite o <a href=\"https:\/\/www.clinicamilenio.com\/pt\/\" target=\"_blank\" rel=\"noopener noreferrer\">site da Cl\u00ednica Mil\u00e9nio<\/a> e descubra como podemos ajudar.<\/p>\n","protected":false},"excerpt":{"rendered":"<p>As m\u00e3os, tal como a face, s\u00e3o zonas expostas do corpo e, por isso, est\u00e3o sob a influ\u00eancia de muitos fatores agressivos. O seu envelhecimento \u00e9 inevit\u00e1vel e em certas profiss\u00f5es \u00e9 muito marcado. As m\u00e3os podem, efetivamente, \u00abcontar a hist\u00f3ria de uma vida\u00bb! Existem diferentes t\u00e9cnicas para rejuvenescer as m\u00e3os e com bastante sucesso. [&hellip;]<\/p>\n","protected":false},"author":17,"featured_media":1481,"comment_status":"closed","ping_status":"open","sticky":false,"template":"","format":"standard","meta":{"_genesis_hide_title":false,"_genesis_hide_breadcrumbs":false,"_genesis_hide_singular_image":false,"_genesis_hide_footer_widgets":false,"_genesis_custom_body_class":"","_genesis_custom_post_class":"","_genesis_layout":"","ngg_post_thumbnail":0,"footnotes":""},"categories":[663],"tags":[113,114,62,25,139,112,124,125,123,13,122],"class_list":{"0":"post-79","1":"post","2":"type-post","3":"status-publish","4":"format-standard","5":"has-post-thumbnail","7":"category-truques-de-beleza","8":"tag-excesso-de-peso","9":"tag-exercicio-fisico-localizado","10":"tag-gordura-localizada","11":"tag-lipoaspiracao","12":"tag-maos","13":"tag-obesidade","14":"tag-peeling-fenol","15":"tag-peeling-medio","16":"tag-peeling-profundo","17":"tag-peeling-quimico","18":"tag-peeling-superficial","19":"entry"},"yoast_head":"<!-- This site is optimized with the Yoast SEO plugin v27.5 - https:\/\/yoast.com\/product\/yoast-seo-wordpress\/ -->\n<title>Descubra os tratamentos mais eficazes para as m\u00e3os<\/title>\n<meta name=\"description\" content=\"As suas m\u00e3os est\u00e3o desidratadas, com aspeto envelhecido e t\u00eam manchas? Descubra os tratamentos mais eficazes que devolvem beleza a esta parte do corpo\" \/>\n<meta name=\"robots\" content=\"index, follow, max-snippet:-1, max-image-preview:large, max-video-preview:-1\" \/>\n<link rel=\"canonical\" href=\"https:\/\/www.cuidardocorpo.com\/blog\/as-maos-tambem-tem-direito-a-sua-atencao\/\" \/>\n<meta name=\"twitter:label1\" content=\"Escrito por\" \/>\n\t<meta name=\"twitter:data1\" content=\"Dr. Vitor Figueiredo\" \/>\n\t<meta name=\"twitter:label2\" content=\"Tempo estimado de leitura\" \/>\n\t<meta name=\"twitter:data2\" content=\"3 minutos\" \/>\n<script type=\"application\/ld+json\" class=\"yoast-schema-graph\">{\"@context\":\"https:\\\/\\\/schema.org\",\"@graph\":[{\"@type\":\"Article\",\"@id\":\"https:\\\/\\\/www.cuidardocorpo.com\\\/blog\\\/as-maos-tambem-tem-direito-a-sua-atencao\\\/#article\",\"isPartOf\":{\"@id\":\"https:\\\/\\\/www.cuidardocorpo.com\\\/blog\\\/as-maos-tambem-tem-direito-a-sua-atencao\\\/\"},\"author\":{\"name\":\"Dr. Vitor Figueiredo\",\"@id\":\"https:\\\/\\\/www.cuidardocorpo.com\\\/blog\\\/#\\\/schema\\\/person\\\/d344d458091e92c674e17482d140333d\"},\"headline\":\"As m\u00e3os tamb\u00e9m t\u00eam direito \u00e0 sua aten\u00e7\u00e3o!\",\"datePublished\":\"2013-10-14T14:42:57+00:00\",\"dateModified\":\"2024-10-03T16:42:27+00:00\",\"mainEntityOfPage\":{\"@id\":\"https:\\\/\\\/www.cuidardocorpo.com\\\/blog\\\/as-maos-tambem-tem-direito-a-sua-atencao\\\/\"},\"wordCount\":427,\"publisher\":{\"@id\":\"https:\\\/\\\/www.cuidardocorpo.com\\\/blog\\\/#organization\"},\"image\":{\"@id\":\"https:\\\/\\\/www.cuidardocorpo.com\\\/blog\\\/as-maos-tambem-tem-direito-a-sua-atencao\\\/#primaryimage\"},\"thumbnailUrl\":\"https:\\\/\\\/www.cuidardocorpo.com\\\/blog\\\/wp-content\\\/uploads\\\/m\u00e3os.jpg\",\"keywords\":[\"excesso de peso\",\"exerc\u00edcio f\u00edsico localizado\",\"gordura localizada\",\"lipoaspira\u00e7\u00e3o\",\"m\u00e3os\",\"obesidade\",\"peeling fenol\",\"peeling m\u00e9dio\",\"peeling profundo\",\"peeling qu\u00edmico\",\"peeling superficial\"],\"articleSection\":[\"Truques de Beleza\"],\"inLanguage\":\"pt-PT\"},{\"@type\":\"WebPage\",\"@id\":\"https:\\\/\\\/www.cuidardocorpo.com\\\/blog\\\/as-maos-tambem-tem-direito-a-sua-atencao\\\/\",\"url\":\"https:\\\/\\\/www.cuidardocorpo.com\\\/blog\\\/as-maos-tambem-tem-direito-a-sua-atencao\\\/\",\"name\":\"Descubra os tratamentos mais eficazes para as m\u00e3os\",\"isPartOf\":{\"@id\":\"https:\\\/\\\/www.cuidardocorpo.com\\\/blog\\\/#website\"},\"primaryImageOfPage\":{\"@id\":\"https:\\\/\\\/www.cuidardocorpo.com\\\/blog\\\/as-maos-tambem-tem-direito-a-sua-atencao\\\/#primaryimage\"},\"image\":{\"@id\":\"https:\\\/\\\/www.cuidardocorpo.com\\\/blog\\\/as-maos-tambem-tem-direito-a-sua-atencao\\\/#primaryimage\"},\"thumbnailUrl\":\"https:\\\/\\\/www.cuidardocorpo.com\\\/blog\\\/wp-content\\\/uploads\\\/m\u00e3os.jpg\",\"datePublished\":\"2013-10-14T14:42:57+00:00\",\"dateModified\":\"2024-10-03T16:42:27+00:00\",\"description\":\"As suas m\u00e3os est\u00e3o desidratadas, com aspeto envelhecido e t\u00eam manchas? Descubra os tratamentos mais eficazes que devolvem beleza a esta parte do corpo\",\"breadcrumb\":{\"@id\":\"https:\\\/\\\/www.cuidardocorpo.com\\\/blog\\\/as-maos-tambem-tem-direito-a-sua-atencao\\\/#breadcrumb\"},\"inLanguage\":\"pt-PT\",\"potentialAction\":[{\"@type\":\"ReadAction\",\"target\":[\"https:\\\/\\\/www.cuidardocorpo.com\\\/blog\\\/as-maos-tambem-tem-direito-a-sua-atencao\\\/\"]}]},{\"@type\":\"ImageObject\",\"inLanguage\":\"pt-PT\",\"@id\":\"https:\\\/\\\/www.cuidardocorpo.com\\\/blog\\\/as-maos-tambem-tem-direito-a-sua-atencao\\\/#primaryimage\",\"url\":\"https:\\\/\\\/www.cuidardocorpo.com\\\/blog\\\/wp-content\\\/uploads\\\/m\u00e3os.jpg\",\"contentUrl\":\"https:\\\/\\\/www.cuidardocorpo.com\\\/blog\\\/wp-content\\\/uploads\\\/m\u00e3os.jpg\",\"width\":600,\"height\":315,\"caption\":\"m\u00e3os\"},{\"@type\":\"BreadcrumbList\",\"@id\":\"https:\\\/\\\/www.cuidardocorpo.com\\\/blog\\\/as-maos-tambem-tem-direito-a-sua-atencao\\\/#breadcrumb\",\"itemListElement\":[{\"@type\":\"ListItem\",\"position\":1,\"name\":\"In\u00edcio\",\"item\":\"https:\\\/\\\/www.cuidardocorpo.com\\\/blog\\\/\"},{\"@type\":\"ListItem\",\"position\":2,\"name\":\"As m\u00e3os tamb\u00e9m t\u00eam direito \u00e0 sua aten\u00e7\u00e3o!\"}]},{\"@type\":\"WebSite\",\"@id\":\"https:\\\/\\\/www.cuidardocorpo.com\\\/blog\\\/#website\",\"url\":\"https:\\\/\\\/www.cuidardocorpo.com\\\/blog\\\/\",\"name\":\"Cuidar do Corpo\",\"description\":\"Leia os nossos artigos e fique a saber tudo o que precisa para Cuidar do seu Corpo. Sa\u00fade e Bem-estar com informa\u00e7\u00f5es especializadas.\",\"publisher\":{\"@id\":\"https:\\\/\\\/www.cuidardocorpo.com\\\/blog\\\/#organization\"},\"alternateName\":\"Cuidar do Corpo\",\"potentialAction\":[{\"@type\":\"SearchAction\",\"target\":{\"@type\":\"EntryPoint\",\"urlTemplate\":\"https:\\\/\\\/www.cuidardocorpo.com\\\/blog\\\/?s={search_term_string}\"},\"query-input\":{\"@type\":\"PropertyValueSpecification\",\"valueRequired\":true,\"valueName\":\"search_term_string\"}}],\"inLanguage\":\"pt-PT\"},{\"@type\":\"Organization\",\"@id\":\"https:\\\/\\\/www.cuidardocorpo.com\\\/blog\\\/#organization\",\"name\":\"Cuidar do Corpo\",\"alternateName\":\"Cuidar do Corpo\",\"url\":\"https:\\\/\\\/www.cuidardocorpo.com\\\/blog\\\/\",\"logo\":{\"@type\":\"ImageObject\",\"inLanguage\":\"pt-PT\",\"@id\":\"https:\\\/\\\/www.cuidardocorpo.com\\\/blog\\\/#\\\/schema\\\/logo\\\/image\\\/\",\"url\":\"https:\\\/\\\/www.cuidardocorpo.com\\\/blog\\\/wp-content\\\/uploads\\\/cropped-logo_cuidar_do_corpo.png\",\"contentUrl\":\"https:\\\/\\\/www.cuidardocorpo.com\\\/blog\\\/wp-content\\\/uploads\\\/cropped-logo_cuidar_do_corpo.png\",\"width\":1140,\"height\":335,\"caption\":\"Cuidar do Corpo\"},\"image\":{\"@id\":\"https:\\\/\\\/www.cuidardocorpo.com\\\/blog\\\/#\\\/schema\\\/logo\\\/image\\\/\"}},{\"@type\":\"Person\",\"@id\":\"https:\\\/\\\/www.cuidardocorpo.com\\\/blog\\\/#\\\/schema\\\/person\\\/d344d458091e92c674e17482d140333d\",\"name\":\"Dr. Vitor Figueiredo\",\"image\":{\"@type\":\"ImageObject\",\"inLanguage\":\"pt-PT\",\"@id\":\"https:\\\/\\\/secure.gravatar.com\\\/avatar\\\/29b645135e9d0e7c996b72c630ede6c6cf4d2de15da1be05c85033cbab12e49d?s=96&d=mm&r=g\",\"url\":\"https:\\\/\\\/secure.gravatar.com\\\/avatar\\\/29b645135e9d0e7c996b72c630ede6c6cf4d2de15da1be05c85033cbab12e49d?s=96&d=mm&r=g\",\"contentUrl\":\"https:\\\/\\\/secure.gravatar.com\\\/avatar\\\/29b645135e9d0e7c996b72c630ede6c6cf4d2de15da1be05c85033cbab12e49d?s=96&d=mm&r=g\",\"caption\":\"Dr. Vitor Figueiredo\"},\"description\":\"Licenciado em Medicina pela Universidade de Coimbra.Master em Medicina Anti-envelhecimento e Longevidade pela Universidade de Sevilha. Master em Medicina Est\u00e9tica pela Uni\u00e3o Internacional de Medicina Est\u00e9tica. P\u00f3s-gradua\u00e7\u00f5es internacionais em \u00e1reas espec\u00edficas da Medicina Est\u00e9tica. Membro de v\u00e1rias Organiza\u00e7\u00f5es Internacionais e do Advisory Board de v\u00e1rias Institui\u00e7\u00f5es da \u00e1rea da Medicina Est\u00e9tica.\",\"url\":\"https:\\\/\\\/www.cuidardocorpo.com\\\/blog\\\/author\\\/dr-vitor-figueiredo\\\/\"}]}<\/script>\n<!-- \/ Yoast SEO plugin. -->","yoast_head_json":{"title":"Descubra os tratamentos mais eficazes para as m\u00e3os","description":"As suas m\u00e3os est\u00e3o desidratadas, com aspeto envelhecido e t\u00eam manchas? Descubra os tratamentos mais eficazes que devolvem beleza a esta parte do corpo","robots":{"index":"index","follow":"follow","max-snippet":"max-snippet:-1","max-image-preview":"max-image-preview:large","max-video-preview":"max-video-preview:-1"},"canonical":"https:\/\/www.cuidardocorpo.com\/blog\/as-maos-tambem-tem-direito-a-sua-atencao\/","twitter_misc":{"Escrito por":"Dr. Vitor Figueiredo","Tempo estimado de leitura":"3 minutos"},"schema":{"@context":"https:\/\/schema.org","@graph":[{"@type":"Article","@id":"https:\/\/www.cuidardocorpo.com\/blog\/as-maos-tambem-tem-direito-a-sua-atencao\/#article","isPartOf":{"@id":"https:\/\/www.cuidardocorpo.com\/blog\/as-maos-tambem-tem-direito-a-sua-atencao\/"},"author":{"name":"Dr. Vitor Figueiredo","@id":"https:\/\/www.cuidardocorpo.com\/blog\/#\/schema\/person\/d344d458091e92c674e17482d140333d"},"headline":"As m\u00e3os tamb\u00e9m t\u00eam direito \u00e0 sua aten\u00e7\u00e3o!","datePublished":"2013-10-14T14:42:57+00:00","dateModified":"2024-10-03T16:42:27+00:00","mainEntityOfPage":{"@id":"https:\/\/www.cuidardocorpo.com\/blog\/as-maos-tambem-tem-direito-a-sua-atencao\/"},"wordCount":427,"publisher":{"@id":"https:\/\/www.cuidardocorpo.com\/blog\/#organization"},"image":{"@id":"https:\/\/www.cuidardocorpo.com\/blog\/as-maos-tambem-tem-direito-a-sua-atencao\/#primaryimage"},"thumbnailUrl":"https:\/\/www.cuidardocorpo.com\/blog\/wp-content\/uploads\/m\u00e3os.jpg","keywords":["excesso de peso","exerc\u00edcio f\u00edsico localizado","gordura localizada","lipoaspira\u00e7\u00e3o","m\u00e3os","obesidade","peeling fenol","peeling m\u00e9dio","peeling profundo","peeling qu\u00edmico","peeling superficial"],"articleSection":["Truques de Beleza"],"inLanguage":"pt-PT"},{"@type":"WebPage","@id":"https:\/\/www.cuidardocorpo.com\/blog\/as-maos-tambem-tem-direito-a-sua-atencao\/","url":"https:\/\/www.cuidardocorpo.com\/blog\/as-maos-tambem-tem-direito-a-sua-atencao\/","name":"Descubra os tratamentos mais eficazes para as m\u00e3os","isPartOf":{"@id":"https:\/\/www.cuidardocorpo.com\/blog\/#website"},"primaryImageOfPage":{"@id":"https:\/\/www.cuidardocorpo.com\/blog\/as-maos-tambem-tem-direito-a-sua-atencao\/#primaryimage"},"image":{"@id":"https:\/\/www.cuidardocorpo.com\/blog\/as-maos-tambem-tem-direito-a-sua-atencao\/#primaryimage"},"thumbnailUrl":"https:\/\/www.cuidardocorpo.com\/blog\/wp-content\/uploads\/m\u00e3os.jpg","datePublished":"2013-10-14T14:42:57+00:00","dateModified":"2024-10-03T16:42:27+00:00","description":"As suas m\u00e3os est\u00e3o desidratadas, com aspeto envelhecido e t\u00eam manchas? Descubra os tratamentos mais eficazes que devolvem beleza a esta parte do corpo","breadcrumb":{"@id":"https:\/\/www.cuidardocorpo.com\/blog\/as-maos-tambem-tem-direito-a-sua-atencao\/#breadcrumb"},"inLanguage":"pt-PT","potentialAction":[{"@type":"ReadAction","target":["https:\/\/www.cuidardocorpo.com\/blog\/as-maos-tambem-tem-direito-a-sua-atencao\/"]}]},{"@type":"ImageObject","inLanguage":"pt-PT","@id":"https:\/\/www.cuidardocorpo.com\/blog\/as-maos-tambem-tem-direito-a-sua-atencao\/#primaryimage","url":"https:\/\/www.cuidardocorpo.com\/blog\/wp-content\/uploads\/m\u00e3os.jpg","contentUrl":"https:\/\/www.cuidardocorpo.com\/blog\/wp-content\/uploads\/m\u00e3os.jpg","width":600,"height":315,"caption":"m\u00e3os"},{"@type":"BreadcrumbList","@id":"https:\/\/www.cuidardocorpo.com\/blog\/as-maos-tambem-tem-direito-a-sua-atencao\/#breadcrumb","itemListElement":[{"@type":"ListItem","position":1,"name":"In\u00edcio","item":"https:\/\/www.cuidardocorpo.com\/blog\/"},{"@type":"ListItem","position":2,"name":"As m\u00e3os tamb\u00e9m t\u00eam direito \u00e0 sua aten\u00e7\u00e3o!"}]},{"@type":"WebSite","@id":"https:\/\/www.cuidardocorpo.com\/blog\/#website","url":"https:\/\/www.cuidardocorpo.com\/blog\/","name":"Cuidar do Corpo","description":"Leia os nossos artigos e fique a saber tudo o que precisa para Cuidar do seu Corpo. Sa\u00fade e Bem-estar com informa\u00e7\u00f5es especializadas.","publisher":{"@id":"https:\/\/www.cuidardocorpo.com\/blog\/#organization"},"alternateName":"Cuidar do Corpo","potentialAction":[{"@type":"SearchAction","target":{"@type":"EntryPoint","urlTemplate":"https:\/\/www.cuidardocorpo.com\/blog\/?s={search_term_string}"},"query-input":{"@type":"PropertyValueSpecification","valueRequired":true,"valueName":"search_term_string"}}],"inLanguage":"pt-PT"},{"@type":"Organization","@id":"https:\/\/www.cuidardocorpo.com\/blog\/#organization","name":"Cuidar do Corpo","alternateName":"Cuidar do Corpo","url":"https:\/\/www.cuidardocorpo.com\/blog\/","logo":{"@type":"ImageObject","inLanguage":"pt-PT","@id":"https:\/\/www.cuidardocorpo.com\/blog\/#\/schema\/logo\/image\/","url":"https:\/\/www.cuidardocorpo.com\/blog\/wp-content\/uploads\/cropped-logo_cuidar_do_corpo.png","contentUrl":"https:\/\/www.cuidardocorpo.com\/blog\/wp-content\/uploads\/cropped-logo_cuidar_do_corpo.png","width":1140,"height":335,"caption":"Cuidar do Corpo"},"image":{"@id":"https:\/\/www.cuidardocorpo.com\/blog\/#\/schema\/logo\/image\/"}},{"@type":"Person","@id":"https:\/\/www.cuidardocorpo.com\/blog\/#\/schema\/person\/d344d458091e92c674e17482d140333d","name":"Dr. Vitor Figueiredo","image":{"@type":"ImageObject","inLanguage":"pt-PT","@id":"https:\/\/secure.gravatar.com\/avatar\/29b645135e9d0e7c996b72c630ede6c6cf4d2de15da1be05c85033cbab12e49d?s=96&d=mm&r=g","url":"https:\/\/secure.gravatar.com\/avatar\/29b645135e9d0e7c996b72c630ede6c6cf4d2de15da1be05c85033cbab12e49d?s=96&d=mm&r=g","contentUrl":"https:\/\/secure.gravatar.com\/avatar\/29b645135e9d0e7c996b72c630ede6c6cf4d2de15da1be05c85033cbab12e49d?s=96&d=mm&r=g","caption":"Dr. Vitor Figueiredo"},"description":"Licenciado em Medicina pela Universidade de Coimbra.Master em Medicina Anti-envelhecimento e Longevidade pela Universidade de Sevilha. Master em Medicina Est\u00e9tica pela Uni\u00e3o Internacional de Medicina Est\u00e9tica. P\u00f3s-gradua\u00e7\u00f5es internacionais em \u00e1reas espec\u00edficas da Medicina Est\u00e9tica. Membro de v\u00e1rias Organiza\u00e7\u00f5es Internacionais e do Advisory Board de v\u00e1rias Institui\u00e7\u00f5es da \u00e1rea da Medicina Est\u00e9tica.","url":"https:\/\/www.cuidardocorpo.com\/blog\/author\/dr-vitor-figueiredo\/"}]}},"amp_enabled":true,"_links":{"self":[{"href":"https:\/\/www.cuidardocorpo.com\/blog\/wp-json\/wp\/v2\/posts\/79","targetHints":{"allow":["GET"]}}],"collection":[{"href":"https:\/\/www.cuidardocorpo.com\/blog\/wp-json\/wp\/v2\/posts"}],"about":[{"href":"https:\/\/www.cuidardocorpo.com\/blog\/wp-json\/wp\/v2\/types\/post"}],"author":[{"embeddable":true,"href":"https:\/\/www.cuidardocorpo.com\/blog\/wp-json\/wp\/v2\/users\/17"}],"replies":[{"embeddable":true,"href":"https:\/\/www.cuidardocorpo.com\/blog\/wp-json\/wp\/v2\/comments?post=79"}],"version-history":[{"count":5,"href":"https:\/\/www.cuidardocorpo.com\/blog\/wp-json\/wp\/v2\/posts\/79\/revisions"}],"predecessor-version":[{"id":2590,"href":"https:\/\/www.cuidardocorpo.com\/blog\/wp-json\/wp\/v2\/posts\/79\/revisions\/2590"}],"wp:featuredmedia":[{"embeddable":true,"href":"https:\/\/www.cuidardocorpo.com\/blog\/wp-json\/wp\/v2\/media\/1481"}],"wp:attachment":[{"href":"https:\/\/www.cuidardocorpo.com\/blog\/wp-json\/wp\/v2\/media?parent=79"}],"wp:term":[{"taxonomy":"category","embeddable":true,"href":"https:\/\/www.cuidardocorpo.com\/blog\/wp-json\/wp\/v2\/categories?post=79"},{"taxonomy":"post_tag","embeddable":true,"href":"https:\/\/www.cuidardocorpo.com\/blog\/wp-json\/wp\/v2\/tags?post=79"}],"curies":[{"name":"wp","href":"https:\/\/api.w.org\/{rel}","templated":true}]}}