{"id":80,"date":"2018-12-10T14:12:13","date_gmt":"2013-10-14T15:09:53","guid":{"rendered":"http:\/\/www.cuidardocorpo.com\/blog?p=80"},"modified":"2019-11-25T12:31:17","modified_gmt":"2019-11-25T12:31:17","slug":"como-conviver-com-as-assimetrias-faciais","status":"publish","type":"post","link":"https:\/\/www.cuidardocorpo.com\/blog\/como-conviver-com-as-assimetrias-faciais\/","title":{"rendered":"Somos sim\u00e9tricos? Como conviver com a assimetria facial"},"content":{"rendered":"<p><span style=\"color: #000000;\">Se repararmos no nosso rosto, percebemos rapidamente que n\u00e3o somos sim\u00e9tricos. A <a href=\"https:\/\/www.clinicamilenio.com\/pt\/cirurgia-estetica\" target=\"_blank\" rel=\"noopener noreferrer\">assimetria facial<\/a> \u00e9 normal e natural.\u00a0<\/span><\/p>\n<p><span style=\"color: #000000;\">Pode haver uma sobrancelha mais alta, uma p\u00e1lpebra com mais pele, um lado da face com mais rugas, um l\u00e1bio com menos mucosa ou ainda um canto da boca &#8220;mais desca\u00eddo&#8221;. <\/span> <span style=\"color: #000000;\"><img loading=\"lazy\" decoding=\"async\" class=\"alignnone\" style=\"margin: 0px 0px 10px 10px; float: right;\" src=\"\/blog\/wp-content\/uploads\/2014\/10\/assimetrias.png\" alt=\"assimetria facial e envelhecimento\" width=\"297\" height=\"299\" \/><\/span><\/p>\n<p><span style=\"color: #000000;\">A pr\u00f3pria estrutura \u00f3ssea e dent\u00e1ria que sustenta os tecidos (os alicerces) e que determinam a forma do rosto, n\u00e3o \u00e9 absolutamente igual nos dois lados da cara.<\/span><\/p>\n<p><span style=\"color: #000000;\">Somos assim\u00e9tricos tamb\u00e9m quando nos expressamos, pois h\u00e1 sempre um lado da face que \u00e9 mais din\u00e2mico (mais forte) do que outro. <\/span><\/p>\n<p><span style=\"color: #000000;\">H<\/span><span style=\"color: #000000;\">\u00e1 quem levante mais uma sobrancelha, quem mexa mais um lado da face ou ainda quem \u00abpuxe\u00bb mais um dos cantos da boca.<\/span><\/p>\n<h2>A rela\u00e7\u00e3o entre a assimetria facial e o envelhecimento<\/h2><!-- Dentro do texto --><ins class=\"adsbygoogle\"  style=\"display:inline-block;width:336px;height:280px\"     data-ad-client=\"ca-pub-6281798432166415\"    data-ad-slot=\"5069359289\"><\/ins>\n<p>Com o passar dos anos, a assimetria natural da face vai ficando mais evidente.<\/p>\n<p>O <a href=\"https:\/\/www.sciencedaily.com\/releases\/2018\/10\/181030134339.htm\" target=\"_blank\" rel=\"noopener noreferrer\">processo de envelhecimento<\/a> tamb\u00e9m n\u00e3o ajuda. Certas doen\u00e7as, eventos e h\u00e1bitos evidenciam a assimetria do rosto, tais como:<\/p>\n<ul>\n<li>Osteoporose;<\/li>\n<li>Perda de dentes;<\/li>\n<li>Acne, doen\u00e7as de pele ou musculares;<\/li>\n<li>Traumatismos;<\/li>\n<li>Cicatrizes;<\/li>\n<li>&#8220;Tiques&#8221;;<\/li>\n<li>Dormir e mastigar para um dos lados.<\/li>\n<\/ul>\n<h2>Assimetria do rosto \u00e9 sin\u00f3nimo de beleza?<\/h2>\n<p><span style=\"color: #000000;\">V\u00e1rios estudos apontam para que <a href=\"https:\/\/www.ncbi.nlm.nih.gov\/pmc\/articles\/PMC3130383\/\" target=\"_blank\" rel=\"noopener noreferrer\">rostos com discretas assimetrias naturais sejam reconhecidos como mais atraentes<\/a> e que, ao simetrizar-se uma face em computador, ela tende a agradar menos aos olhos do p\u00fablico em geral. <\/span><\/p>\n<p><span style=\"color: #000000;\">Uma cara completamente sim\u00e9trica aparenta ser menos natural e as pessoas n\u00e3o apreciam rostos tipo \u00abboneca de porcelana\u00bb. <\/span><\/p>\n<p><span style=\"color: #000000;\">Ainda assim, a grande maioria das fotografias dos <i>media<\/i> s\u00e3o \u00abretocadas\u00bb atrav\u00e9s de meios inform\u00e1ticos\u00bb que, curiosamente, tentam tornar as personagens absolutamente sim\u00e9tricas.<\/span><\/p>\n<h2>A Cirurgia est\u00e9tica corrige assimetrias faciais muito evidentes<\/h2>\n<p><a href=\"http:\/\/www.clinicamilenio.com\/pt\/cirurgia-estetica\" target=\"_blank\" rel=\"nofollow noopener noreferrer\">Na Cl\u00ednica Mil\u00e9nio, tentamos aliviar o mais poss\u00edvel as assimetrias<\/a>, para que os lados fiquem parecidos e o rosto mais harmonioso.<\/p>\n<p>Mas h\u00e1 limites para o que conseguimos &#8220;tornar igual&#8221;!<\/p>\n<p>\u00c9 curioso notar como os pacientes ficam mais atentos aos detalhes da face ap\u00f3s realizarem um tratamento est\u00e9tico, de tal modo que por vezes o espelho os surpreende com a revela\u00e7\u00e3o de algo que sempre existiu, mas de que nunca se tinham dado conta.<\/p>\n<p><span style=\"color: #000000;\">A simetria matem\u00e1tica do corpo humano, ilustrada no famoso desenho de Leonardo da Vinci de uma figura masculina simultaneamente em duas posi\u00e7\u00f5es sobrepostas com os bra\u00e7os inscritos num <a title=\"C\u00edrculo\" href=\"http:\/\/pt.wikipedia.org\/wiki\/C%C3%ADrculo\"><span style=\"color: #000000;\">c\u00edrculo<\/span><\/a> e num <a title=\"Quadrado\" href=\"http:\/\/pt.wikipedia.org\/wiki\/Quadrado\"><span style=\"color: #000000;\">quadrado<\/span><\/a>, n\u00e3o existe. <\/span><\/p>\n<p><span style=\"color: #000000;\">S\u00f3 se tiv\u00e9ssemos um lado \u00e9 que ele poderia ser igual ao outro!<\/span><\/p>\n<p>Se nota <span class=\"TextRun SCXW98703257 BCX0\" lang=\"PT-PT\" xml:lang=\"PT-PT\" data-contrast=\"auto\"><span class=\"NormalTextRun SCXW98703257 BCX0\">discrep\u00e2ncias<\/span><\/span>\u00a0muito evidentes, saiba que podem ser corrigidas. Marque uma consulta ou fale connosco.<\/p>\n<p>Os <a href=\"https:\/\/www.clinicamilenio.com\/pt\/\" target=\"_blank\" rel=\"noopener noreferrer\">profissionais especialistas da Cl\u00ednica Mil\u00e9nio<\/a> est\u00e3o ao seu dispor para responder a todas as d\u00favidas.<\/p>\n","protected":false},"excerpt":{"rendered":"<p>Se repararmos no nosso rosto, percebemos rapidamente que n\u00e3o somos sim\u00e9tricos. A assimetria facial \u00e9 normal e natural.\u00a0 Pode haver uma sobrancelha mais alta, uma p\u00e1lpebra com mais pele, um lado da face com mais rugas, um l\u00e1bio com menos mucosa ou ainda um canto da boca &#8220;mais desca\u00eddo&#8221;. A pr\u00f3pria estrutura \u00f3ssea e dent\u00e1ria [&hellip;]<\/p>\n","protected":false},"author":17,"featured_media":916,"comment_status":"closed","ping_status":"open","sticky":false,"template":"","format":"standard","meta":{"_genesis_hide_title":false,"_genesis_hide_breadcrumbs":false,"_genesis_hide_singular_image":false,"_genesis_hide_footer_widgets":false,"_genesis_custom_body_class":"","_genesis_custom_post_class":"","_genesis_layout":"","ngg_post_thumbnail":0,"footnotes":""},"categories":[1],"tags":[125,123,13,122,140],"class_list":{"0":"post-80","1":"post","2":"type-post","3":"status-publish","4":"format-standard","5":"has-post-thumbnail","7":"category-uncategorized","8":"tag-peeling-medio","9":"tag-peeling-profundo","10":"tag-peeling-quimico","11":"tag-peeling-superficial","12":"tag-rejuvenescimento","13":"entry"},"yoast_head":"<!-- This site is optimized with the Yoast SEO plugin v27.5 - https:\/\/yoast.com\/product\/yoast-seo-wordpress\/ -->\n<title>Somos sim\u00e9tricos? Como conviver com as assimetrias faciais<\/title>\n<meta name=\"description\" content=\"O rosto ligeiramente assim\u00e9trico \u00e9 visto como mais atraente. Mas o envelhecimento acentua a assimetria facial. Veja como a medicina est\u00e9tica pode ajudar\" \/>\n<meta name=\"robots\" content=\"index, follow, max-snippet:-1, max-image-preview:large, max-video-preview:-1\" \/>\n<link rel=\"canonical\" href=\"https:\/\/www.cuidardocorpo.com\/blog\/como-conviver-com-as-assimetrias-faciais\/\" \/>\n<meta name=\"twitter:label1\" content=\"Escrito por\" \/>\n\t<meta name=\"twitter:data1\" content=\"Dr. Vitor Figueiredo\" \/>\n\t<meta name=\"twitter:label2\" content=\"Tempo estimado de leitura\" \/>\n\t<meta name=\"twitter:data2\" content=\"2 minutos\" \/>\n<script type=\"application\/ld+json\" class=\"yoast-schema-graph\">{\"@context\":\"https:\\\/\\\/schema.org\",\"@graph\":[{\"@type\":\"Article\",\"@id\":\"https:\\\/\\\/www.cuidardocorpo.com\\\/blog\\\/como-conviver-com-as-assimetrias-faciais\\\/#article\",\"isPartOf\":{\"@id\":\"https:\\\/\\\/www.cuidardocorpo.com\\\/blog\\\/como-conviver-com-as-assimetrias-faciais\\\/\"},\"author\":{\"name\":\"Dr. Vitor Figueiredo\",\"@id\":\"https:\\\/\\\/www.cuidardocorpo.com\\\/blog\\\/#\\\/schema\\\/person\\\/d344d458091e92c674e17482d140333d\"},\"headline\":\"Somos sim\u00e9tricos? Como conviver com a assimetria facial\",\"datePublished\":\"2013-10-14T15:09:53+00:00\",\"dateModified\":\"2019-11-25T12:31:17+00:00\",\"mainEntityOfPage\":{\"@id\":\"https:\\\/\\\/www.cuidardocorpo.com\\\/blog\\\/como-conviver-com-as-assimetrias-faciais\\\/\"},\"wordCount\":474,\"publisher\":{\"@id\":\"https:\\\/\\\/www.cuidardocorpo.com\\\/blog\\\/#organization\"},\"image\":{\"@id\":\"https:\\\/\\\/www.cuidardocorpo.com\\\/blog\\\/como-conviver-com-as-assimetrias-faciais\\\/#primaryimage\"},\"thumbnailUrl\":\"https:\\\/\\\/www.cuidardocorpo.com\\\/blog\\\/wp-content\\\/uploads\\\/assimetrias.png\",\"keywords\":[\"peeling m\u00e9dio\",\"peeling profundo\",\"peeling qu\u00edmico\",\"peeling superficial\",\"rejuvenescimento\"],\"articleSection\":[\"Outros\"],\"inLanguage\":\"pt-PT\"},{\"@type\":\"WebPage\",\"@id\":\"https:\\\/\\\/www.cuidardocorpo.com\\\/blog\\\/como-conviver-com-as-assimetrias-faciais\\\/\",\"url\":\"https:\\\/\\\/www.cuidardocorpo.com\\\/blog\\\/como-conviver-com-as-assimetrias-faciais\\\/\",\"name\":\"Somos sim\u00e9tricos? Como conviver com as assimetrias faciais\",\"isPartOf\":{\"@id\":\"https:\\\/\\\/www.cuidardocorpo.com\\\/blog\\\/#website\"},\"primaryImageOfPage\":{\"@id\":\"https:\\\/\\\/www.cuidardocorpo.com\\\/blog\\\/como-conviver-com-as-assimetrias-faciais\\\/#primaryimage\"},\"image\":{\"@id\":\"https:\\\/\\\/www.cuidardocorpo.com\\\/blog\\\/como-conviver-com-as-assimetrias-faciais\\\/#primaryimage\"},\"thumbnailUrl\":\"https:\\\/\\\/www.cuidardocorpo.com\\\/blog\\\/wp-content\\\/uploads\\\/assimetrias.png\",\"datePublished\":\"2013-10-14T15:09:53+00:00\",\"dateModified\":\"2019-11-25T12:31:17+00:00\",\"description\":\"O rosto ligeiramente assim\u00e9trico \u00e9 visto como mais atraente. Mas o envelhecimento acentua a assimetria facial. Veja como a medicina est\u00e9tica pode ajudar\",\"breadcrumb\":{\"@id\":\"https:\\\/\\\/www.cuidardocorpo.com\\\/blog\\\/como-conviver-com-as-assimetrias-faciais\\\/#breadcrumb\"},\"inLanguage\":\"pt-PT\",\"potentialAction\":[{\"@type\":\"ReadAction\",\"target\":[\"https:\\\/\\\/www.cuidardocorpo.com\\\/blog\\\/como-conviver-com-as-assimetrias-faciais\\\/\"]}]},{\"@type\":\"ImageObject\",\"inLanguage\":\"pt-PT\",\"@id\":\"https:\\\/\\\/www.cuidardocorpo.com\\\/blog\\\/como-conviver-com-as-assimetrias-faciais\\\/#primaryimage\",\"url\":\"https:\\\/\\\/www.cuidardocorpo.com\\\/blog\\\/wp-content\\\/uploads\\\/assimetrias.png\",\"contentUrl\":\"https:\\\/\\\/www.cuidardocorpo.com\\\/blog\\\/wp-content\\\/uploads\\\/assimetrias.png\"},{\"@type\":\"BreadcrumbList\",\"@id\":\"https:\\\/\\\/www.cuidardocorpo.com\\\/blog\\\/como-conviver-com-as-assimetrias-faciais\\\/#breadcrumb\",\"itemListElement\":[{\"@type\":\"ListItem\",\"position\":1,\"name\":\"In\u00edcio\",\"item\":\"https:\\\/\\\/www.cuidardocorpo.com\\\/blog\\\/\"},{\"@type\":\"ListItem\",\"position\":2,\"name\":\"Somos sim\u00e9tricos? Como conviver com a assimetria facial\"}]},{\"@type\":\"WebSite\",\"@id\":\"https:\\\/\\\/www.cuidardocorpo.com\\\/blog\\\/#website\",\"url\":\"https:\\\/\\\/www.cuidardocorpo.com\\\/blog\\\/\",\"name\":\"Cuidar do Corpo\",\"description\":\"Leia os nossos artigos e fique a saber tudo o que precisa para Cuidar do seu Corpo. Sa\u00fade e Bem-estar com informa\u00e7\u00f5es especializadas.\",\"publisher\":{\"@id\":\"https:\\\/\\\/www.cuidardocorpo.com\\\/blog\\\/#organization\"},\"alternateName\":\"Cuidar do Corpo\",\"potentialAction\":[{\"@type\":\"SearchAction\",\"target\":{\"@type\":\"EntryPoint\",\"urlTemplate\":\"https:\\\/\\\/www.cuidardocorpo.com\\\/blog\\\/?s={search_term_string}\"},\"query-input\":{\"@type\":\"PropertyValueSpecification\",\"valueRequired\":true,\"valueName\":\"search_term_string\"}}],\"inLanguage\":\"pt-PT\"},{\"@type\":\"Organization\",\"@id\":\"https:\\\/\\\/www.cuidardocorpo.com\\\/blog\\\/#organization\",\"name\":\"Cuidar do Corpo\",\"alternateName\":\"Cuidar do Corpo\",\"url\":\"https:\\\/\\\/www.cuidardocorpo.com\\\/blog\\\/\",\"logo\":{\"@type\":\"ImageObject\",\"inLanguage\":\"pt-PT\",\"@id\":\"https:\\\/\\\/www.cuidardocorpo.com\\\/blog\\\/#\\\/schema\\\/logo\\\/image\\\/\",\"url\":\"https:\\\/\\\/www.cuidardocorpo.com\\\/blog\\\/wp-content\\\/uploads\\\/cropped-logo_cuidar_do_corpo.png\",\"contentUrl\":\"https:\\\/\\\/www.cuidardocorpo.com\\\/blog\\\/wp-content\\\/uploads\\\/cropped-logo_cuidar_do_corpo.png\",\"width\":1140,\"height\":335,\"caption\":\"Cuidar do Corpo\"},\"image\":{\"@id\":\"https:\\\/\\\/www.cuidardocorpo.com\\\/blog\\\/#\\\/schema\\\/logo\\\/image\\\/\"}},{\"@type\":\"Person\",\"@id\":\"https:\\\/\\\/www.cuidardocorpo.com\\\/blog\\\/#\\\/schema\\\/person\\\/d344d458091e92c674e17482d140333d\",\"name\":\"Dr. Vitor Figueiredo\",\"image\":{\"@type\":\"ImageObject\",\"inLanguage\":\"pt-PT\",\"@id\":\"https:\\\/\\\/secure.gravatar.com\\\/avatar\\\/29b645135e9d0e7c996b72c630ede6c6cf4d2de15da1be05c85033cbab12e49d?s=96&d=mm&r=g\",\"url\":\"https:\\\/\\\/secure.gravatar.com\\\/avatar\\\/29b645135e9d0e7c996b72c630ede6c6cf4d2de15da1be05c85033cbab12e49d?s=96&d=mm&r=g\",\"contentUrl\":\"https:\\\/\\\/secure.gravatar.com\\\/avatar\\\/29b645135e9d0e7c996b72c630ede6c6cf4d2de15da1be05c85033cbab12e49d?s=96&d=mm&r=g\",\"caption\":\"Dr. Vitor Figueiredo\"},\"description\":\"Licenciado em Medicina pela Universidade de Coimbra.Master em Medicina Anti-envelhecimento e Longevidade pela Universidade de Sevilha. Master em Medicina Est\u00e9tica pela Uni\u00e3o Internacional de Medicina Est\u00e9tica. P\u00f3s-gradua\u00e7\u00f5es internacionais em \u00e1reas espec\u00edficas da Medicina Est\u00e9tica. Membro de v\u00e1rias Organiza\u00e7\u00f5es Internacionais e do Advisory Board de v\u00e1rias Institui\u00e7\u00f5es da \u00e1rea da Medicina Est\u00e9tica.\",\"url\":\"https:\\\/\\\/www.cuidardocorpo.com\\\/blog\\\/author\\\/dr-vitor-figueiredo\\\/\"}]}<\/script>\n<!-- \/ Yoast SEO plugin. -->","yoast_head_json":{"title":"Somos sim\u00e9tricos? Como conviver com as assimetrias faciais","description":"O rosto ligeiramente assim\u00e9trico \u00e9 visto como mais atraente. Mas o envelhecimento acentua a assimetria facial. Veja como a medicina est\u00e9tica pode ajudar","robots":{"index":"index","follow":"follow","max-snippet":"max-snippet:-1","max-image-preview":"max-image-preview:large","max-video-preview":"max-video-preview:-1"},"canonical":"https:\/\/www.cuidardocorpo.com\/blog\/como-conviver-com-as-assimetrias-faciais\/","twitter_misc":{"Escrito por":"Dr. Vitor Figueiredo","Tempo estimado de leitura":"2 minutos"},"schema":{"@context":"https:\/\/schema.org","@graph":[{"@type":"Article","@id":"https:\/\/www.cuidardocorpo.com\/blog\/como-conviver-com-as-assimetrias-faciais\/#article","isPartOf":{"@id":"https:\/\/www.cuidardocorpo.com\/blog\/como-conviver-com-as-assimetrias-faciais\/"},"author":{"name":"Dr. Vitor Figueiredo","@id":"https:\/\/www.cuidardocorpo.com\/blog\/#\/schema\/person\/d344d458091e92c674e17482d140333d"},"headline":"Somos sim\u00e9tricos? Como conviver com a assimetria facial","datePublished":"2013-10-14T15:09:53+00:00","dateModified":"2019-11-25T12:31:17+00:00","mainEntityOfPage":{"@id":"https:\/\/www.cuidardocorpo.com\/blog\/como-conviver-com-as-assimetrias-faciais\/"},"wordCount":474,"publisher":{"@id":"https:\/\/www.cuidardocorpo.com\/blog\/#organization"},"image":{"@id":"https:\/\/www.cuidardocorpo.com\/blog\/como-conviver-com-as-assimetrias-faciais\/#primaryimage"},"thumbnailUrl":"https:\/\/www.cuidardocorpo.com\/blog\/wp-content\/uploads\/assimetrias.png","keywords":["peeling m\u00e9dio","peeling profundo","peeling qu\u00edmico","peeling superficial","rejuvenescimento"],"articleSection":["Outros"],"inLanguage":"pt-PT"},{"@type":"WebPage","@id":"https:\/\/www.cuidardocorpo.com\/blog\/como-conviver-com-as-assimetrias-faciais\/","url":"https:\/\/www.cuidardocorpo.com\/blog\/como-conviver-com-as-assimetrias-faciais\/","name":"Somos sim\u00e9tricos? Como conviver com as assimetrias faciais","isPartOf":{"@id":"https:\/\/www.cuidardocorpo.com\/blog\/#website"},"primaryImageOfPage":{"@id":"https:\/\/www.cuidardocorpo.com\/blog\/como-conviver-com-as-assimetrias-faciais\/#primaryimage"},"image":{"@id":"https:\/\/www.cuidardocorpo.com\/blog\/como-conviver-com-as-assimetrias-faciais\/#primaryimage"},"thumbnailUrl":"https:\/\/www.cuidardocorpo.com\/blog\/wp-content\/uploads\/assimetrias.png","datePublished":"2013-10-14T15:09:53+00:00","dateModified":"2019-11-25T12:31:17+00:00","description":"O rosto ligeiramente assim\u00e9trico \u00e9 visto como mais atraente. Mas o envelhecimento acentua a assimetria facial. Veja como a medicina est\u00e9tica pode ajudar","breadcrumb":{"@id":"https:\/\/www.cuidardocorpo.com\/blog\/como-conviver-com-as-assimetrias-faciais\/#breadcrumb"},"inLanguage":"pt-PT","potentialAction":[{"@type":"ReadAction","target":["https:\/\/www.cuidardocorpo.com\/blog\/como-conviver-com-as-assimetrias-faciais\/"]}]},{"@type":"ImageObject","inLanguage":"pt-PT","@id":"https:\/\/www.cuidardocorpo.com\/blog\/como-conviver-com-as-assimetrias-faciais\/#primaryimage","url":"https:\/\/www.cuidardocorpo.com\/blog\/wp-content\/uploads\/assimetrias.png","contentUrl":"https:\/\/www.cuidardocorpo.com\/blog\/wp-content\/uploads\/assimetrias.png"},{"@type":"BreadcrumbList","@id":"https:\/\/www.cuidardocorpo.com\/blog\/como-conviver-com-as-assimetrias-faciais\/#breadcrumb","itemListElement":[{"@type":"ListItem","position":1,"name":"In\u00edcio","item":"https:\/\/www.cuidardocorpo.com\/blog\/"},{"@type":"ListItem","position":2,"name":"Somos sim\u00e9tricos? Como conviver com a assimetria facial"}]},{"@type":"WebSite","@id":"https:\/\/www.cuidardocorpo.com\/blog\/#website","url":"https:\/\/www.cuidardocorpo.com\/blog\/","name":"Cuidar do Corpo","description":"Leia os nossos artigos e fique a saber tudo o que precisa para Cuidar do seu Corpo. Sa\u00fade e Bem-estar com informa\u00e7\u00f5es especializadas.","publisher":{"@id":"https:\/\/www.cuidardocorpo.com\/blog\/#organization"},"alternateName":"Cuidar do Corpo","potentialAction":[{"@type":"SearchAction","target":{"@type":"EntryPoint","urlTemplate":"https:\/\/www.cuidardocorpo.com\/blog\/?s={search_term_string}"},"query-input":{"@type":"PropertyValueSpecification","valueRequired":true,"valueName":"search_term_string"}}],"inLanguage":"pt-PT"},{"@type":"Organization","@id":"https:\/\/www.cuidardocorpo.com\/blog\/#organization","name":"Cuidar do Corpo","alternateName":"Cuidar do Corpo","url":"https:\/\/www.cuidardocorpo.com\/blog\/","logo":{"@type":"ImageObject","inLanguage":"pt-PT","@id":"https:\/\/www.cuidardocorpo.com\/blog\/#\/schema\/logo\/image\/","url":"https:\/\/www.cuidardocorpo.com\/blog\/wp-content\/uploads\/cropped-logo_cuidar_do_corpo.png","contentUrl":"https:\/\/www.cuidardocorpo.com\/blog\/wp-content\/uploads\/cropped-logo_cuidar_do_corpo.png","width":1140,"height":335,"caption":"Cuidar do Corpo"},"image":{"@id":"https:\/\/www.cuidardocorpo.com\/blog\/#\/schema\/logo\/image\/"}},{"@type":"Person","@id":"https:\/\/www.cuidardocorpo.com\/blog\/#\/schema\/person\/d344d458091e92c674e17482d140333d","name":"Dr. Vitor Figueiredo","image":{"@type":"ImageObject","inLanguage":"pt-PT","@id":"https:\/\/secure.gravatar.com\/avatar\/29b645135e9d0e7c996b72c630ede6c6cf4d2de15da1be05c85033cbab12e49d?s=96&d=mm&r=g","url":"https:\/\/secure.gravatar.com\/avatar\/29b645135e9d0e7c996b72c630ede6c6cf4d2de15da1be05c85033cbab12e49d?s=96&d=mm&r=g","contentUrl":"https:\/\/secure.gravatar.com\/avatar\/29b645135e9d0e7c996b72c630ede6c6cf4d2de15da1be05c85033cbab12e49d?s=96&d=mm&r=g","caption":"Dr. Vitor Figueiredo"},"description":"Licenciado em Medicina pela Universidade de Coimbra.Master em Medicina Anti-envelhecimento e Longevidade pela Universidade de Sevilha. Master em Medicina Est\u00e9tica pela Uni\u00e3o Internacional de Medicina Est\u00e9tica. P\u00f3s-gradua\u00e7\u00f5es internacionais em \u00e1reas espec\u00edficas da Medicina Est\u00e9tica. Membro de v\u00e1rias Organiza\u00e7\u00f5es Internacionais e do Advisory Board de v\u00e1rias Institui\u00e7\u00f5es da \u00e1rea da Medicina Est\u00e9tica.","url":"https:\/\/www.cuidardocorpo.com\/blog\/author\/dr-vitor-figueiredo\/"}]}},"amp_enabled":true,"_links":{"self":[{"href":"https:\/\/www.cuidardocorpo.com\/blog\/wp-json\/wp\/v2\/posts\/80","targetHints":{"allow":["GET"]}}],"collection":[{"href":"https:\/\/www.cuidardocorpo.com\/blog\/wp-json\/wp\/v2\/posts"}],"about":[{"href":"https:\/\/www.cuidardocorpo.com\/blog\/wp-json\/wp\/v2\/types\/post"}],"author":[{"embeddable":true,"href":"https:\/\/www.cuidardocorpo.com\/blog\/wp-json\/wp\/v2\/users\/17"}],"replies":[{"embeddable":true,"href":"https:\/\/www.cuidardocorpo.com\/blog\/wp-json\/wp\/v2\/comments?post=80"}],"version-history":[{"count":4,"href":"https:\/\/www.cuidardocorpo.com\/blog\/wp-json\/wp\/v2\/posts\/80\/revisions"}],"predecessor-version":[{"id":2593,"href":"https:\/\/www.cuidardocorpo.com\/blog\/wp-json\/wp\/v2\/posts\/80\/revisions\/2593"}],"wp:featuredmedia":[{"embeddable":true,"href":"https:\/\/www.cuidardocorpo.com\/blog\/wp-json\/wp\/v2\/media\/916"}],"wp:attachment":[{"href":"https:\/\/www.cuidardocorpo.com\/blog\/wp-json\/wp\/v2\/media?parent=80"}],"wp:term":[{"taxonomy":"category","embeddable":true,"href":"https:\/\/www.cuidardocorpo.com\/blog\/wp-json\/wp\/v2\/categories?post=80"},{"taxonomy":"post_tag","embeddable":true,"href":"https:\/\/www.cuidardocorpo.com\/blog\/wp-json\/wp\/v2\/tags?post=80"}],"curies":[{"name":"wp","href":"https:\/\/api.w.org\/{rel}","templated":true}]}}